{"id":7044,"date":"2020-03-18T22:52:32","date_gmt":"2020-03-18T21:52:32","guid":{"rendered":"https:\/\/stansgar.katolsk.no\/?p=7044"},"modified":"2020-03-18T22:52:32","modified_gmt":"2020-03-18T21:52:32","slug":"rozaniec-w-lacznosci-z-papiezem-franciszkiem-19-marca-godz-21-00","status":"publish","type":"post","link":"https:\/\/stansgar.katolsk.no\/?p=7044","title":{"rendered":"R\u00f3\u017caniec w \u0142\u0105czno\u015bci z papie\u017cem Franciszkiem 19 marca godz. 21.00"},"content":{"rendered":"<p><strong>R\u00f3\u017caniec w dniu Uroczysto\u015bci \u015aw. J\u00f3zefa, 19. marca godz. 21.00<\/strong><\/p>\n<p><strong>w \u0142\u0105czno\u015bci z papie\u017cem Franciszkiem i z ca\u0142ym Ko\u015bcio\u0142em na \u015bwiecie<\/strong><\/p>\n<p>&nbsp;<\/p>\n<p><span style=\"background-color: #ffcc00;\">tekst p\u00e5 norsk :<\/span>&raquo;\u00a0<span style=\"font-size: 10pt;\"><strong>ROSENKRANSB\u00d8NN P\u00c5 FESTEN TIL ST. JOSEF 19. MARS KL. 21.00<\/strong><\/span><\/p>\n<p><span style=\"font-size: 10pt;\"><strong>MED PAVE FRANS OG MED HELE KIRKEN I VERDEN&raquo; <\/strong><\/span><a href=\"https:\/\/stansgar.katolsk.no\/?p=7039\">https:\/\/stansgar.katolsk.no\/?p=7039.\u00a0<\/a><\/p>\n<p>&nbsp;<\/p>\n<p>&nbsp;<\/p>\n<p><img loading=\"lazy\" decoding=\"async\" class=\"size-medium wp-image-7040 aligncenter\" src=\"https:\/\/stansgar.katolsk.no\/wp-content\/uploads\/2020\/03\/rosenkrans-200x300.jpg\" alt=\"\" width=\"200\" height=\"300\" srcset=\"https:\/\/stansgar.katolsk.no\/wp-content\/uploads\/2020\/03\/rosenkrans-200x300.jpg 200w, https:\/\/stansgar.katolsk.no\/wp-content\/uploads\/2020\/03\/rosenkrans.jpg 569w\" sizes=\"auto, (max-width: 200px) 100vw, 200px\" \/><\/p>\n<p><em>Z po\u017cytkiem dla ca\u0142ego ludu chrze\u015bcija\u0144skiego, szczeg\u00f3lnie w tych trudnych czasach, nale\u017cy promowa\u0107 coraz g\u0142\u0119bsze nabo\u017ce\u0144stwo i cze\u015b\u0107 dla \u015bwi\u0119tego patriarchy J\u00f3zefa. Jego Czci Ko\u015bci\u00f3\u0142 jako swego prawdziwego Bo\u017cego opiekuna \u201d.<\/em> (\u015bw. Pius X, list z 2. Lutego 1908)<\/p>\n<p>&nbsp;<\/p>\n<p>Podczas ostatniej audiencji papie\u017c Franciszek zaprosi\u0142 wszystkich do duchowego zjednoczenia<br \/>\nw modlitwie r\u00f3\u017ca\u0144cowej w \u015bwi\u0119to \u015aw. J\u00f3zefa o godz. 21.00, rozwa\u017caj\u0105c tajemnice \u015bwiat\u0142a. Papie\u017c m\u00f3wi\u0142 \u201cMaryja, Bo\u017ca Matka, prowadzi nas do l\u015bnjasnej jasno\u015bci\u0105 postaci Jezusa i do Jego Serca.<\/p>\n<p>Odmawiamy R\u00f3\u017caniec, zwracaj\u0105c si\u0119 do \u015awi\u0119tego J\u00f3zefa, Opiekuna \u015awi\u0119tej Rodziny i Opiekuna Ko\u015bcio\u0142a. Prosimy \u015bw. J\u00f3zefa, aby chroni\u0142 zw\u0142aszcza nasze rodziny, chorych i tych, kt\u00f3rzy opiekuj\u0105 si\u0119 chorymi: lekarzy, piel\u0119gniarki, ochotnik\u00f3w, kt\u00f3rzy podejmuj\u0105 ryzyko w tej s\u0142u\u017cbie \u201d.<\/p>\n<p>Rozwa\u017camy tajemnice \u015bwiat\u0142a. Jezus jest \u015bwiat\u0142o\u015bci\u0105 \u015bwiata \u201d(Ew. Jana 8:12). B\u0119dziemy pod\u0105\u017ca\u0107 za Nim jak uczniowie, wiedz\u0105c, co On m\u00f3wi\u0142 \u201ekto idzie za Mn\u0105, nie b\u0119dzie chodzi\u0142 w ciemno\u015bci, ale b\u0119dzie mia\u0142 \u015bwiat\u0142o \u017cycia\u201d (Ew. Jana 8:12). Zaproszenie Papie\u017ca staje si\u0119 motywacj\u0105 oraz wsparciem w tym trudnym dla nas czasie. Modlimy si\u0119 o mi\u0142osierdzie Ojca, aby uwolni\u0142 nas od tej pandemii.<\/p>\n<p><img loading=\"lazy\" decoding=\"async\" class=\"size-medium wp-image-7041 aligncenter\" src=\"https:\/\/stansgar.katolsk.no\/wp-content\/uploads\/2020\/03\/rosenkrans2-300x188.jpg\" alt=\"\" width=\"300\" height=\"188\" srcset=\"https:\/\/stansgar.katolsk.no\/wp-content\/uploads\/2020\/03\/rosenkrans2-300x188.jpg 300w, https:\/\/stansgar.katolsk.no\/wp-content\/uploads\/2020\/03\/rosenkrans2-768x482.jpg 768w, https:\/\/stansgar.katolsk.no\/wp-content\/uploads\/2020\/03\/rosenkrans2.jpg 900w\" sizes=\"auto, (max-width: 300px) 100vw, 300px\" \/><\/p>\n<p>&nbsp;<\/p>\n<p style=\"text-align: left;\"><strong>W imi\u0119 Ojca i Syna i Ducha \u015awi\u0119tego<\/strong><\/p>\n<p>Amen<\/p>\n<p><strong>Bo\u017ce, wejrzyj ku wspomo\u017ceniu memu,<\/strong><\/p>\n<p>Panie, po\u015bpiesz ku ratunkowi memu<\/p>\n<p>&nbsp;<\/p>\n<p><strong>Chwa\u0142a Ojcu i Synowi i Duchowi \u015awi\u0119temu<\/strong><\/p>\n<p>Jak by\u0142a na pocz\u0105tku, teraz i zawsze i na wieki, wiek\u00f3w<\/p>\n<p>Amen.<\/p>\n<p>&nbsp;<\/p>\n<p><em>Hymn do Ducha \u015awi\u0119tego\u00a0<\/em><\/p>\n<p><em>O Stworzycielu, Duchu, przyjd\u017a,<\/em><\/p>\n<p><em>Nawied\u017a dusz wiernych Tobie kr\u0105g.<\/em><\/p>\n<p><em>Niebiesk\u0105 \u0142ask\u0119 zes\u0142a\u0107 racz<\/em><\/p>\n<p><em>Sercom, co dzie\u0142em s\u0105 Twych r\u0105k.<\/em><\/p>\n<p><em>\u00a0<\/em><\/p>\n<p><em>Pocieszycielem jeste\u015b zwan<\/em><\/p>\n<p><em>I najwy\u017cszego Boga dar.<\/em><\/p>\n<p><em>Ty\u015b namaszczeniem naszych dusz,<\/em><\/p>\n<p><em>Zdr\u00f3j \u017cywy, mi\u0142o\u015b\u0107, ognia \u017car.<\/em><\/p>\n<p><em>\u00a0<\/em><\/p>\n<p><em>Ty darzysz \u0142ask\u0105 siedemkro\u0107,<\/em><\/p>\n<p><em>Bo moc z prawicy Ojca masz,<\/em><\/p>\n<p><em>Przez Boga obiecany nam,<\/em><\/p>\n<p><em>Mow\u0105 wzbogacasz j\u0119zyk nasz.<\/em><\/p>\n<p><em>\u00a0<\/em><\/p>\n<p><em>\u015awiat\u0142em rozja\u015bnij nasz\u0105 my\u015bl,<\/em><\/p>\n<p><em>W serca nam mi\u0142o\u015b\u0107 \u015bwi\u0119t\u0105 wlej<\/em><\/p>\n<p><em>I w\u0105t\u0142\u0105 s\u0142abo\u015b\u0107 naszych cia\u0142<\/em><\/p>\n<p><em>Pokrzep sta\u0142o\u015bci\u0105 mocy Twej.<\/em><\/p>\n<p><em>\u00a0<\/em><\/p>\n<p><em>Nieprzyjaciela odp\u0119d\u017a w dal<\/em><\/p>\n<p><em>I Twym pokojem obdarz wraz.<\/em><\/p>\n<p><em>Niech w drodze za przewodem Twym<\/em><\/p>\n<p><em>Miniemy z\u0142o, co kusi nas.<\/em><\/p>\n<p><em>\u00a0<\/em><\/p>\n<p><em>Daj nam przez Ciebie Ojca zna\u0107,<\/em><\/p>\n<p><em>Daj, by i Syn poznany by\u0142.<\/em><\/p>\n<p><em>I Ciebie, jedno tchnienie Dw\u00f3ch,<\/em><\/p>\n<p><em>Niech wyznajemy z wszystkich si\u0142.<\/em><\/p>\n<p><em>\u00a0<\/em><\/p>\n<p><em>Niech Bogu Ojcu chwa\u0142a brzmi,<\/em><\/p>\n<p><em>Synowi, kt\u00f3ry zmartwychwsta\u0142,<\/em><\/p>\n<p><em>I Temu, co pociesza nas,<\/em><\/p>\n<p><em>Niech ho\u0142d wieczystych p\u0142ynie chwa\u0142. Amen.<\/em><\/p>\n<p>&nbsp;<\/p>\n<p><strong>Wyznanie Wiary (Sk\u0142ad Apostolski)<\/strong><\/p>\n<p>&nbsp;<\/p>\n<p><strong>Wierz\u0119 w\u00a0Boga<\/strong>: Wierz\u0119 w\u00a0Boga, Ojca Wszechmog\u0105cego, Stworzyciela nieba i\u00a0ziemi. I\u00a0w Jezusa Chrystusa, Syna Jego Jedynego, Pana Naszego, kt\u00f3ry si\u0119 pocz\u0105\u0142 z\u00a0Ducha \u015awi\u0119tego, narodzi\u0142 si\u0119 z\u00a0Maryi Panny. Um\u0119czon pod Ponckim Pi\u0142atem ukrzy\u017cowan, umar\u0142 i\u00a0pogrzebion. Zst\u0105pi\u0142 do piekie\u0142. Trzeciego dnia zmartwychwsta\u0142; wst\u0105pi\u0142 na niebiosa, siedzi po prawicy Boga, Ojca wszechmog\u0105cego. Stamt\u0105d przyjdzie s\u0105dzi\u0107 \u017cywych i\u00a0umar\u0142ych. Wierz\u0119 w\u00a0Ducha \u015awi\u0119tego, \u015bwi\u0119ty Ko\u015bci\u00f3\u0142 powszechny, \u015bwi\u0119tych obcowanie, grzech\u00f3w odpuszczenie, cia\u0142a zmartwychwstanie, \u017cywot wieczny. Amen.<\/p>\n<p><strong>\u00a0<\/strong><\/p>\n<p><strong>Ojcze nasz<\/strong>: Ojcze nasz, kt\u00f3ry\u015b jest w\u00a0niebie, \u015bwi\u0119\u0107 si\u0119 imi\u0119 Twoje; przyjd\u017a kr\u00f3lestwo Twoje; b\u0105d\u017a wola Twoja jako w\u00a0niebie, tak i\u00a0na ziemi. Chleba naszego powszedniego daj nam dzisiaj; i\u00a0odpu\u015b\u0107 nam nasze winy, jako i\u00a0my odpuszczamy naszym winowajcom; i\u00a0nie w\u00f3d\u017a nas na pokuszeni, ale nas zbaw ode Z\u0142ego. Amen.<\/p>\n<p>3x\u00a0<strong>Zdrowa\u015b Maryjo (O wiar\u0119, nadziej\u0119 i mi\u0142o\u015b\u0107)<\/strong>: Zdrowa\u015b Maryjo, \u0142aski pe\u0142na, Pan z\u00a0Tob\u0105, b\u0142ogos\u0142awiona\u015b Ty mi\u0119dzy niewiastami i\u00a0b\u0142ogos\u0142awiony owoc \u017cywota Twojego, Jezus. \u015awi\u0119ta Maryjo, Matko Bo\u017ca, m\u00f3dl si\u0119 za nami grzesznymi teraz i\u00a0w godzin\u0119 \u015bmierci naszej. Amen.<\/p>\n<p><strong>Chwa\u0142a Ojcu<\/strong>: Chwa\u0142a Ojcu i\u00a0Synowi, i\u00a0Duchowi \u015awi\u0119temu. Jak by\u0142a na pocz\u0105tku, teraz i\u00a0zawsze, i\u00a0na wieki wiek\u00f3w. Amen.<\/p>\n<p><strong>\u00a0<\/strong><\/p>\n<p><strong>\u00a0<\/strong><\/p>\n<p><strong>\u00a0<\/strong><\/p>\n<ol>\n<li><strong>CHRZEST PANA JEZUSA W JORDANIE<\/strong><\/li>\n<\/ol>\n<p><em>Wtedy przyszed\u0142 Jezus z Galilei nad Jordan do Jana, \u017ceby przyj\u0105\u0107 chrzest od niego. Lecz Jan powstrzymywa\u0142 Go, m\u00f3wi\u0105c: \u00abTo ja potrzebuj\u0119 chrztu od Ciebie, a Ty przychodzisz do mnie?\u00bb Jezus mu odpowiedzia\u0142: \u00abPozw\u00f3\u0142 teraz, bo tak godzi si\u0119 nam wype\u0142ni\u0107 wszystko, co sprawiedliwe\u00bb. Wtedy Mu ust\u0105pi\u0142. A gdy Jezus zosta\u0142 ochrzczony, natychmiast wyszed\u0142 z wody. A oto otworzy\u0142y Mu si\u0119 niebiosa i ujrza\u0142 Ducha Bo\u017cego zst\u0119puj\u0105cego jak go\u0142\u0119bic\u0119 i przychodz\u0105cego na Niego. A glos z nieba m\u00f3wi\u0142: \u00abTen jest m\u00f3j Syn umi\u0142owany, w kt\u00f3rym mam upodobanie\u00bb.<\/em><\/p>\n<p>(Mt 3, 13-17)<\/p>\n<p><em>\u00a0<\/em><em>Modlimy si\u0119 za wszystkie rodziny w naszym kraju I ca\u0142ym \u015bwiecie. Modlimy si\u0119 za babcie i dziadka I wszystkich starszych, za rodzic\u00f3w, m\u0142odzie\u017c i dzieci<\/em><\/p>\n<p>&nbsp;<\/p>\n<p>Dziesi\u0105tka R\u00f3\u017canca (1xOjcze Nasz, 10xZdrowa\u015b Maryjo, 1xChwa\u0142a Ojcu)<\/p>\n<p>&nbsp;<\/p>\n<p>Modlitwa fatimska: O\u00a0m\u00f3j Jezu, przebacz nam nasze grzechy, zachowaj nas od ognia piekielnego. Zaprowad\u017a wszystkie dusze do nieba i\u00a0dopom\u00f3\u017c szczeg\u00f3lnie tym, kt\u00f3rzy najbardziej potrzebuj\u0105 Twojego mi\u0142osierdzia.<\/p>\n<p>&nbsp;<\/p>\n<p>&nbsp;<\/p>\n<ol start=\"2\">\n<li><strong><em>Jezus Objawia siebie na weselu w Kanie Galilejskiej (J 2,1-10)<\/em><\/strong><\/li>\n<\/ol>\n<p><em>W Kanie Galilejskiej odbywa\u0142o si\u0119 wesele i by\u0142a tam matka Jezusa. Zaproszono na to wesele tak\u017ce Jezusa i Jego uczni\u00f3w. A kiedy zabrak\u0142o wina, matka Jezusa m\u00f3wi do Niego: \u201eNie maj\u0105 ju\u017c wina\u201d.<br \/>\nJezus jej odpowiedzia\u0142: \u201eCzy\u017c to moja lub twoja sprawa, niewiasto? Czy\u017c jeszcze nie nadesz\u0142a moja godzina?\u201d.<br \/>\nWtedy matka Jego powiedzia\u0142a do s\u0142ug: \u201eZr\u00f3bcie wszystko, cokolwiek wam powie\u201d.<br \/>\nSta\u0142o za\u015b tam sze\u015b\u0107 st\u0105gwi kamiennych przeznaczonych do \u017cydowskich oczyszcze\u0144, z kt\u00f3rych ka\u017cda mog\u0142a pomie\u015bci\u0107 dwie lub trzy miary.<\/em><\/p>\n<p><em>Rzek\u0142 do nich Jezus: \u201eNape\u0142nijcie st\u0105gwie wod\u0119\u201d. I nape\u0142nili je a\u017c po brzegi.<br \/>\nPotem do nich powiedzia\u0142: \u201eZaczerpnijcie teraz i zanie\u015bcie staro\u015bcie weselnemu\u201d. Oni za\u015b zanie\u015bli.<br \/>\nA gdy starosta weselny skosztowa\u0142 wody, kt\u00f3ra sta\u0142a si\u0119 winem \u2014 nie wiedzia\u0142 bowiem, sk\u0105d ono pochodzi, ale s\u0142udzy, kt\u00f3rzy czerpali wod\u0119, wiedzieli \u2014 przywo\u0142a\u0142 pana m\u0142odego i powiedzia\u0142 do niego: \u201eKa\u017cdy cz\u0142owiek stawia najpierw dobre wino, a gdy si\u0119 napij\u0105, w\u00f3wczas gorsze. Ty zachowa\u0142e\u015b dobre wino a\u017c do tej pory\u201d.<br \/>\nTaki to pocz\u0105tek znak\u00f3w uczyni\u0142 Jezus w Kanie Galilejskiej. Objawi\u0142 swoj\u0105 chwa\u0142\u0119 i uwierzyli w Niego jego uczniowie.<\/em><\/p>\n<p><em>Modlimy si\u0119 za tych, kt\u00f3rzy opiekuj\u0105 si\u0119 chorymi, za lekarzy, piel\u0119gniarki, za tych, kt\u00f3rzy pracuj\u0105 w s\u0142u\u017cbie zdrowia<\/em><\/p>\n<p>&nbsp;<\/p>\n<p>Dziesi\u0105tka R\u00f3\u017canca (1xOjcze Nasz, 10xZdrowa\u015b Maryjo, 1xChwa\u0142a Ojcu)<\/p>\n<p>&nbsp;<\/p>\n<p>Modlitwa fatimska: O\u00a0m\u00f3j Jezu, przebacz nam nasze grzechy, zachowaj nas od ognia piekielnego. Zaprowad\u017a wszystkie dusze do nieba i\u00a0dopom\u00f3\u017c szczeg\u00f3lnie tym, kt\u00f3rzy najbardziej potrzebuj\u0105 Twojego mi\u0142osierdzia.<\/p>\n<p>&nbsp;<\/p>\n<ol start=\"3\">\n<li><strong>Jezus g\u0142osi kr\u00f3lestwo Bo\u017ce i wzywa do nawr\u00f3cenia (Mark 1,14-15)<\/strong><\/li>\n<\/ol>\n<p><em>Kiedy Jan zosta\u0142 uwi\u0119ziony, przyszed\u0142 Jezus z Galilei i g\u0142osi\u0142 Ewangeli\u0119 Bo\u017c\u0105 i m\u00f3wi\u0142: \u201cCzas si\u0119 wype\u0142ni\u0142, bliskie jest kr\u00f3lestwo Bo\u017ce. Nawracajcie si\u0119 i wierzcie w Ewangeli\u0119\u201d<\/em><\/p>\n<p>&nbsp;<\/p>\n<p><em>Modlimy si\u0119 naszych chorych bli\u017anich, szczeg\u00f3lnie tych dotkni\u0119tych koronawirusem oraz ich rodziny. M\u00f3dlmy si\u0119 za samotnych i uwi\u0119zionych.<\/em><\/p>\n<p>&nbsp;<\/p>\n<p>Dziesi\u0105tka R\u00f3\u017canca (1xOjcze Nasz, 10xZdrowa\u015b Maryjo, 1xChwa\u0142a Ojcu)<\/p>\n<p>&nbsp;<\/p>\n<p>Modlitwa fatimska: O\u00a0m\u00f3j Jezu, przebacz nam nasze grzechy, zachowaj nas od ognia piekielnego. Zaprowad\u017a wszystkie dusze do nieba i\u00a0dopom\u00f3\u017c szczeg\u00f3lnie tym, kt\u00f3rzy najbardziej potrzebuj\u0105 Twojego mi\u0142osierdzia.<\/p>\n<p>&nbsp;<\/p>\n<ol start=\"4\">\n<li><strong><em>Przemienienie Jezusa*<\/em><\/strong><\/li>\n<\/ol>\n<p><em><sup>\u00a0<\/sup><\/em><em>W jakie\u015b osiem dni po tych mowach wzi\u0105\u0142 z sob\u0105 Piotra, Jana i Jakuba i wyszed\u0142 na g\u00f3r\u0119, aby si\u0119 modli\u0107.<sup>\u00a0<\/sup>Gdy si\u0119 modli\u0142, wygl\u0105d Jego twarzy si\u0119 odmieni\u0142, a Jego odzienie sta\u0142o si\u0119 l\u015bni\u0105co bia\u0142e.<sup>\u00a0\u00a0<\/sup>A oto dw\u00f3ch m\u0119\u017c\u00f3w rozmawia\u0142o z Nim. Byli to Moj\u017cesz i Eliasz.<sup>\u00a0\u00a0<\/sup>Ukazali si\u0119 oni w chwale i m\u00f3wili o Jego odej\u015bciu, kt\u00f3rego mia\u0142 dokona\u0107 w Jerozolimie.<sup>\u00a0\u00a0<\/sup>Tymczasem Piotr i towarzysze snem byli zmorzeni. Gdy si\u0119 ockn\u0119li, ujrzeli Jego chwa\u0142\u0119 i obydw\u00f3ch m\u0119\u017c\u00f3w, stoj\u0105cych przy Nim.<sup>\u00a0\u00a0<\/sup>Gdy oni odchodzili od Niego, Piotr rzek\u0142 do Jezusa: \u00abMistrzu, dobrze, \u017ce tu jeste\u015bmy. Postawimy trzy namioty: jeden dla Ciebie, jeden dla Moj\u017cesza i jeden dla Eliasza\u00bb. Nie wiedzia\u0142 bowiem, co m\u00f3wi.<sup>\u00a0\u00a0<\/sup>Gdy jeszcze to m\u00f3wi\u0142, zjawi\u0142 si\u0119 ob\u0142ok i os\u0142oni\u0142 ich; zl\u0119kli si\u0119, gdy [tamci] weszli w ob\u0142ok.<sup>\u00a0\u00a0<\/sup>A z ob\u0142oku odezwa\u0142 si\u0119 g\u0142os: \u00abTo jest Syn m\u00f3j, Wybrany, Jego s\u0142uchajcie!\u00bb<sup>\u00a0\u00a0<\/sup>W chwili, gdy odezwa\u0142 si\u0119 ten g\u0142os, Jezus znalaz\u0142 si\u0119 sam. A oni zachowali milczenie i w owym czasie nikomu nic nie oznajmiali o tym, co widzieli<\/em><\/p>\n<p>&nbsp;<\/p>\n<p><em>Modlimy si\u0119 za nasze w\u0142adze i podejmuj\u0105cych decyzje dla dobra naszego kraju. M\u00f3dlmy si\u0119 za naukowc\u00f3w<\/em><\/p>\n<p>Dziesi\u0105tka R\u00f3\u017canca (1xOjcze Nasz, 10xZdrowa\u015b Maryjo, 1xChwa\u0142a Ojcu)<\/p>\n<p>&nbsp;<\/p>\n<p>Modlitwa fatimska: O\u00a0m\u00f3j Jezu, przebacz nam nasze grzechy, zachowaj nas od ognia piekielnego. Zaprowad\u017a wszystkie dusze do nieba i\u00a0dopom\u00f3\u017c szczeg\u00f3lnie tym, kt\u00f3rzy najbardziej potrzebuj\u0105 Twojego mi\u0142osierdzia.<\/p>\n<p>&nbsp;<\/p>\n<p>&nbsp;<\/p>\n<p>&nbsp;<\/p>\n<ol start=\"5\">\n<li><strong>USTANOWIENIE EUCHARYSTII<\/strong><\/li>\n<\/ol>\n<p><em>A gdy oni jedli, Jezus wzi\u0105\u0142 chleb i odm\u00f3wiwszy b\u0142ogos\u0142awie\u0144stwo, po\u0142ama\u0142 i da\u0142 uczniom, m\u00f3wi\u0105c: \u00abBierzcie i jedzcie, to jest Cia\u0142o moje\u00bb. Nast\u0119pnie wzi\u0105\u0142 kielich i odm\u00f3wiwszy dzi\u0119kczynienie, da\u0142 im, m\u00f3wi\u0105c: \u00abPijcie z niego wszyscy, bo to jest moja Krew Przymierza, kt\u00f3ra za wielu b\u0119dzie wylana na odpuszczenie grzech\u00f3w. Lecz powiadam wam: Odt\u0105d nie b\u0119d\u0119 ju\u017c pi\u0142 z tego owocu winnego krzewu a\u017c do owego dnia, kiedy pi\u0107 go b\u0119d\u0119 z wami nowy, w kr\u00f3lestwie Ojca mojego\u00bb.<\/em><\/p>\n<p>&nbsp;<\/p>\n<p>&nbsp;<\/p>\n<p><em>M\u00f3dlmy si\u0119 za papie\u017ca Franciszka, biskupa Bernda, wszystkich biskup\u00f3w, ksi\u0119\u017cy i diakon\u00f3w.<\/em><\/p>\n<p><em>M\u00f3dlmy si\u0119 za ca\u0142y Ko\u015bci\u00f3\u0142, wszystkich chrze\u015bcijan i ludzi dobrej woli<\/em><\/p>\n<p>&nbsp;<\/p>\n<p>&nbsp;<\/p>\n<p>Dziesi\u0105tka R\u00f3\u017canca (1xOjcze Nasz, 10xZdrowa\u015b Maryjo, 1xChwa\u0142a Ojcu)<\/p>\n<p>&nbsp;<\/p>\n<p>Modlitwa fatimska: O\u00a0m\u00f3j Jezu, przebacz nam nasze grzechy, zachowaj nas od ognia piekielnego. Zaprowad\u017a wszystkie dusze do nieba i\u00a0dopom\u00f3\u017c szczeg\u00f3lnie tym, kt\u00f3rzy najbardziej potrzebuj\u0105 Twojego mi\u0142osierdzia.<\/p>\n<p>&nbsp;<\/p>\n<p><em>Maryjo, Ty ja\u015bniejesz zawsze na naszej drodze jako znak zbawienia i nadziei. Zawierzamy si\u0119 Tobie, Uzdrowienie chorych, Tobie, kt\u00f3ra pod krzy\u017cem towarzyszy\u0142a\u015b cierpieniu Jezusa, zachowuj\u0105c niewzruszon\u0105 wiar\u0119. Ty, Zbawienie ludu rzymskiego, wiesz czego potrzebujemy i jeste\u015bmy pewni, \u017ce zatroszczysz si\u0119 o to aby, tak jak w Kanie Galilejskiej, mog\u0142y powr\u00f3ci\u0107 rado\u015b\u0107 i \u015bwi\u0119to, po tym czasie pr\u00f3by. Dopom\u00f3\u017c nam, Matko Bo\u017cej Mi\u0142o\u015bci, przylgn\u0105\u0107 do woli Ojca i uczyni\u0107 to, co powie nam Jezus, kt\u00f3ry wzi\u0105\u0142 na siebie nasze cierpienia, aby zaprowadzi\u0107 nas, poprzez krzy\u017c do rado\u015bci zmartwychwstania. Amen.<\/em><\/p>\n<p>&nbsp;<\/p>\n<p>&nbsp;<\/p>\n<p>&nbsp;<\/p>\n<p>Litania do \u015awi\u0119tego J\u00f3zefa<\/p>\n<p>&nbsp;<\/p>\n<p>Kyrie eleison, Chryste eleison, Kyrie eleison.<\/p>\n<p>Chryste, us\u0142ysz nas. Chryste, wys\u0142uchaj nas.<\/p>\n<p>Ojcze z nieba, Bo\u017ce, \u00a0<em>zmi\u0142uj si\u0119 nad nami<\/em>.<\/p>\n<p>Synu Odkupicielu \u015bwiata, Bo\u017ce, \u00a0<em>zmi\u0142uj si\u0119 nad nami<\/em>.<\/p>\n<p>Duchu \u015awi\u0119ty, Bo\u017ce, \u00a0<em>zmi\u0142uj si\u0119 nad nami<\/em>.<\/p>\n<p>\u015awi\u0119ta Tr\u00f3jco, jedyny Bo\u017ce, \u00a0<em>zmi\u0142uj si\u0119 nad nami<\/em>.<\/p>\n<p>&nbsp;<\/p>\n<p>\u015awi\u0119ta Maryjo, \u00a0<em>m\u00f3dl si\u0119 za nami<\/em>.<\/p>\n<p>\u015awi\u0119ty J\u00f3zefie, \u00a0<em>m\u00f3dl si\u0119 za nami<\/em>.<\/p>\n<p>Przes\u0142awny Potomku Dawida, \u00a0<em>m\u00f3dl si\u0119 za nami<\/em>.<\/p>\n<p>\u015awiat\u0142o Patriarch\u00f3w, \u00a0<em>m\u00f3dl si\u0119 za nami<\/em>.<\/p>\n<p>Oblubie\u0144cze Bogarodzicy, \u00a0<em>m\u00f3dl si\u0119 za nami<\/em>.<\/p>\n<p>Przeczysty Str\u00f3\u017cu Dziewicy, \u00a0<em>m\u00f3dl si\u0119 za nami<\/em>.<\/p>\n<p>\u017bywicielu Syna Bo\u017cego, \u00a0<em>m\u00f3dl si\u0119 za nami<\/em>.<\/p>\n<p>Troskliwy Obro\u0144co Chrystusa, \u00a0<em>m\u00f3dl si\u0119 za nami<\/em>.<\/p>\n<p>G\u0142owo Naj\u015bwi\u0119tszej Rodziny, \u00a0<em>m\u00f3dl si\u0119 za nami<\/em>.<\/p>\n<p>J\u00f3zefie najsprawiedliwszy, \u00a0<em>m\u00f3dl si\u0119 za nami<\/em>.<\/p>\n<p>J\u00f3zefie najczystszy, \u00a0<em>m\u00f3dl si\u0119 za nami<\/em>.<\/p>\n<p>J\u00f3zefie najroztropniejszy, \u00a0<em>m\u00f3dl si\u0119 za nami<\/em>.<\/p>\n<p>J\u00f3zefie najm\u0119\u017cniejszy, \u00a0<em>m\u00f3dl si\u0119 za nami<\/em>.<\/p>\n<p>J\u00f3zefie najpos\u0142uszniejszy, \u00a0<em>m\u00f3dl si\u0119 za nami<\/em>.<\/p>\n<p>J\u00f3zefie najwierniejszy, \u00a0<em>m\u00f3dl si\u0119 za nami<\/em>.<\/p>\n<p>Zwierciad\u0142o cierpliwo\u015bci, \u00a0<em>m\u00f3dl si\u0119 za nami<\/em>.<\/p>\n<p>Mi\u0142o\u015bniku ub\u00f3stwa, \u00a0<em>m\u00f3dl si\u0119 za nami<\/em>.<\/p>\n<p>Wzorze pracuj\u0105cych, \u00a0<em>m\u00f3dl si\u0119 za nami<\/em>.<\/p>\n<p>Ozdobo \u017cycia rodzinnego, \u00a0<em>m\u00f3dl si\u0119 za nami<\/em>.<\/p>\n<p>Opiekunie dziewic, \u00a0<em>m\u00f3dl si\u0119 za nami<\/em>.<\/p>\n<p>Podporo rodzin, \u00a0<em>m\u00f3dl si\u0119 za nami<\/em>.<\/p>\n<p>Pociecho nieszcz\u0119\u015bliwych, \u00a0<em>m\u00f3dl si\u0119 za nami<\/em>.<\/p>\n<p>Nadziejo chorych, \u00a0<em>m\u00f3dl si\u0119 za nami<\/em>.<\/p>\n<p>Patronie umieraj\u0105cych, \u00a0<em>m\u00f3dl si\u0119 za nami<\/em>.<\/p>\n<p>Postrachu duch\u00f3w piekielnych, \u00a0<em>m\u00f3dl si\u0119 za nami<\/em>.<\/p>\n<p>Opiekunie Ko\u015bcio\u0142a \u015awi\u0119tego, \u00a0<em>m\u00f3dl si\u0119 za nami<\/em>.<\/p>\n<p>&nbsp;<\/p>\n<p>Baranku Bo\u017cy, kt\u00f3ry g\u0142adzisz grzechy \u015bwiata, \u00a0<em>przepu\u015b\u0107 nam, Panie<\/em>.<\/p>\n<p>Baranku Bo\u017cy, kt\u00f3ry g\u0142adzisz grzechy \u015bwiata, \u00a0<em>wys\u0142uchaj nas, Panie<\/em>.<\/p>\n<p>Baranku Bo\u017cy, kt\u00f3ry g\u0142adzisz grzechy \u015bwiata, \u00a0<em>zmi\u0142uj si\u0119 nad nami<\/em>.<\/p>\n<p>&nbsp;<\/p>\n<p>P.:\u00a0Ustanowi\u0142 Go panem domu swego.<\/p>\n<p>W.:\u00a0I zarz\u0105dc\u0105 wszystkich posiad\u0142o\u015bci swoich.<\/p>\n<p>P.:\u00a0<em>M\u00f3dlmy si\u0119:<\/em><\/p>\n<p>Bo\u017ce, Ty w niewys\u0142owionej Opatrzno\u015bci wybra\u0142e\u015b \u015awi\u0119tego J\u00f3zefa na Oblubie\u0144ca Naj\u015bwi\u0119tszej Rodzicielki Twojego Syna, spraw, aby\u015bmy oddaj\u0105c Mu na ziemi cze\u015b\u0107 jako opiekunowi, zas\u0142u\u017cyli na Jego or\u0119downictwo w niebie. Przez Chrystusa Pana Naszego.<\/p>\n<p>W.:\u00a0Amen.<\/p>\n<p>&nbsp;<\/p>\n<table>\n<tbody>\n<tr>\n<td>Witaj Kr\u00f3lowo<\/p>\n<p>Witaj, Kr\u00f3lowo, Matko mi\u0142osierdzia, \u017cycia, s\u0142odyczy i nadziejo nasza, witaj! Do Ciebie wo\u0142amy wygna\u0144cy, synowie Ewy; do Ciebie wzdychamy j\u0119cz\u0105c i p\u0142acz\u0105c na tym \u0142ez padole. Przeto, Or\u0119downiczko nasza, one mi\u0142osierne oczy Twoje na nas zwr\u00f3\u0107, a Jezusa, b\u0142ogos\u0142awiony owoc \u017cywota Twojego, po tym wygnaniu nam oka\u017c. O \u0142askawa, o lito\u015bciwa, o s\u0142odka Panno Maryjo!<\/td>\n<\/tr>\n<\/tbody>\n<\/table>\n","protected":false},"excerpt":{"rendered":"<p>R\u00f3\u017caniec w dniu Uroczysto\u015bci \u015aw. J\u00f3zefa, 19. marca godz. 21.00 w \u0142\u0105czno\u015bci z papie\u017cem Franciszkiem i z ca\u0142ym Ko\u015bcio\u0142em na \u015bwiecie &nbsp; tekst p\u00e5 norsk :&raquo;\u00a0ROSENKRANSB\u00d8NN P\u00c5 FESTEN TIL ST. JOSEF 19. MARS KL. 21.00 MED PAVE FRANS OG MED&#8230;<br \/><a class=\"read-more-button\" href=\"https:\/\/stansgar.katolsk.no\/?p=7044\">Read more<\/a><\/p>\n","protected":false},"author":5,"featured_media":0,"comment_status":"open","ping_status":"open","sticky":false,"template":"","format":"standard","meta":{"footnotes":""},"categories":[204],"tags":[],"class_list":["post-7044","post","type-post","status-publish","format-standard","hentry","category-ukategorisert-nb"],"_links":{"self":[{"href":"https:\/\/stansgar.katolsk.no\/index.php?rest_route=\/wp\/v2\/posts\/7044","targetHints":{"allow":["GET"]}}],"collection":[{"href":"https:\/\/stansgar.katolsk.no\/index.php?rest_route=\/wp\/v2\/posts"}],"about":[{"href":"https:\/\/stansgar.katolsk.no\/index.php?rest_route=\/wp\/v2\/types\/post"}],"author":[{"embeddable":true,"href":"https:\/\/stansgar.katolsk.no\/index.php?rest_route=\/wp\/v2\/users\/5"}],"replies":[{"embeddable":true,"href":"https:\/\/stansgar.katolsk.no\/index.php?rest_route=%2Fwp%2Fv2%2Fcomments&post=7044"}],"version-history":[{"count":1,"href":"https:\/\/stansgar.katolsk.no\/index.php?rest_route=\/wp\/v2\/posts\/7044\/revisions"}],"predecessor-version":[{"id":7045,"href":"https:\/\/stansgar.katolsk.no\/index.php?rest_route=\/wp\/v2\/posts\/7044\/revisions\/7045"}],"wp:attachment":[{"href":"https:\/\/stansgar.katolsk.no\/index.php?rest_route=%2Fwp%2Fv2%2Fmedia&parent=7044"}],"wp:term":[{"taxonomy":"category","embeddable":true,"href":"https:\/\/stansgar.katolsk.no\/index.php?rest_route=%2Fwp%2Fv2%2Fcategories&post=7044"},{"taxonomy":"post_tag","embeddable":true,"href":"https:\/\/stansgar.katolsk.no\/index.php?rest_route=%2Fwp%2Fv2%2Ftags&post=7044"}],"curies":[{"name":"wp","href":"https:\/\/api.w.org\/{rel}","templated":true}]}}