{"id":7039,"date":"2020-03-18T22:43:30","date_gmt":"2020-03-18T21:43:30","guid":{"rendered":"https:\/\/stansgar.katolsk.no\/?p=7039"},"modified":"2020-03-19T09:39:48","modified_gmt":"2020-03-19T08:39:48","slug":"rosenkransbonn-med-pave-frans-19-mars-kl-21-00","status":"publish","type":"post","link":"https:\/\/stansgar.katolsk.no\/?p=7039","title":{"rendered":"BE ROSENKRANSB\u00d8NN SAMMEN MED PAVE FRANS  19 MARS KL. 21.00"},"content":{"rendered":"<p><strong>ROSENKRANSB\u00d8NN P\u00c5 FESTEN TIL ST. JOSEF 19. MARS KL. 21.00<\/strong><\/p>\n<p><strong>MED PAVE FRANS OG MED HELE KIRKEN I VERDEN<\/strong><\/p>\n<p>&nbsp;<\/p>\n<p><img loading=\"lazy\" decoding=\"async\" class=\"size-medium wp-image-7040 aligncenter\" src=\"https:\/\/stansgar.katolsk.no\/wp-content\/uploads\/2020\/03\/rosenkrans-200x300.jpg\" alt=\"\" width=\"200\" height=\"300\" srcset=\"https:\/\/stansgar.katolsk.no\/wp-content\/uploads\/2020\/03\/rosenkrans-200x300.jpg 200w, https:\/\/stansgar.katolsk.no\/wp-content\/uploads\/2020\/03\/rosenkrans.jpg 569w\" sizes=\"auto, (max-width: 200px) 100vw, 200px\" \/><\/p>\n<p><em>\u201cDet er til gavn for hele det kristne folk, ikke minst i disse vanskelige tider, \u00e5 fremme mer og mer en inderlig andakt til og \u00e6refrykt for den hellige patriark Josef. Ham \u00e6rer Kirken som sin s\u00e6rlige verge hos Gud<\/em>.\u201d<\/p>\n<p>(St. Pius X, brev av 2. februar 1908)<\/p>\n<p>&nbsp;<\/p>\n<p>I pave Frans audiens onsdag 18. mars inviterte han alle til \u00e5 forene seg \u00e5ndelig for \u00e5 be Rosenkransen med Lysets mysterier p\u00e5 festen for St. Josef kl. 21.00. Paven sa: \u201cMaria, Guds Mor f\u00f8rer oss til Jesu str\u00e5lende og forklarede skikkelse og inn i hans hjerte. Vi ber Rosenkransen ved \u00e5 rette oss mot St. Josef, den Hellige Familiens Vern og Kirkens Vern. Vi ber St. Josef om \u00e5 verne spesielt v\u00e5re familier, de rammede av koronavirus, de som pleier de syke: leger, sykepleiere og frivillige som tar risiko i denne tjeneste.\u201d<\/p>\n<p>Vi betrakter Gledes mysterier. Jesus er Verdens lys\u201d (John 8,12). Vi vil f\u00f8lge ham som disipler ved \u00e5 vite at \u201cDen som f\u00f8lger meg, skal ikke vandre i m\u00f8rket, men ha livets lys\u201d (John 8,12). Pavens invitasjon motiverer og st\u00f8tter oss, og den gir oss mot til \u00e5 be og g\u00e5 sammen i denne vanskelige tiden. Vi ber for at Fars barmhjertighet skal fri oss fra denne pandemien.<\/p>\n<p>&nbsp;<\/p>\n<p><img loading=\"lazy\" decoding=\"async\" class=\"size-medium wp-image-7041 aligncenter\" src=\"https:\/\/stansgar.katolsk.no\/wp-content\/uploads\/2020\/03\/rosenkrans2-300x188.jpg\" alt=\"\" width=\"300\" height=\"188\" srcset=\"https:\/\/stansgar.katolsk.no\/wp-content\/uploads\/2020\/03\/rosenkrans2-300x188.jpg 300w, https:\/\/stansgar.katolsk.no\/wp-content\/uploads\/2020\/03\/rosenkrans2-768x482.jpg 768w, https:\/\/stansgar.katolsk.no\/wp-content\/uploads\/2020\/03\/rosenkrans2.jpg 900w\" sizes=\"auto, (max-width: 300px) 100vw, 300px\" \/><\/p>\n<p><strong>I Faderens og S\u00f8nnens og Den Hellige \u00c5nds navn.<\/strong><\/p>\n<p>Amen<\/p>\n<p><strong>Gud, kom meg til hjelp<\/strong>.<\/p>\n<p>Herre, v\u00e6r snar til frelse.<\/p>\n<p><strong>\u00c6re v\u00e6re Faderen og S\u00f8nnen og den Hellige \u00c5nd<\/strong><\/p>\n<p>Som det var i opphavet, s\u00e5 n\u00e5 og alltid og i all evighet.<\/p>\n<p>Amen.<\/p>\n<p>&nbsp;<\/p>\n<p><strong>Kom Hellig \u00c5nd med skapermakt (LH508)<\/strong><\/p>\n<ol>\n<li>Kom, Hellig \u00c5nd med skapermakt, \/ opprett hva synd har \u00f8delagt, \/ og glede i hvert hjerte giv \/ som du har f\u00f8dt til evig liv!<\/li>\n<li>tr\u00f8sters store navn du b\u00e6r, \/ Guds gave dyr og hjertens kj\u00e6r, \/ den syke sjel en salve mild, \/ en livets br\u00f8nn, en hellig ild.<\/li>\n<li>Du visdoms, r\u00e5ds og styrkes \u00c5nd, \/ du kraften av Guds h\u00f8yre h\u00e5nd, \/ du lysets b\u00e6rer, Guds ords tolk \/ for alle tungem\u00e5l og folk,<\/li>\n<li>ditt lys opptenn i v\u00e5r forstand, \/ i hjertet kj\u00e6rlighetens brann, \/ til vanmakt v\u00e5r og usseldom \/ med hellig hjertestyrke kom!<\/li>\n<li>V\u00e5r fiende, jag ham langt p\u00e5 flukt, \/ gi fred og fager troes frukt, \/ og la oss alle, store, sm\u00e5, \/ i sjeleomsorg hos deg st\u00e5!<\/li>\n<li>Gj\u00f8r oss med Gud v\u00e5r Fader kjent, \/ med S\u00f8nnen som han har utsendt, \/ med deg som fra dem begge g\u00e5r, \/ og hjelp at vi i troen st\u00e5r!<\/li>\n<li>V\u00e6r lovet, Gud v\u00e5r Fader god, \/ Guds S\u00f8nn som opp av d\u00f8de stod, \/ og Tr\u00f8steren som kom herned, \/ v\u00e6r lovet i all evighet! Amen.<\/li>\n<\/ol>\n<p>&nbsp;<\/p>\n<p><strong>Trosbekjennelsen<\/strong><\/p>\n<p>&nbsp;<\/p>\n<p>Jeg tror p\u00e5 Gud Fader, den Allmektige, himmelens og jordens skaper, og p\u00e5 Jesus Kristus, hans enb\u00e5rne S\u00f8nn, v\u00e5r Herre, som ble unnfanget ved den Hellige \u00c5nd, f\u00f8dt av Jomfru Maria, pint under Pontius Pilatus, korsfestet, d\u00f8d og begravet, f\u00f3r ned til d\u00f8dsriket, sto opp p\u00e5 den tredje dag fra de d\u00f8de, f\u00f3r opp til himmelen, sitter ved Gud Faders, den Allmektiges, h\u00f8yre h\u00e5nd, skal derfra komme igjen for \u00e5 d\u00f8mme de levende og de d\u00f8de. Jeg tror p\u00e5 den Hellige \u00c5nd, den hellige katolske Kirke, de helliges samfunn, syndenes forlatelse, kj\u00f8dets oppstandelse og det evige liv. Amen.<\/p>\n<p><strong>\u00a0<\/strong><\/p>\n<p><strong>\u00a0<\/strong><\/p>\n<p><strong>LYSETS MYSTERIER<\/strong><\/p>\n<p>&nbsp;<\/p>\n<ol>\n<li><strong>Jesus d\u00f8pes i Jordan (Matt 3,13-17)<\/strong><\/li>\n<\/ol>\n<p>&nbsp;<\/p>\n<p>\u00abDa kom Jesus fra Galilea til Johannes ved Jordan for \u00e5 bli d\u00f8pt av ham. Men Johannes ville hindre ham og sa: \u00abJeg trenger \u00e5 bli d\u00f8pt av deg, og s\u00e5 kommer du til meg?\u00bb Jesus svarte: \u00abLa det n\u00e5 skje! Dette m\u00e5 vi gj\u00f8re for \u00e5 oppfylle all rettferdighet.\u00bb Da lot Johannes det skje. Da Jesus var blitt d\u00f8pt, steg han straks opp av vannet. Og se, himmelen \u00e5pnet seg, og han s\u00e5 Guds \u00c5nd komme ned over seg som en due. Og det l\u00f8d en r\u00f8st fra himmelen: \u00abDette er min S\u00f8nn, den elskede, i ham har jeg min glede.\u00bb<\/p>\n<p><em>\u00a0<\/em><\/p>\n<p><em>\u00a0<\/em><\/p>\n<p><em>Vi ber for alle familier i landet v\u00e5rt og hele verden. Vi ber for besteforeldre og alle eldre, for foreldre, ungdommer og alle barn.<\/em><\/p>\n<p>&nbsp;<\/p>\n<p>Bes ved de store perlene:<\/p>\n<p><strong>Fader v\u00e5r <\/strong>(1 Fader V\u00e5r)<\/p>\n<p>&nbsp;<\/p>\n<p>Fader v\u00e5r, du som er i himmelen! Helliget vorde ditt navn. Komme ditt rike. Skje din vilje, som i himmelen, s\u00e5 og p\u00e5 jorden. Gi oss i dag v\u00e5rt daglige br\u00f8d. Og forlat oss v\u00e5r skyld, som vi og forlater v\u00e5re skyldnere. Og led oss ikke inn i fristelse, men fri oss fra det onde. Amen<\/p>\n<p>&nbsp;<\/p>\n<p>Bes ved de sm\u00e5 perlene:<\/p>\n<p><strong>Hill deg, Maria <\/strong>(10 Hill deg, Maria).<\/p>\n<p>&nbsp;<\/p>\n<p>Hill deg, Maria, full av n\u00e5de, Herren er med deg, velsignet er du blant kvinner, og velsignet er ditt livs frukt, Jesus. Hellige Maria, Guds mor, be for oss syndere, n\u00e5 og i v\u00e5r d\u00f8dstime. Amen.<\/p>\n<p>&nbsp;<\/p>\n<p>Bes etter hvert ledd av rosenkransen:<\/p>\n<p><strong>Lovprisningsb\u00f8nnen <\/strong>(1 Lovprisningsb\u00f8nn)<\/p>\n<p>&nbsp;<\/p>\n<p>\u00c6re v\u00e6re Faderen og S\u00f8nnen og den Hellige \u00c5nd, som det var i opphavet, s\u00e5 n\u00e5 og alltid og i all evighet. Amen<\/p>\n<p>&nbsp;<\/p>\n<p><strong>Fatimab\u00f8nnen <\/strong>(etter Lovprisningsb\u00f8nnen)<\/p>\n<p>&nbsp;<\/p>\n<p>\u00c5, Jesus, tilgi v\u00e5re synder, fri oss fra helvetes ild, f\u00f8r alle sjeler til Himmelen, spesielt dem som trenger det mest.<\/p>\n<p>&nbsp;<\/p>\n<p>&nbsp;<\/p>\n<ol start=\"2\">\n<li><strong>Jesus fremst\u00e5r under bryllupet i Kana (Joh. 2,1-10)<\/strong><\/li>\n<\/ol>\n<p>\u00abDen tredje dagen var det et bryllup i Kana i Galilea. Jesu mor var der. Ogs\u00e5 Jesus og disiplene hans var innbudt. Da vinen tok slutt, sa Jesu mor til ham: \u00abDe har ikke mer vin.\u00bb \u00abKvinne, hva vil du meg?\u00bb sa Jesus. \u00abMin time er enn\u00e5 ikke kommet.\u00bb Men moren hans sa til tjenerne: \u00abDet han sier til dere, skal dere gj\u00f8re.\u00bb Det sto seks vannkar av stein der, slike som brukes i j\u00f8denes renselsesskikker. Hvert av dem rommet to eller tre anker. \u00abFyll karene med vann\u00bb, sa Jesus til tjenerne. De fylte dem til randen. \u00ab\u00d8s n\u00e5 opp og b\u00e6r det til kj\u00f8kemesteren\u00bb, sa han. Det gjorde de. Kj\u00f8kemesteren smakte p\u00e5 vannet. Det var blitt til vin. Han visste ikke hvor den var kommet fra, men tjenerne som hadde \u00f8st opp vannet, visste det. Da ropte han p\u00e5 brudgommen og sa: \u00abAlle andre setter f\u00f8rst fram den gode vinen, og n\u00e5r gjestene blir beruset, kommer de med den d\u00e5rlige. Men du har spart den gode vinen til n\u00e5.\u00bb Dette var det f\u00f8rste tegnet Jesus gjorde, det var i Kana i Galilea. Han \u00e5penbarte sin herlighet, og disiplene hans trodde p\u00e5 ham.<\/p>\n<p><em>Vi ber for de som tar vare p\u00e5 de syke, for leger og sykepleiere. <\/em><\/p>\n<p>&nbsp;<\/p>\n<p>Fader V\u00e5r<\/p>\n<p>10 Hill deg, Maria<\/p>\n<p>Lovprisningsb\u00f8nn<\/p>\n<p>Fatima-b\u00f8nnen<\/p>\n<p>&nbsp;<\/p>\n<ol start=\"3\">\n<li><strong>Jesus forkynner Guds rike, og kaller til omvendelse (Mark 1,14-15)<\/strong><\/li>\n<\/ol>\n<p>\u00abEtter at Johannes var blitt fengslet, kom Jesus til Galilea og forkynte Guds evangelium og sa: \u00abTiden er inne, Guds rike er kommet n\u00e6r. Vend om og tro p\u00e5 evangeliet!\u00bb<\/p>\n<p>&nbsp;<\/p>\n<p><em>Vi ber for v\u00e5re syke br\u00f8dre og s\u00f8stre, spesielt de som er rammet av koronavirus og deres familier. Vi ber for de ensomme og de innsatte i fengsler.<\/em><\/p>\n<p>&nbsp;<\/p>\n<p>Fader V\u00e5r<\/p>\n<p>10 Hill deg, Maria<\/p>\n<p>Lovprisningsb\u00f8nn<\/p>\n<p>Fatima-b\u00f8nnen<\/p>\n<p>&nbsp;<\/p>\n<ol start=\"4\">\n<li><strong>Jesus forklares p\u00e5 berget (Luk. 9,28-36)<\/strong><\/li>\n<\/ol>\n<p>&nbsp;<\/p>\n<p>\u00abP\u00e5 den tid tok Jesus med seg Peter, Johannes og Jakob og gikk opp i fjellet for \u00e5 be. Og mens han ba, fikk ansiktet hans et annet utseende, og kl\u00e6rne ble blendende hvite. Med ett sto det to menn og snakket med ham; det var Moses og Elia. De viste seg i herlighet og talte om den utgangen livet hans skulle f\u00e5, om det han skulle fullf\u00f8re i Jerusalem. Peter og de andre hadde falt i dyp s\u00f8vn. N\u00e5 v\u00e5knet de og fikk se hans herlighet og de to mennene som sto sammen med ham. Da mennene skulle til \u00e5 forlate ham, sa Peter til Jesus: \u00abMester, det er godt at vi er her. La oss bygge tre hytter, en til deg, en til Moses og en til Elia\u00bb \u2013 han visste ikke selv hva han sa. Mens han talte, kom det en sky og skygget over dem, og da de kom inn i skyen, ble de grepet av frykt. Det l\u00f8d en r\u00f8st fra skyen: \u00abDette er min S\u00f8nn, den utvalgte. H\u00f8r ham!\u00bb Og da r\u00f8sten l\u00f8d, var det ingen annen \u00e5 se, bare Jesus. Disiplene tidde med dette. P\u00e5 den tiden fortalte de ikke til noen hva de hadde sett.<\/p>\n<p>&nbsp;<\/p>\n<p><em>\u00a0<\/em><\/p>\n<p><em>Vi ber for v\u00e5re myndigheter og de som m\u00e5 ta viktige bestemmelser for landets beste. Vi ber for vitenskapsmenn og forskere. <\/em><\/p>\n<p>&nbsp;<\/p>\n<p>Fader V\u00e5r<\/p>\n<p>10 Hill deg, Maria<\/p>\n<p>Lovprisningsb\u00f8nn<\/p>\n<p>Fatima-b\u00f8nnen<\/p>\n<p>&nbsp;<\/p>\n<ol start=\"5\">\n<li><strong>Jesus innstifter nattverden (Matt. 26, 26-29<\/strong><\/li>\n<\/ol>\n<p>&nbsp;<\/p>\n<p>\u00abMens de holdt m\u00e5ltid, tok Jesus et br\u00f8d, takket og br\u00f8t det, ga disiplene og sa: \u00abTa imot og spis! Dette er min kropp.\u00bb Og han tok et beger, takket, ga dem og sa: \u00abDrikk alle av det! For dette er mitt blod, paktens blod, som blir ut\u00f8st for mange s\u00e5 syndene blir tilgitt. Jeg sier dere: Fra n\u00e5 av skal jeg ikke drikke av denne frukten av vintreet f\u00f8r den dagen jeg drikker den ny sammen med dere i min Fars rike.\u00bb<\/p>\n<p>&nbsp;<\/p>\n<p><em>Vi ber for Pave Frans, biskop Bernt, alle biskoper, prester og diakoner.<\/em><\/p>\n<p><em>Vi ber for hele Kirken, enhver kristen og de frivillige for menneskenes beste.<\/em><\/p>\n<p>&nbsp;<\/p>\n<p>Fader V\u00e5r<\/p>\n<p>10 Hill deg, Maria<\/p>\n<p>Lovprisningsb\u00f8nn<\/p>\n<p>Fatima-b\u00f8nnen<\/p>\n<p>&nbsp;<\/p>\n<p>&nbsp;<\/p>\n<p><strong>Litani til den hellige Josef<a href=\"#_ftn1\" name=\"_ftnref1\">[1]<\/a><\/strong><\/p>\n<p><strong>\u00a0<\/strong><\/p>\n<p>Herre, miskunn deg over oss!<\/p>\n<p>Kristus, miskunn deg over oss!<\/p>\n<p>Herre, miskunn deg over oss!<\/p>\n<p>Kristus, h\u00f8r oss!<\/p>\n<p>Kristus, b\u00f8nnh\u00f8r oss!<\/p>\n<p>&nbsp;<\/p>\n<p>Gud Fader i himmelen, miskunn deg over oss!<\/p>\n<p>Gud S\u00f8nn, verdens Frelser, miskunn deg over oss!<\/p>\n<p>Gud Hellige \u00c5nd, miskunn deg over oss!<\/p>\n<p>&nbsp;<\/p>\n<p>Hellige Maria, \u00a0\u00a0\u00a0\u00a0\u00a0\u00a0\u00a0\u00a0\u00a0\u00a0\u00a0\u00a0\u00a0\u00a0\u00a0\u00a0\u00a0\u00a0\u00a0\u00a0\u00a0\u00a0\u00a0\u00a0\u00a0\u00a0\u00a0\u00a0\u00a0\u00a0\u00a0\u00a0\u00a0\u00a0 be for oss.<\/p>\n<p>Hellige Josef, \u00a0\u00a0\u00a0\u00a0\u00a0\u00a0\u00a0\u00a0\u00a0\u00a0\u00a0\u00a0\u00a0\u00a0\u00a0\u00a0\u00a0\u00a0\u00a0\u00a0\u00a0\u00a0\u00a0\u00a0\u00a0\u00a0\u00a0\u00a0\u00a0\u00a0\u00a0\u00a0\u00a0\u00a0\u00a0 be for oss.<\/p>\n<p>Davids navnkundige s\u00f8nn, \u00a0\u00a0\u00a0\u00a0\u00a0\u00a0\u00a0\u00a0\u00a0\u00a0\u00a0\u00a0\u00a0\u00a0 be for oss.<\/p>\n<p>Patriarkenes lys, \u00a0\u00a0\u00a0\u00a0\u00a0\u00a0\u00a0\u00a0\u00a0\u00a0\u00a0\u00a0\u00a0\u00a0\u00a0\u00a0\u00a0\u00a0\u00a0\u00a0\u00a0\u00a0\u00a0\u00a0\u00a0\u00a0\u00a0\u00a0\u00a0\u00a0\u00a0 be for oss.<\/p>\n<p>Guds mors brudgom, \u00a0\u00a0\u00a0\u00a0\u00a0\u00a0\u00a0\u00a0\u00a0\u00a0\u00a0\u00a0\u00a0\u00a0\u00a0\u00a0\u00a0\u00a0\u00a0\u00a0\u00a0\u00a0\u00a0 be for oss.<\/p>\n<p>Jomfruenes kyske vokter, \u00a0\u00a0\u00a0\u00a0\u00a0\u00a0\u00a0\u00a0\u00a0\u00a0\u00a0\u00a0\u00a0\u00a0\u00a0\u00a0 be for oss.<\/p>\n<p>Guds S\u00f8nns pleiefar, \u00a0\u00a0\u00a0\u00a0\u00a0\u00a0\u00a0\u00a0\u00a0\u00a0\u00a0\u00a0\u00a0\u00a0\u00a0\u00a0\u00a0\u00a0\u00a0\u00a0\u00a0\u00a0\u00a0 be for oss.<\/p>\n<p>Kristi nidkj\u00e6re forsvarer, \u00a0\u00a0\u00a0\u00a0\u00a0\u00a0\u00a0\u00a0\u00a0\u00a0\u00a0\u00a0\u00a0\u00a0\u00a0\u00a0\u00a0 be for oss.<\/p>\n<p>Den hellige families overhode, \u00a0\u00a0\u00a0\u00a0\u00a0\u00a0\u00a0\u00a0 be for oss.<\/p>\n<p>Rettferdige Josef, \u00a0\u00a0\u00a0\u00a0\u00a0\u00a0\u00a0\u00a0\u00a0\u00a0\u00a0\u00a0\u00a0\u00a0\u00a0\u00a0\u00a0\u00a0\u00a0\u00a0\u00a0\u00a0\u00a0\u00a0\u00a0\u00a0\u00a0\u00a0 be for oss.<\/p>\n<p>Kyske Josef, \u00a0\u00a0\u00a0\u00a0\u00a0\u00a0\u00a0\u00a0\u00a0\u00a0\u00a0\u00a0\u00a0\u00a0\u00a0\u00a0\u00a0\u00a0\u00a0\u00a0\u00a0\u00a0\u00a0\u00a0\u00a0\u00a0\u00a0\u00a0\u00a0\u00a0\u00a0\u00a0\u00a0\u00a0\u00a0\u00a0 be for oss.<\/p>\n<p>Vise Josef, \u00a0\u00a0\u00a0\u00a0\u00a0\u00a0\u00a0\u00a0\u00a0\u00a0\u00a0\u00a0\u00a0\u00a0\u00a0\u00a0\u00a0\u00a0\u00a0\u00a0\u00a0\u00a0\u00a0\u00a0\u00a0\u00a0\u00a0\u00a0\u00a0\u00a0\u00a0\u00a0\u00a0\u00a0\u00a0\u00a0\u00a0\u00a0\u00a0 be for oss.<\/p>\n<p>Sterke Josef, \u00a0\u00a0\u00a0\u00a0\u00a0\u00a0\u00a0\u00a0\u00a0\u00a0\u00a0\u00a0\u00a0\u00a0\u00a0\u00a0\u00a0\u00a0\u00a0\u00a0\u00a0\u00a0\u00a0\u00a0\u00a0\u00a0\u00a0\u00a0\u00a0\u00a0\u00a0\u00a0\u00a0\u00a0\u00a0\u00a0 be for oss.<\/p>\n<p>Lydige Josef, \u00a0\u00a0\u00a0\u00a0\u00a0\u00a0\u00a0\u00a0\u00a0\u00a0\u00a0\u00a0\u00a0\u00a0\u00a0\u00a0\u00a0\u00a0\u00a0\u00a0\u00a0\u00a0\u00a0\u00a0\u00a0\u00a0\u00a0\u00a0\u00a0\u00a0\u00a0\u00a0\u00a0\u00a0\u00a0 be for oss.<\/p>\n<p>Trofaste Josef, \u00a0\u00a0\u00a0\u00a0\u00a0\u00a0\u00a0\u00a0\u00a0\u00a0\u00a0\u00a0\u00a0\u00a0\u00a0\u00a0\u00a0\u00a0\u00a0\u00a0\u00a0\u00a0\u00a0\u00a0\u00a0\u00a0\u00a0\u00a0\u00a0\u00a0\u00a0\u00a0\u00a0 be for oss.<\/p>\n<p>T\u00e5lmods speil, \u00a0\u00a0\u00a0\u00a0\u00a0\u00a0\u00a0\u00a0\u00a0\u00a0\u00a0\u00a0\u00a0\u00a0\u00a0\u00a0\u00a0\u00a0\u00a0\u00a0\u00a0\u00a0\u00a0\u00a0\u00a0\u00a0\u00a0\u00a0\u00a0\u00a0\u00a0\u00a0\u00a0\u00a0 be for oss.<\/p>\n<p>Armods elsker, \u00a0\u00a0\u00a0\u00a0\u00a0\u00a0\u00a0\u00a0\u00a0\u00a0\u00a0\u00a0\u00a0\u00a0\u00a0\u00a0\u00a0\u00a0\u00a0\u00a0\u00a0\u00a0\u00a0\u00a0\u00a0\u00a0\u00a0\u00a0\u00a0\u00a0\u00a0\u00a0\u00a0 be for oss.<\/p>\n<p>Arbeidernes forbilde, \u00a0\u00a0\u00a0\u00a0\u00a0\u00a0\u00a0\u00a0\u00a0\u00a0\u00a0\u00a0\u00a0\u00a0\u00a0\u00a0\u00a0\u00a0\u00a0\u00a0\u00a0\u00a0\u00a0\u00a0\u00a0\u00a0\u00a0\u00a0\u00a0\u00a0\u00a0\u00a0\u00a0\u00a0 be for oss.<\/p>\n<p>Familielivets pryd, \u00a0\u00a0\u00a0\u00a0\u00a0\u00a0\u00a0\u00a0\u00a0\u00a0\u00a0\u00a0\u00a0\u00a0\u00a0\u00a0\u00a0\u00a0\u00a0\u00a0\u00a0\u00a0\u00a0\u00a0\u00a0\u00a0\u00a0 be for oss.<\/p>\n<p>Jomfruenes vern, \u00a0\u00a0\u00a0\u00a0\u00a0\u00a0\u00a0\u00a0\u00a0\u00a0\u00a0\u00a0\u00a0\u00a0\u00a0\u00a0\u00a0\u00a0\u00a0\u00a0\u00a0\u00a0\u00a0\u00a0\u00a0\u00a0\u00a0\u00a0\u00a0\u00a0 be for oss.<\/p>\n<p>Familienes st\u00f8tte, \u00a0\u00a0\u00a0\u00a0\u00a0\u00a0\u00a0\u00a0\u00a0\u00a0\u00a0\u00a0\u00a0\u00a0\u00a0\u00a0\u00a0\u00a0\u00a0\u00a0\u00a0\u00a0\u00a0\u00a0\u00a0\u00a0\u00a0\u00a0\u00a0 be for oss.<\/p>\n<p>De ulykkeliges tr\u00f8st, \u00a0\u00a0\u00a0\u00a0\u00a0\u00a0\u00a0\u00a0\u00a0\u00a0\u00a0\u00a0\u00a0\u00a0\u00a0\u00a0\u00a0\u00a0\u00a0\u00a0\u00a0\u00a0\u00a0\u00a0 be for oss.<\/p>\n<p>De sykes h\u00e5p, \u00a0\u00a0\u00a0\u00a0\u00a0\u00a0\u00a0\u00a0\u00a0\u00a0\u00a0\u00a0\u00a0\u00a0\u00a0\u00a0\u00a0\u00a0\u00a0\u00a0\u00a0\u00a0\u00a0\u00a0\u00a0\u00a0\u00a0\u00a0\u00a0\u00a0\u00a0\u00a0\u00a0\u00a0\u00a0 be for oss.<\/p>\n<p>De d\u00f8endes talsmann, \u00a0\u00a0\u00a0\u00a0\u00a0\u00a0\u00a0\u00a0\u00a0\u00a0\u00a0\u00a0\u00a0\u00a0\u00a0\u00a0\u00a0\u00a0\u00a0\u00a0\u00a0 be for oss.<\/p>\n<p>De onde \u00e5nders redsel, \u00a0\u00a0\u00a0\u00a0\u00a0\u00a0\u00a0\u00a0\u00a0\u00a0\u00a0\u00a0\u00a0\u00a0\u00a0\u00a0\u00a0\u00a0\u00a0\u00a0 be for oss.<\/p>\n<p>Den hellige Kirkes verge, \u00a0\u00a0\u00a0\u00a0\u00a0\u00a0\u00a0\u00a0\u00a0\u00a0\u00a0\u00a0\u00a0\u00a0\u00a0\u00a0 be for oss.<\/p>\n<p>&nbsp;<\/p>\n<p>Guds lam, som tar bort verdens synder,<\/p>\n<p>sk\u00e5n oss, Herre!<\/p>\n<p>&nbsp;<\/p>\n<p>Guds lam, som tar bort verdens synder,<\/p>\n<p>b\u00f8nnh\u00f8r oss, Herre!<\/p>\n<p>&nbsp;<\/p>\n<p>Guds lam, som tar bort verdens synder,<\/p>\n<p>miskunn deg over oss, Herre!<\/p>\n<p>&nbsp;<\/p>\n<p>\u2123. Han satte ham til herre over sitt hus.<\/p>\n<p>\u211f. Og gav ham r\u00e5dvelde over hele sitt eie.<\/p>\n<p>&nbsp;<\/p>\n<p><strong>La oss be<\/strong>: Gud, etter ditt ufattelige forsyn har du i n\u00e5de valgt den salige Josef til brudgom for din hellige mor. Gi oss, vi ber deg, \u00e5 ha som talsmann i himmelen ham som vi her p\u00e5 jorden \u00e6rer som v\u00e5r verge. Du som lever og r\u00e5der i all evighet. Amen.<\/p>\n<p>&nbsp;<\/p>\n<p><strong>HILL DEG, DRONNING<\/strong><\/p>\n<p>Hill deg, Dronning, barmhjertighetens Mor. Du v\u00e5rt liv, v\u00e5r fryd og v\u00e5rt h\u00e5p, v\u00e6r hilset! Til deg roper vi, Evas landflyktige barn. Til deg sukker vi med sorg og gr\u00e5t i denne t\u00e5renes dal. Se til oss i barmhjertighet, du som g\u00e5r i forb\u00f8nn for oss. Og n\u00e5r v\u00e5r utlendighets tid er forbi, vis oss da Jesus, ditt livs velsignede frukt. Du barmhjertige, du trofaste, du milde Jomfru Maria. Amen.<\/p>\n<p><a href=\"#_ftnref1\" name=\"_ftn1\">[1]<\/a> Hentet fra: B\u00f8nnebok for katolske kristne (1944)<\/p>\n","protected":false},"excerpt":{"rendered":"<p>ROSENKRANSB\u00d8NN P\u00c5 FESTEN TIL ST. JOSEF 19. MARS KL. 21.00 MED PAVE FRANS OG MED HELE KIRKEN I VERDEN &nbsp; \u201cDet er til gavn for hele det kristne folk, ikke minst i disse vanskelige tider, \u00e5 fremme mer og mer&#8230;<br \/><a class=\"read-more-button\" href=\"https:\/\/stansgar.katolsk.no\/?p=7039\">Read more<\/a><\/p>\n","protected":false},"author":5,"featured_media":0,"comment_status":"open","ping_status":"open","sticky":false,"template":"","format":"standard","meta":{"footnotes":""},"categories":[204],"tags":[],"class_list":["post-7039","post","type-post","status-publish","format-standard","hentry","category-ukategorisert-nb"],"_links":{"self":[{"href":"https:\/\/stansgar.katolsk.no\/index.php?rest_route=\/wp\/v2\/posts\/7039","targetHints":{"allow":["GET"]}}],"collection":[{"href":"https:\/\/stansgar.katolsk.no\/index.php?rest_route=\/wp\/v2\/posts"}],"about":[{"href":"https:\/\/stansgar.katolsk.no\/index.php?rest_route=\/wp\/v2\/types\/post"}],"author":[{"embeddable":true,"href":"https:\/\/stansgar.katolsk.no\/index.php?rest_route=\/wp\/v2\/users\/5"}],"replies":[{"embeddable":true,"href":"https:\/\/stansgar.katolsk.no\/index.php?rest_route=%2Fwp%2Fv2%2Fcomments&post=7039"}],"version-history":[{"count":3,"href":"https:\/\/stansgar.katolsk.no\/index.php?rest_route=\/wp\/v2\/posts\/7039\/revisions"}],"predecessor-version":[{"id":7049,"href":"https:\/\/stansgar.katolsk.no\/index.php?rest_route=\/wp\/v2\/posts\/7039\/revisions\/7049"}],"wp:attachment":[{"href":"https:\/\/stansgar.katolsk.no\/index.php?rest_route=%2Fwp%2Fv2%2Fmedia&parent=7039"}],"wp:term":[{"taxonomy":"category","embeddable":true,"href":"https:\/\/stansgar.katolsk.no\/index.php?rest_route=%2Fwp%2Fv2%2Fcategories&post=7039"},{"taxonomy":"post_tag","embeddable":true,"href":"https:\/\/stansgar.katolsk.no\/index.php?rest_route=%2Fwp%2Fv2%2Ftags&post=7039"}],"curies":[{"name":"wp","href":"https:\/\/api.w.org\/{rel}","templated":true}]}}