{"id":7033,"date":"2020-03-18T11:11:54","date_gmt":"2020-03-18T10:11:54","guid":{"rendered":"https:\/\/stansgar.katolsk.no\/?p=7033"},"modified":"2020-03-18T11:11:54","modified_gmt":"2020-03-18T10:11:54","slug":"referat-menighetsradsmote-11-03-2020","status":"publish","type":"post","link":"https:\/\/stansgar.katolsk.no\/?p=7033","title":{"rendered":"Referat menighetsr\u00e5dsm\u00f8te 11.03.2020"},"content":{"rendered":"<p>St. Ansgar menighet<br \/>\nMenighetsr\u00e5dsm\u00f8te med nasjonale grupper<br \/>\nTilstede: P. Quang Tien Dang, P Dawid Ban\u00e0s, Ane Ugland Alb\u00e6k, Jocelyn Augland, Xuat Minh Dang, Daniel Habtay, Joanna Rodziewicz, Carmen Gloria Diaz, Thao Van Doan<br \/>\nNeste m\u00f8te: onsdag 22.april kl 19.00. menighetsr\u00e5d og nasjonale grupper<\/p>\n<p><strong>Sak 07\/20 Godkjenning av innkalling og saksliste<\/strong><br \/>\nIngen kommentarer<\/p>\n<p><strong>Sak 08\/20 Informasjon<\/strong><br \/>\nOKB har kommet med nye retningslinjer for menigheten for \u00e5 begrense smittespredning av Covid-19 som gjelder fra 11.03 til 03.04. Vi gikk gjennom disse og hvilke konsekvenser de har for St. Ansgar menighet:<br \/>\n&#8211; All sosial aktivitet f\u00f8r og etter messefeiring innstilles. Det betyr at all kirkekaffe m\u00e5 avlyses.<br \/>\n&#8211; All katekese og form for skole (p\u00e5 alle spr\u00e5k) m\u00e5 avlyses.<br \/>\n&#8211; All annen kirkelig aktivitet utenom messene innstilles. Det betyr at vi m\u00e5 avlyse alle kor\u00f8velser, troskurs, SAUL, juniorklubb, bibelgruppe, Caritasm\u00f8te, felles lunsj etter torsdagsmessen, og alle treff for nasjonale grupper unntatt messefeiringen. Dette gjelder ikke for forb\u00f8nn, tilbedelse og korsveisandakter i kirkerommet. De gjennomf\u00f8res som normalt.<br \/>\n&#8211; Alle messer med over 100 deltakere m\u00e5 innstilles. For \u00e5 unng\u00e5 at vi blir mer enn 100 mennesker i hver messe vedtar vi f\u00f8lgende: De som har anledning oppfordres til \u00e5 delta p\u00e5 kl. 13.00 messen p\u00e5 l\u00f8rdag i stedet for kl.11.00 messen p\u00e5 s\u00f8ndag, og eventuelt messe p\u00e5 polsk kl.18.00 p\u00e5 l\u00f8rdag. Vi arrangerer en ekstra messe p\u00e5 vietnamesisk s\u00f8ndag. kl.14.30.<br \/>\n&#8211; Alle m\u00e5 holde 1 meters avstand til andre troende f\u00f8r, etter og i messen. Dette gjelder ogs\u00e5 prestene.<br \/>\n&#8211; Vi unng\u00e5r h\u00e5ndhilsing og klemming f\u00f8r, under og etter messen. Dette gjelder ogs\u00e5 prestene.<br \/>\n&#8211; Alle som \u00f8nsker kommunion M\u00c5 motta denne i h\u00e5nden.<br \/>\n&#8211; Salmeb\u00f8ker benyttes ikke.<br \/>\n&#8211; Vi unng\u00e5r \u00e5 sende rundt kollektkurver. I stedet samler noen medlemmer inn kollekt med kurv p\u00e5 stang. Medlemmer oppfordres til \u00e5 gi kollekt via vipps.<br \/>\nAne lager kunngj\u00f8ring til oppslag i inngangspartiet og nettsiden\/facebook.<br \/>\nVi finner bilder med r\u00f8dt kryss over til \u00e5 henge opp i inngangspartiet som p\u00e5minnelse.<\/p>\n<p><strong>Sak 38\/19 Vedlikehold, rydding og nedvasking i Kiga\/kirken<\/strong><br \/>\nVi har gjennomg\u00e5tt og revidert vaskereglement. Dette er n\u00e5 vedtatt. Vi henger opp reglementet i Kiga og i ungdomskjelleren.<br \/>\nKirkekaffe s\u00f8ndag formiddag trenger ikke vaske trapp og toaletter hver gang.<br \/>\nDugnadskomite blir Jocelyn, Carmen, Luan, Vlodek, Daniel, Tam. De forbereder og arrangerer dugnad for hele menigheten to ganger i \u00e5ret. I tillegg lager de vaskeliste for vasking etter katekesen.<\/p>\n<p><strong>Sak 05\/20 17. mai-fest<\/strong><br \/>\nOppnevne arrangementskomite? Vi venter til neste m\u00f8te. Da vet vi mer om smittevernreglene for mai.<\/p>\n<p><strong>Sak 09\/20 Samle aktuelt regelverk for arrangementer i kirken<\/strong><br \/>\nHvilke lover og regler er viktige \u00e5 vite om n\u00e5r vi skal ha arrangementer for voksne og barn i kirken?<br \/>\nVi f\u00e5r laget en regelsamling av b\u00e5de lover og forskrifter, samt OKB sine regler.<\/p>\n<p>&nbsp;<\/p>\n<p><strong>Sak 10\/20 Corpus Christi<\/strong><br \/>\nVi utsetter til neste m\u00f8te<\/p>\n<p><strong>Sak 11\/20 Valgkomite menighetsr\u00e5dsvalg<\/strong><br \/>\nVi utsetter til neste m\u00f8te<\/p>\n<p><strong>Sak 11\/20 Eventuelt<\/strong><br \/>\nVi beklager alt for sen m\u00f8teinnkalling til nasjonale grupper.<\/p>\n<p>Ane Ugland Alb\u00e6k<br \/>\nSign.<\/p>\n","protected":false},"excerpt":{"rendered":"<p>St. Ansgar menighet Menighetsr\u00e5dsm\u00f8te med nasjonale grupper Tilstede: P. Quang Tien Dang, P Dawid Ban\u00e0s, Ane Ugland Alb\u00e6k, Jocelyn Augland, Xuat Minh Dang, Daniel Habtay, Joanna Rodziewicz, Carmen Gloria Diaz, Thao Van Doan Neste m\u00f8te: onsdag 22.april kl 19.00. menighetsr\u00e5d&#8230;<br \/><a class=\"read-more-button\" href=\"https:\/\/stansgar.katolsk.no\/?p=7033\">Read more<\/a><\/p>\n","protected":false},"author":1,"featured_media":0,"comment_status":"open","ping_status":"open","sticky":false,"template":"","format":"standard","meta":{"footnotes":""},"categories":[204],"tags":[],"class_list":["post-7033","post","type-post","status-publish","format-standard","hentry","category-ukategorisert-nb"],"_links":{"self":[{"href":"https:\/\/stansgar.katolsk.no\/index.php?rest_route=\/wp\/v2\/posts\/7033","targetHints":{"allow":["GET"]}}],"collection":[{"href":"https:\/\/stansgar.katolsk.no\/index.php?rest_route=\/wp\/v2\/posts"}],"about":[{"href":"https:\/\/stansgar.katolsk.no\/index.php?rest_route=\/wp\/v2\/types\/post"}],"author":[{"embeddable":true,"href":"https:\/\/stansgar.katolsk.no\/index.php?rest_route=\/wp\/v2\/users\/1"}],"replies":[{"embeddable":true,"href":"https:\/\/stansgar.katolsk.no\/index.php?rest_route=%2Fwp%2Fv2%2Fcomments&post=7033"}],"version-history":[{"count":1,"href":"https:\/\/stansgar.katolsk.no\/index.php?rest_route=\/wp\/v2\/posts\/7033\/revisions"}],"predecessor-version":[{"id":7034,"href":"https:\/\/stansgar.katolsk.no\/index.php?rest_route=\/wp\/v2\/posts\/7033\/revisions\/7034"}],"wp:attachment":[{"href":"https:\/\/stansgar.katolsk.no\/index.php?rest_route=%2Fwp%2Fv2%2Fmedia&parent=7033"}],"wp:term":[{"taxonomy":"category","embeddable":true,"href":"https:\/\/stansgar.katolsk.no\/index.php?rest_route=%2Fwp%2Fv2%2Fcategories&post=7033"},{"taxonomy":"post_tag","embeddable":true,"href":"https:\/\/stansgar.katolsk.no\/index.php?rest_route=%2Fwp%2Fv2%2Ftags&post=7033"}],"curies":[{"name":"wp","href":"https:\/\/api.w.org\/{rel}","templated":true}]}}