{"id":703,"date":"2014-06-09T07:10:00","date_gmt":"2014-06-09T05:10:00","guid":{"rendered":"http:\/\/stansgar.katolsk.no\/index.php\/2014\/06\/09\/kunngjringer-sndag-8juni-2014\/"},"modified":"2018-10-12T09:12:46","modified_gmt":"2018-10-12T07:12:46","slug":"kunngjringer-sndag-8juni-2014","status":"publish","type":"post","link":"https:\/\/stansgar.katolsk.no\/?p=703","title":{"rendered":"Kunngj\u00f8ringer s\u00f8ndag 8.juni  2014"},"content":{"rendered":"<div class=\"MsoNormal\" style=\"background-color: white; color: #222222; font-size: 13px;\">\n<\/div>\n<div class=\"MsoNormal\" style=\"background-color: white; color: #222222; font-size: 13px;\">\n<u><\/u><u><\/u><\/div>\n<div class=\"MsoNormal\" style=\"background-color: white; color: #222222; font-size: 13px;\">\n<b>Det er menighetsr\u00e5dsvalg denne helgen og neste helg<\/b>. Du kan stemme etter messene, ute i gangen. Alle registrerte medlemmer av menigheten som er katolsk konfirmert kan stemme. Er du ikke registrert i menigheten kan du registrere deg samtidig som du stemmer..<u><\/u><u><\/u><\/div>\n<div class=\"MsoNormal\" style=\"background-color: white; color: #222222; font-size: 13px;\">\n<\/div>\n<div class=\"MsoNormal\" style=\"background-color: white; color: #222222; font-size: 13px;\">\n<b>Mandag 9. juni<\/b> blir det Missa Cantata i den ekstraordin\u00e6re form kl. 14. Det blir ikke andre messer denne dagen.<u><\/u><u><\/u><\/div>\n<div class=\"MsoNormal\" style=\"background-color: white; color: #222222; font-size: 13px;\">\n<\/div>\n<div class=\"MsoNormal\" style=\"background-color: white; color: #222222; font-size: 13px;\">\n<b>Tirsdag til fredag<\/b> er det messe kl. 18<u><\/u><u><\/u><\/div>\n<div class=\"MsoNormal\" style=\"background-color: white; color: #222222; font-size: 13px;\">\n<b>Torsdag<\/b> ogs\u00e5 messe kl. 11<u><\/u><u><\/u><\/div>\n<div class=\"MsoNormal\" style=\"background-color: white; color: #222222; font-size: 13px;\">\n<\/div>\n<div class=\"MsoNormal\" style=\"background-color: white; color: #222222; font-size: 13px;\">\n<b>L\u00f8rdag 14. juni<\/b> er det siste katekese f\u00f8r sommeren.<u><\/u><u><\/u><\/div>\n<div class=\"MsoNormal\" style=\"background-color: white; color: #222222; font-size: 13px;\">\n1.- 5. klasse fra kl 10 \u2013 14 og 6. \u2013 9. klasse fra kl. 14.00 \u2013 17.00.<u><\/u><u><\/u><\/div>\n<div class=\"MsoNormal\" style=\"background-color: white; color: #222222; font-size: 13px;\">\nDet blir ikke messe kl. 17 denne l\u00f8rdagen.<u><\/u><u><\/u><\/div>\n<div class=\"MsoNormal\" style=\"background-color: white; color: #222222; font-size: 13px;\">\n<\/div>\n<div class=\"MsoNormal\" style=\"background-color: white; color: #222222; font-size: 13px;\">\nVi minner om sommerens <b>Barneleir S\u00f8r<\/b> for barn i alderen 8 til 11 \u00e5r. Leiren skal v\u00e6re p\u00e5 Stella Maris i Mandal fra 28. juni til 5. juli. P\u00e5melding i dag! Se plakat og brosjyre i gangen. Ta kontakt med p. Frode for mer informasjon.<u><\/u><u><\/u><\/div>\n<div class=\"MsoNormal\" style=\"background-color: white; color: #222222; font-size: 13px;\">\n<\/div>\n<div class=\"MsoNormal\" style=\"background-color: white; color: #222222; font-size: 13px;\">\n<b>Caritas i St. Ansgar<\/b> menighet trenger flere hjelpere. Er du interessert i \u00e5 engasjere deg i Caritas? Ta kontakt med Mona Jardim, Sigrid Therese Kornbrekke eller Maria Nhung.<\/div>\n","protected":false},"excerpt":{"rendered":"<p>Det er menighetsr\u00e5dsvalg denne helgen og neste helg. Du kan stemme etter messene, ute i gangen. Alle registrerte medlemmer av menigheten som er katolsk konfirmert kan stemme. Er du ikke registrert i menigheten kan du registrere deg samtidig som du&#8230;<br \/><a class=\"read-more-button\" href=\"https:\/\/stansgar.katolsk.no\/?p=703\">Read more<\/a><\/p>\n","protected":false},"author":3,"featured_media":0,"comment_status":"open","ping_status":"open","sticky":false,"template":"","format":"standard","meta":{"footnotes":""},"categories":[1],"tags":[3],"class_list":["post-703","post","type-post","status-publish","format-standard","hentry","category-ukategorisert","tag-kunngjoringer"],"_links":{"self":[{"href":"https:\/\/stansgar.katolsk.no\/index.php?rest_route=\/wp\/v2\/posts\/703","targetHints":{"allow":["GET"]}}],"collection":[{"href":"https:\/\/stansgar.katolsk.no\/index.php?rest_route=\/wp\/v2\/posts"}],"about":[{"href":"https:\/\/stansgar.katolsk.no\/index.php?rest_route=\/wp\/v2\/types\/post"}],"author":[{"embeddable":true,"href":"https:\/\/stansgar.katolsk.no\/index.php?rest_route=\/wp\/v2\/users\/3"}],"replies":[{"embeddable":true,"href":"https:\/\/stansgar.katolsk.no\/index.php?rest_route=%2Fwp%2Fv2%2Fcomments&post=703"}],"version-history":[{"count":1,"href":"https:\/\/stansgar.katolsk.no\/index.php?rest_route=\/wp\/v2\/posts\/703\/revisions"}],"predecessor-version":[{"id":2665,"href":"https:\/\/stansgar.katolsk.no\/index.php?rest_route=\/wp\/v2\/posts\/703\/revisions\/2665"}],"wp:attachment":[{"href":"https:\/\/stansgar.katolsk.no\/index.php?rest_route=%2Fwp%2Fv2%2Fmedia&parent=703"}],"wp:term":[{"taxonomy":"category","embeddable":true,"href":"https:\/\/stansgar.katolsk.no\/index.php?rest_route=%2Fwp%2Fv2%2Fcategories&post=703"},{"taxonomy":"post_tag","embeddable":true,"href":"https:\/\/stansgar.katolsk.no\/index.php?rest_route=%2Fwp%2Fv2%2Ftags&post=703"}],"curies":[{"name":"wp","href":"https:\/\/api.w.org\/{rel}","templated":true}]}}