{"id":7011,"date":"2020-03-14T09:38:38","date_gmt":"2020-03-14T08:38:38","guid":{"rendered":"https:\/\/stansgar.katolsk.no\/?p=7011"},"modified":"2020-03-14T09:38:38","modified_gmt":"2020-03-14T08:38:38","slug":"kosciol-jest-zawsze-z-wami","status":"publish","type":"post","link":"https:\/\/stansgar.katolsk.no\/?p=7011","title":{"rendered":"KO\u015aCI\u00d3\u0141 JEST ZAWSZE Z WAMI"},"content":{"rendered":"<p>KO\u015aCI\u00d3\u0141 JEST ZAWSZE Z WAMI<\/p>\n<p>Originaltekst p\u00e5 norsk &raquo; Kirken er alltid med dere&raquo; : <a href=\"https:\/\/stansgar.katolsk.no\/?p=6998\">https:\/\/stansgar.katolsk.no\/?p=6998<\/a><\/p>\n<p><strong>\u201eNikt nie b\u0119dzie m\u00f3g\u0142 oddzieli\u0107 nas od mi\u0142o\u015bci Bo\u017cej w Chrystusie Jezusie, Panu naszym\u201d (Rzym. 8:39).<\/strong><\/p>\n<p>Drodzy wierni,<\/p>\n<p>Nasz \u015bwiat i\u00a0 kraj nara\u017cony jest na pr\u00f3by i trudno\u015bci. Ka\u017cda osoba mo\u017ce obawia\u0107 si\u0119 wielu znanych i nieznanych rzeczy. Prowadzi to do pozostawania w domach i ograniczenia wielu dzia\u0142a\u0144\u2026 Poddajemy si\u0119 kwarantannie fizycznie oraz nasze domy, ale nie pozwalajmy, aby nasze serca by\u0142y odizolowane od innych. Unikamy chodzenia do miejsc, w kt\u00f3rych jest wielu ludzi, ale musimy otworzy\u0107 ramiona z mi\u0142o\u015bci\u0105 i pomoc\u0105 zw\u0142aszcza cierpi\u0105cym i potrzebuj\u0105cym.<\/p>\n<p>Nikt nie mo\u017ce podda\u0107 kwarantannie naszej mi\u0142o\u015bci do Boga i bli\u017anich. \u201eNikt nie b\u0119dzie m\u00f3g\u0142 oddzieli\u0107 nas od mi\u0142o\u015bci Boga w Chrystusie Jezusie, Panu naszym\u201d (Rzymian 8:39).\u00a0 Chrzest w Tr\u00f3jcy \u015awi\u0119tej czyni nas jednym w Bogu, w wierze i w ko\u015bciele. Mi\u0142o\u015b\u0107 do Boga prowadzi nas do nieuchronnego wielbienia, wielbienia i dzi\u0119kowania Bogu oraz s\u0142u\u017cenia naszym braciom i siostrom.<\/p>\n<p>W tym trudnym czasie\u00a0 nie mo\u017cemy przychodzi\u0107 do ko\u015bcio\u0142a parafialnego podczas niedzielnej celebracji eucharystycznej, ale mo\u017cemy przyj\u015b\u0107 do Boga, kt\u00f3rego kochamy. Obowi\u0105zek uczestnictwa we Mszy \u015bw. Niedzielnej jest zniesiony, ale nie nasza mi\u0142o\u015b\u0107 do Boga. Nie mo\u017cemy w sobie zatrzyma\u0107 mi\u0142o\u015bci.<\/p>\n<p>Kochaj\u0105c Boga, kochamy Go przez ca\u0142e nasze \u017cycie. Wieczne \u015bwiat\u0142o nadal o\u015bwietla dzie\u0144 i noc w Tabernakulum. Niech ogie\u0144 mi\u0142o\u015bci do Boga nadal p\u0142onie w naszych sercach. Nasi ksi\u0119\u017ca codziennie odprawiaj\u0105 prywatne Msze w ko\u015bciele St. Ansgar. Dlatego kierujcie swoje serce do Jezusa \u00a0, wychwalaj\u0105c Go, dzi\u0119kuj\u0105c mu i ucztuj\u0105c wraz z Nim oraz modl\u0105c si\u0119 za wszystkich.<\/p>\n<p>Pami\u0119tajcie, \u017ce nasz ko\u015bci\u00f3\u0142\u00a0 jest otwarty, zatem \u00a0mo\u017cemy przychodzi\u0107 do ko\u015bcio\u0142a na modlitw\u0119, duchowe przewodnictwo, czytanie pisma \u015bwi\u0119tego. Mo\u017cemy r\u00f3wnie\u017c przebywa\u0107 w kaplicy Maryi i \u015bw. J\u00f3zefa, w ciszy i modlitwie spotykajmy si\u0119 z Jezusem\u2026<\/p>\n<p>Ten czas \u0142aski, mo\u017cemy u\u017cy\u0107 do medytacji: nad naszym ludzkim kruchym losem, o warto\u015bciach braterstwa oraz o naszej wzajemnej i nierozerwalnej wi\u0119zi z s\u0105siadami, o pokucie z ca\u0142ego serca; Jednocze\u015bnie m\u00f3dlmy si\u0119, o uzdrowienie poszkodowanych, oraz ich rodziny oraz pro\u015bmy o dar m\u0105dro\u015bci dla naszych w\u0142adz.<\/p>\n<p>W \u017cyciu \u015bw. Paw\u0142a by\u0142y chwile, kiedy by\u0142 w potrzebie, l\u0119ku, by\u0142 prze\u015bladowany, odczuwa\u0142 g\u0142\u00f3d, nago\u015b\u0107, niebezpiecze\u0144stwo . W\u00f3wczas zada\u0142 sobie pytanie: \u201eKto mo\u017ce oddzieli\u0107 nas od mi\u0142o\u015bci Chrystusa?\u201d<br \/>\nI odpowiedzia\u0142 za siebie i za nas \u017ce \u201ew tym wszystkim zyskujemy wi\u0119cej ni\u017c zwyci\u0119stwo Tego, kt\u00f3ry nas umi\u0142owa\u0142\u201d (Rzymian 8: 35-37).<\/p>\n<p>Jeste\u015bmy w niebezpiecze\u0144stwie i l\u0119ku, podczas epidemii i we wszystkich nieprzewidzianych konsekwencjach, kt\u00f3re mog\u0105 wynikn\u0105\u0107 z kryzysu. Mo\u017cemy przezwyci\u0119\u017cy\u0107 wszystko teraz i p\u00f3\u017aniej, wierz\u0105c w Jezusa Chrystusa, kt\u00f3ry nas kocha \u201d.<\/p>\n<p>My, pasterze, do\u0142\u0105czamy do was\u2026<\/p>\n<p>&nbsp;<\/p>\n<p>&nbsp;<\/p>\n<p><strong>\u015aWI\u0118TUJ S\u0141OWO BO\u017bE Z RODZIN\u0104 W NIEDZIEL\u0118<\/strong><\/p>\n<p>Nie mo\u017cemy w tych dniach przyj\u015b\u0107 do ko\u015bcio\u0142a, aby uczestniczy\u0107 w niedzielnej Mszy \u015bw.. To daje nam dobr\u0105 okazj\u0119 do sprawowania pos\u0142ugi S\u0142owa Bo\u017cego w naszej rodzinie w domach.. \u017byjemy w dzie\u0144 Pa\u0144ski bez Cia\u0142a Chrystusa. T\u0119sknimy za \u017cywym Chlebem, ale mo\u017cemy mie\u0107 komuni\u0119 duchow\u0105.<\/p>\n<p>Wsp\u00f3lnie celebrujmy liturgi\u0119 niedzielnego S\u0142owa Bo\u017cego:<\/p>\n<p>&#8211; Kiedy: 11 rano (w porze Mszy \u015bw.)<\/p>\n<p>&#8211; Gdzie: w rodzinie. Poniewa\u017c nie mo\u017cemy przychodzi\u0107 do ko\u015bcio\u0142a, mo\u017cemy by\u0107 razem, aby wielbi\u0107 naszego \u201eOjca w duchu i prawdzie\u201d (Jana 4:23), tak jak uczy nas Jezus. To pokazuje, \u017ce wci\u0105\u017c jeste\u015bmy razem, aby wielbi\u0107 Boga i kocha\u0107 si\u0119 nawzajem.<\/p>\n<p>&#8211; Czym si\u0119 pos\u0142ugiwa\u0107: korzystajmy z pliku: \u201e Propozycja modlitwy w rodzinie III niedziela Wielkiego Postu<\/p>\n<p>15.03.2020\u201d.<\/p>\n<p>&#8211; Jak: Rodzina gromadzi si\u0119 wok\u00f3\u0142 rodzinnego o\u0142tarza lub sto\u0142u, gdzie znajduje si\u0119 krucyfiks, Ewangelia, kwiaty i zapalone \u015bwiece.<\/p>\n<p>&#8211; Kto: ojciec lub matka mo\u017ce zosta\u0107 przyw\u00f3dc\u0105 uroczysto\u015bci (koordynatorem modlitwy)<\/p>\n<p>&nbsp;<\/p>\n<p>Wasi duszpasterze<\/p>\n<ol>\n<li>Dang Quang Tien<\/li>\n<li>Dawid Bana\u015b<\/li>\n<\/ol>\n","protected":false},"excerpt":{"rendered":"<p>KO\u015aCI\u00d3\u0141 JEST ZAWSZE Z WAMI Originaltekst p\u00e5 norsk &raquo; Kirken er alltid med dere&raquo; : https:\/\/stansgar.katolsk.no\/?p=6998 \u201eNikt nie b\u0119dzie m\u00f3g\u0142 oddzieli\u0107 nas od mi\u0142o\u015bci Bo\u017cej w Chrystusie Jezusie, Panu naszym\u201d (Rzym. 8:39). Drodzy wierni, Nasz \u015bwiat i\u00a0 kraj nara\u017cony jest&#8230;<br \/><a class=\"read-more-button\" href=\"https:\/\/stansgar.katolsk.no\/?p=7011\">Read more<\/a><\/p>\n","protected":false},"author":5,"featured_media":0,"comment_status":"open","ping_status":"open","sticky":false,"template":"","format":"standard","meta":{"footnotes":""},"categories":[204],"tags":[],"class_list":["post-7011","post","type-post","status-publish","format-standard","hentry","category-ukategorisert-nb"],"_links":{"self":[{"href":"https:\/\/stansgar.katolsk.no\/index.php?rest_route=\/wp\/v2\/posts\/7011","targetHints":{"allow":["GET"]}}],"collection":[{"href":"https:\/\/stansgar.katolsk.no\/index.php?rest_route=\/wp\/v2\/posts"}],"about":[{"href":"https:\/\/stansgar.katolsk.no\/index.php?rest_route=\/wp\/v2\/types\/post"}],"author":[{"embeddable":true,"href":"https:\/\/stansgar.katolsk.no\/index.php?rest_route=\/wp\/v2\/users\/5"}],"replies":[{"embeddable":true,"href":"https:\/\/stansgar.katolsk.no\/index.php?rest_route=%2Fwp%2Fv2%2Fcomments&post=7011"}],"version-history":[{"count":2,"href":"https:\/\/stansgar.katolsk.no\/index.php?rest_route=\/wp\/v2\/posts\/7011\/revisions"}],"predecessor-version":[{"id":7013,"href":"https:\/\/stansgar.katolsk.no\/index.php?rest_route=\/wp\/v2\/posts\/7011\/revisions\/7013"}],"wp:attachment":[{"href":"https:\/\/stansgar.katolsk.no\/index.php?rest_route=%2Fwp%2Fv2%2Fmedia&parent=7011"}],"wp:term":[{"taxonomy":"category","embeddable":true,"href":"https:\/\/stansgar.katolsk.no\/index.php?rest_route=%2Fwp%2Fv2%2Fcategories&post=7011"},{"taxonomy":"post_tag","embeddable":true,"href":"https:\/\/stansgar.katolsk.no\/index.php?rest_route=%2Fwp%2Fv2%2Ftags&post=7011"}],"curies":[{"name":"wp","href":"https:\/\/api.w.org\/{rel}","templated":true}]}}