{"id":7004,"date":"2020-03-14T09:27:21","date_gmt":"2020-03-14T08:27:21","guid":{"rendered":"https:\/\/stansgar.katolsk.no\/?p=7004"},"modified":"2020-03-14T09:30:55","modified_gmt":"2020-03-14T08:30:55","slug":"rozporzadzenie-w-sprawie-koronowirusa-z-12-03-2020-msze-odwolane","status":"publish","type":"post","link":"https:\/\/stansgar.katolsk.no\/?p=7004","title":{"rendered":"Rozporz\u0105dzenie w sprawie koronowirusa z 12.03.2020: Msze odwo\u0142ane."},"content":{"rendered":"<h1 class=\"documentFirstHeading\">Rozporz\u0105dzenie w sprawie koronowirusa z 12.03.2020: Obowi\u0105zek udzia\u0142u w Mszy \u015bw. zosta\u0142 zawieszony. Wszystkie Msze s\u0105 odwo\u0142ane. Ko\u015bcio\u0142y pozostan\u0105 otwarte.<\/h1>\n<p>&nbsp;<\/p>\n<p>Teksten ang\u00e5r:<br \/>\n<span class=\"entry-headline-text\">Smittevernstiltak 12.3.2020: Alle messer innstilles. Tekst p\u00e5 norsk:\u00a0 <a href=\"http:\/\/www.katolsk.no\/nyheter\/2020\/03\/smittevernstiltak-12-3-2020-alle-messer-innstilles\">http:\/\/www.katolsk.no\/nyheter\/2020\/03\/smittevernstiltak-12-3-2020-alle-messer-innstilles<\/a><\/span><\/p>\n<p>Rozporz\u0105dzenie obowi\u0105zuje od 12 marca do niedzieli palmowej.<\/p>\n<h4><em>Biskup Bernt I. Eidsvig podj\u0105\u0142 dzi\u015b decyzj\u0119 o zawieszeniu obowi\u0105zku udzia\u0142u w Mszy \u015bw. Wszystkie Msze w Diecezji katolickiej Oslo zosta\u0142y zawieszone. Ko\u015bcio\u0142y pozostan\u0105 otwarte. Podczas zwyczajowych godzin Mszy kap\u0142ani b\u0119d\u0105 obecni w ko\u015bcio\u0142ach.<\/em><\/h4>\n<p>&nbsp;<\/p>\n<p><em>Drodzy wierni,<\/em><\/p>\n<p>Ograniczanie lub zapobieganie infekcji koronowirusem to okazywanie mi\u0142o\u015bci bli\u017aniego w praktyce. Ko\u015bci\u00f3\u0142 Katolicki w Norwegii wprowadza zatem nowe i bardziej rygorystyczne \u015brodki zapobiegania infekcji w tej bardzo wymagaj\u0105cej sytuacji. Modlimy si\u0119 za chorych, nara\u017conych na zara\u017cenie i za pe\u0142nych po\u015bwi\u0119cenia pracownik\u00f3w s\u0142u\u017cby zdrowia.<\/p>\n<p>&nbsp;<\/p>\n<h4>Zalecenie:<\/h4>\n<p>Zach\u0119cam proboszcz\u00f3w, rady parafialne i wiernych do zachowania ostro\u017cno\u015bci i uwa\u017cnego \u015bledzenia zalece\u0144 i rozporz\u0105dze\u0144 w\u0142adz.<\/p>\n<h4><\/h4>\n<h4><strong>Zarz\u0105dzenia dotycz\u0105ce aktywno\u015bci poza Mszami (nakaz)<\/strong><\/h4>\n<ul>\n<li>Ca\u0142a aktywno\u015b\u0107 spo\u0142eczna przed i po Mszach jest odwo\u0142ana: nie ma spotka\u0144 przy kawie i innych, podobnych aktywno\u015bci.<\/li>\n<li>Wszystkie katechezy s\u0105 natychmiastowo anulowane, bez wzgl\u0119du na liczb\u0119 uczestnik\u00f3w.<\/li>\n<li>Wszelka inna dzia\u0142alno\u015b\u0107 ko\u015bcielna poza Mszami zostaje odwo\u0142ana, dotyczy to pr\u00f3b ch\u00f3r\u00f3w, wyk\u0142ad\u00f3w, rekolekcji itp.<\/li>\n<li>Wszystkie wyjazdy zagraniczne dla pracownik\u00f3w i kap\u0142an\u00f3w w OKB s\u0105 anulowane.<\/li>\n<\/ul>\n<h4><strong>\u00a0<\/strong><\/h4>\n<h4><strong>Zarz\u0105dzenia dotycz\u0105ce Mszy (nakaz):<\/strong><\/h4>\n<p><strong>Obowi\u0105zek uczestnictwa w Mszy \u015bw. jest czasowo zniesiony.<\/strong><\/p>\n<p><strong>Wszystkie Msze zostaj\u0105 odwo\u0142ane natychmiastowo.<\/strong><\/p>\n<p>&nbsp;<\/p>\n<h4><strong>Zarz\u0105dzenia dotycz\u0105ce przebywania w ko\u015bciele (nakaz):<\/strong><\/h4>\n<ul>\n<li>Utrzymaj odleg\u0142o\u015b\u0107 jednego metra od innych wiernych. Unikaj podawani r\u0119ki.<\/li>\n<li>Wszystkie zbiorniki na wod\u0119 (kropielnice) powinny by\u0107 puste. Woda \u015bwi\u0119cona nie jest u\u017cywana.<\/li>\n<li>Wiernych zach\u0119ca si\u0119 do sk\u0142adania kolekty za po\u015brednictwem Vipps.<\/li>\n<li>Zapoznaj si\u0119 z zaleceniami w\u0142adz na temat ograniczenia rozprzestrzeniania si\u0119 epidemii.<\/li>\n<\/ul>\n<p>&nbsp;<\/p>\n<p>Zach\u0119cam was do modlitwy o duchow\u0105 komuni\u0119, we w\u0142asnym zakresie lub z rodzin\u0105.<\/p>\n<p>Ko\u015bcio\u0142y pozostan\u0105 otwarte dla wszystkich wiernych. Podczas zwyczajowych godzin Mszy kap\u0142ani b\u0119d\u0105 obecni w ko\u015bcio\u0142ach.<\/p>\n<p>&nbsp;<\/p>\n<p>Niech czas Wielkiego Postu odnowi nas i zainspiruje do dodatkowej pokuty, modlitwy i postu za tych wszystkich, kt\u00f3rzy s\u0105 dotkni\u0119ci epidemi\u0105.<\/p>\n<h1><\/h1>\n<p>&nbsp;<\/p>\n<p style=\"text-align: center;\">In Christo,<\/p>\n<p style=\"text-align: center;\">+ Bernt Eidsvig<\/p>\n<p style=\"text-align: center;\">Biskup Oslo i administrator apostolski prelatury Trondheim<\/p>\n<p style=\"text-align: center;\">Oslo, 12 marca 2020 r.<\/p>\n","protected":false},"excerpt":{"rendered":"<p>Rozporz\u0105dzenie w sprawie koronowirusa z 12.03.2020: Obowi\u0105zek udzia\u0142u w Mszy \u015bw. zosta\u0142 zawieszony. Wszystkie Msze s\u0105 odwo\u0142ane. Ko\u015bcio\u0142y pozostan\u0105 otwarte. &nbsp; Teksten ang\u00e5r: Smittevernstiltak 12.3.2020: Alle messer innstilles. Tekst p\u00e5 norsk:\u00a0 http:\/\/www.katolsk.no\/nyheter\/2020\/03\/smittevernstiltak-12-3-2020-alle-messer-innstilles Rozporz\u0105dzenie obowi\u0105zuje od 12 marca do niedzieli palmowej&#8230;.<br \/><a class=\"read-more-button\" href=\"https:\/\/stansgar.katolsk.no\/?p=7004\">Read more<\/a><\/p>\n","protected":false},"author":5,"featured_media":0,"comment_status":"open","ping_status":"open","sticky":false,"template":"","format":"standard","meta":{"footnotes":""},"categories":[204],"tags":[],"class_list":["post-7004","post","type-post","status-publish","format-standard","hentry","category-ukategorisert-nb"],"_links":{"self":[{"href":"https:\/\/stansgar.katolsk.no\/index.php?rest_route=\/wp\/v2\/posts\/7004","targetHints":{"allow":["GET"]}}],"collection":[{"href":"https:\/\/stansgar.katolsk.no\/index.php?rest_route=\/wp\/v2\/posts"}],"about":[{"href":"https:\/\/stansgar.katolsk.no\/index.php?rest_route=\/wp\/v2\/types\/post"}],"author":[{"embeddable":true,"href":"https:\/\/stansgar.katolsk.no\/index.php?rest_route=\/wp\/v2\/users\/5"}],"replies":[{"embeddable":true,"href":"https:\/\/stansgar.katolsk.no\/index.php?rest_route=%2Fwp%2Fv2%2Fcomments&post=7004"}],"version-history":[{"count":5,"href":"https:\/\/stansgar.katolsk.no\/index.php?rest_route=\/wp\/v2\/posts\/7004\/revisions"}],"predecessor-version":[{"id":7010,"href":"https:\/\/stansgar.katolsk.no\/index.php?rest_route=\/wp\/v2\/posts\/7004\/revisions\/7010"}],"wp:attachment":[{"href":"https:\/\/stansgar.katolsk.no\/index.php?rest_route=%2Fwp%2Fv2%2Fmedia&parent=7004"}],"wp:term":[{"taxonomy":"category","embeddable":true,"href":"https:\/\/stansgar.katolsk.no\/index.php?rest_route=%2Fwp%2Fv2%2Fcategories&post=7004"},{"taxonomy":"post_tag","embeddable":true,"href":"https:\/\/stansgar.katolsk.no\/index.php?rest_route=%2Fwp%2Fv2%2Ftags&post=7004"}],"curies":[{"name":"wp","href":"https:\/\/api.w.org\/{rel}","templated":true}]}}