{"id":700,"date":"2014-06-15T22:02:00","date_gmt":"2014-06-15T20:02:00","guid":{"rendered":"http:\/\/stansgar.katolsk.no\/index.php\/2014\/06\/15\/kunngjringer-sndag-15juni-2014\/"},"modified":"2018-10-12T09:12:46","modified_gmt":"2018-10-12T07:12:46","slug":"kunngjringer-sndag-15juni-2014","status":"publish","type":"post","link":"https:\/\/stansgar.katolsk.no\/?p=700","title":{"rendered":"Kunngj\u00f8ringer s\u00f8ndag 15.juni  2014"},"content":{"rendered":"<div class=\"MsoNormal\" style=\"background-color: white; color: #222222; font-size: 13px;\">\n<\/div>\n<div class=\"MsoNormal\" style=\"background-color: white; color: #222222; font-size: 13px;\">\n<b>Tirsdag til fredag<\/b> er det messe kl. 18<u><\/u><u><\/u><\/div>\n<div class=\"MsoNormal\" style=\"background-color: white; color: #222222; font-size: 13px;\">\n<b>Torsdag ogs\u00e5 messe kl. 11<\/b><u><\/u><u><\/u><\/div>\n<div class=\"MsoNormal\" style=\"background-color: white; color: #222222; font-size: 13px;\">\n<\/div>\n<div class=\"MsoNormal\" style=\"background-color: white; color: #222222; font-size: 13px;\">\n<b>L\u00f8rdag 21. juni<\/b> er det messe p\u00e5 fransk kl. 16<u><\/u><u><\/u><\/div>\n<div class=\"MsoNormal\" style=\"background-color: white; color: #222222; font-size: 13px;\">\n<\/div>\n<div class=\"MsoNormal\" style=\"background-color: white; color: #222222; font-size: 13px;\">\n<b>S\u00f8ndag 22. juni er Kristi legemsfest.<\/b> Det blir prosesjon og sakramentsvelsignelse etter messen.<u><\/u><u><\/u><\/div>\n<div class=\"MsoNormal\" style=\"background-color: white; color: #222222; font-size: 13px;\">\n<\/div>\n<div class=\"MsoNormal\" style=\"background-color: white; color: #222222; font-size: 13px;\">\nNeste s\u00f8ndag blir det ogs\u00e5 <b>salg fra bokskapet<\/b>, og mulighet til \u00e5 st\u00f8tte menighetens byggeprosjekt. Dra kortet og hjelp menigheten \u00e5 nedbetale gjelden!<\/div>\n","protected":false},"excerpt":{"rendered":"<p>Tirsdag til fredag er det messe kl. 18 Torsdag ogs\u00e5 messe kl. 11 L\u00f8rdag 21. juni er det messe p\u00e5 fransk kl. 16 S\u00f8ndag 22. juni er Kristi legemsfest. Det blir prosesjon og sakramentsvelsignelse etter messen. Neste s\u00f8ndag blir det&#8230;<br \/><a class=\"read-more-button\" href=\"https:\/\/stansgar.katolsk.no\/?p=700\">Read more<\/a><\/p>\n","protected":false},"author":3,"featured_media":0,"comment_status":"open","ping_status":"open","sticky":false,"template":"","format":"standard","meta":{"footnotes":""},"categories":[1],"tags":[3],"class_list":["post-700","post","type-post","status-publish","format-standard","hentry","category-ukategorisert","tag-kunngjoringer"],"_links":{"self":[{"href":"https:\/\/stansgar.katolsk.no\/index.php?rest_route=\/wp\/v2\/posts\/700","targetHints":{"allow":["GET"]}}],"collection":[{"href":"https:\/\/stansgar.katolsk.no\/index.php?rest_route=\/wp\/v2\/posts"}],"about":[{"href":"https:\/\/stansgar.katolsk.no\/index.php?rest_route=\/wp\/v2\/types\/post"}],"author":[{"embeddable":true,"href":"https:\/\/stansgar.katolsk.no\/index.php?rest_route=\/wp\/v2\/users\/3"}],"replies":[{"embeddable":true,"href":"https:\/\/stansgar.katolsk.no\/index.php?rest_route=%2Fwp%2Fv2%2Fcomments&post=700"}],"version-history":[{"count":1,"href":"https:\/\/stansgar.katolsk.no\/index.php?rest_route=\/wp\/v2\/posts\/700\/revisions"}],"predecessor-version":[{"id":2662,"href":"https:\/\/stansgar.katolsk.no\/index.php?rest_route=\/wp\/v2\/posts\/700\/revisions\/2662"}],"wp:attachment":[{"href":"https:\/\/stansgar.katolsk.no\/index.php?rest_route=%2Fwp%2Fv2%2Fmedia&parent=700"}],"wp:term":[{"taxonomy":"category","embeddable":true,"href":"https:\/\/stansgar.katolsk.no\/index.php?rest_route=%2Fwp%2Fv2%2Fcategories&post=700"},{"taxonomy":"post_tag","embeddable":true,"href":"https:\/\/stansgar.katolsk.no\/index.php?rest_route=%2Fwp%2Fv2%2Ftags&post=700"}],"curies":[{"name":"wp","href":"https:\/\/api.w.org\/{rel}","templated":true}]}}