{"id":70,"date":"2018-09-02T21:54:00","date_gmt":"2018-09-02T19:54:00","guid":{"rendered":"http:\/\/stansgar.katolsk.no\/index.php\/2018\/09\/02\/kunngjringer-sndag-29\/"},"modified":"2018-10-12T09:12:13","modified_gmt":"2018-10-12T07:12:13","slug":"kunngjringer-sndag-29","status":"publish","type":"post","link":"https:\/\/stansgar.katolsk.no\/?p=70","title":{"rendered":"KUNNGJ\u00d8RINGER S\u00d8NDAG 2.9"},"content":{"rendered":"<p><\/p>\n<div class=\"MsoNormal\" style=\"line-height: 115%; margin-bottom: 6.0pt; margin-left: 70.8pt; margin-right: 0cm; margin-top: 0cm; text-indent: 35.4pt;\">\n<\/div>\n<div class=\"MsoNormal\" style=\"line-height: 115%; margin-bottom: 6.0pt; margin-left: 106.5pt; margin-right: 0cm; margin-top: 0cm; text-indent: -106.5pt;\">\n<\/div>\n<div class=\"MsoNormal\" style=\"line-height: 115%; margin-bottom: 6.0pt; margin-left: 106.5pt; margin-right: 0cm; margin-top: 0cm; text-indent: -106.5pt;\">\nTirsdag<br \/>\n04\/09&nbsp;&nbsp;&nbsp;&nbsp;&nbsp;&nbsp;&nbsp;&nbsp;&nbsp;&nbsp;&nbsp;&nbsp;&nbsp; kl. 18.00&nbsp;&nbsp;&nbsp;&nbsp;&nbsp;&nbsp;&nbsp;&nbsp; Messe \u2013 etterfulgt av sakramentstilbedelse<\/div>\n<div class=\"MsoNormal\" style=\"margin-bottom: 6.0pt;\">\nOnsdag 05\/09&nbsp;&nbsp;&nbsp;&nbsp;&nbsp;&nbsp;&nbsp;&nbsp;&nbsp;&nbsp;&nbsp;&nbsp; kl. 18.00&nbsp;&nbsp;&nbsp;&nbsp;&nbsp;&nbsp;&nbsp;&nbsp; Messe<\/div>\n<div class=\"MsoNormal\" style=\"margin-bottom: 6.0pt;\">\nTorsdag 06\/09 &nbsp;&nbsp;&nbsp;&nbsp;&nbsp;&nbsp;&nbsp;&nbsp;&nbsp;&nbsp; kl. 11.00&nbsp;&nbsp;&nbsp;&nbsp;&nbsp;&nbsp;&nbsp;&nbsp; Messe \u2013 etterfulgt av felles lunsj i Kiga<\/div>\n<div class=\"MsoNormal\" style=\"margin-bottom: 6.0pt; margin-left: 106.2pt; margin-right: 0cm; margin-top: 0cm; text-indent: .3pt;\">\nEtter messen er det stille tilbedelse fram<br \/>\nkl. 17.45. <\/div>\n<div class=\"MsoNormal\" style=\"margin-bottom: 6.0pt; margin-left: 106.2pt; margin-right: 0cm; margin-top: 0cm; text-indent: .3pt;\">\nkl. 18.00 &nbsp;&nbsp;&nbsp;&nbsp;&nbsp;&nbsp;&nbsp; Messe<\/div>\n<div class=\"MsoNormal\" style=\"margin-bottom: 6.0pt;\">\nFredag 07\/09 &nbsp;&nbsp;&nbsp;&nbsp;&nbsp;&nbsp;&nbsp;&nbsp;&nbsp;&nbsp;&nbsp;&nbsp; kl. 17.00&nbsp;&nbsp;&nbsp;&nbsp;&nbsp;&nbsp;&nbsp;&nbsp; Sakramentstilbedelse \u2013 Skriftem\u00e5l under tilbedelsen<\/div>\n<div class=\"MsoNormal\" style=\"margin-bottom: 6.0pt; margin-left: 70.8pt; margin-right: 0cm; margin-top: 0cm; text-indent: 35.4pt;\">\nkl. 18.00&nbsp;&nbsp;&nbsp;&nbsp;&nbsp;&nbsp;&nbsp;&nbsp; Messe<\/div>\n<div class=\"MsoNormal\" style=\"line-height: 115%; margin-bottom: 6.0pt; margin-left: 106.5pt; margin-right: 0cm; margin-top: 0cm; text-indent: -106.5pt;\">\nL\u00f8rdag 08\/09&nbsp;&nbsp;&nbsp;&nbsp;&nbsp;&nbsp;&nbsp;&nbsp;&nbsp;&nbsp;&nbsp;&nbsp;&nbsp;&nbsp; kl. 13.00 &nbsp;&nbsp;&nbsp;&nbsp;&nbsp;&nbsp;&nbsp; Messe<\/div>\n<div class=\"MsoNormal\" style=\"line-height: 115%; margin-bottom: 6.0pt; margin-left: 70.8pt; margin-right: 0cm; margin-top: 0cm; text-indent: 35.4pt;\">\nkl. 18.00&nbsp;&nbsp;&nbsp;&nbsp;&nbsp;&nbsp;&nbsp;&nbsp; Messe p\u00e5 polsk<\/div>\n<div class=\"MsoNormal\" style=\"line-height: 115%; margin-bottom: 6.0pt;\">\n<\/div>\n<div class=\"MsoNormal\" style=\"line-height: 115%; margin-bottom: 6.0pt;\">\n<b>S\u00f8ndag 09\/09&nbsp; &nbsp;&nbsp;&nbsp;&nbsp;&nbsp;&nbsp;&nbsp;&nbsp;&nbsp;&nbsp;&nbsp; 23.<br \/>\nS\u00d8NDAG I DET ALMINNELIGE KIRKE\u00c5R &#8211; &nbsp;Mark<br \/>\n7,1-8a.14-15<\/b><\/div>\n<div class=\"MsoNormal\" style=\"line-height: 115%; margin-bottom: 6.0pt; margin-left: 70.8pt; margin-right: 0cm; margin-top: 0cm; text-indent: 35.4pt;\">\nkl. 09.00&nbsp;&nbsp;&nbsp;&nbsp;&nbsp;&nbsp;&nbsp;&nbsp; Messe p\u00e5 polsk<\/div>\n<div class=\"MsoNormal\" style=\"line-height: 115%; margin-bottom: 6.0pt;\">\n&nbsp;&nbsp;&nbsp;&nbsp;&nbsp;&nbsp;&nbsp;&nbsp;&nbsp;&nbsp;&nbsp;&nbsp;&nbsp;&nbsp;&nbsp;&nbsp;&nbsp;&nbsp;&nbsp;&nbsp;&nbsp;&nbsp;&nbsp;&nbsp;&nbsp;&nbsp;&nbsp;&nbsp;&nbsp;&nbsp;&nbsp;&nbsp;&nbsp;&nbsp; kl. 11.00&nbsp;&nbsp;&nbsp;&nbsp;&nbsp;&nbsp;&nbsp;&nbsp; Messe p\u00e5 norsk<\/div>\n<div class=\"MsoNormal\" style=\"line-height: 115%; margin-bottom: 6.0pt;\">\n&nbsp;&nbsp;&nbsp;&nbsp;&nbsp;&nbsp;&nbsp;&nbsp;&nbsp;&nbsp;&nbsp;&nbsp;&nbsp;&nbsp;&nbsp;&nbsp;&nbsp;&nbsp;&nbsp;&nbsp;&nbsp;&nbsp;&nbsp;&nbsp;&nbsp;&nbsp;&nbsp;&nbsp;&nbsp;&nbsp;&nbsp;&nbsp;&nbsp;&nbsp; kl. 13.00 &nbsp;&nbsp;&nbsp;&nbsp;&nbsp;&nbsp;&nbsp; Messe p\u00e5 vietnamesisk<\/div>\n<div class=\"MsoNormal\" style=\"line-height: 115%; margin-bottom: 6.0pt;\">\n&nbsp;&nbsp;&nbsp;&nbsp;&nbsp;&nbsp;&nbsp;&nbsp;&nbsp;&nbsp;&nbsp;&nbsp;&nbsp;&nbsp;&nbsp;&nbsp;&nbsp;&nbsp;&nbsp;&nbsp;&nbsp;&nbsp;&nbsp;&nbsp;&nbsp;&nbsp;&nbsp;&nbsp;&nbsp;&nbsp;&nbsp;&nbsp;&nbsp;&nbsp; kl. 17.00&nbsp;&nbsp;&nbsp;&nbsp;&nbsp;&nbsp;&nbsp;&nbsp; Messe i Mandal<\/div>\n<div class=\"MsoNormal\" style=\"line-height: 115%; margin-bottom: 6.0pt;\">\n<b style=\"mso-bidi-font-weight: normal;\">Annet:<\/b><\/div>\n<div class=\"MsoNoSpacing\" style=\"line-height: 115%; margin-left: 36.0pt; mso-list: l0 level1 lfo1; text-indent: -18.0pt;\">\n&#8211;&nbsp;&nbsp;&nbsp;&nbsp;&nbsp;&nbsp;<br \/>\nHver f\u00f8rste torsdag i m\u00e5neden ber vi spesielt<br \/>\nfor kall til ordenslivet og presteskapet.<\/div>\n<div class=\"MsoNoSpacing\" style=\"line-height: 115%;\">\nVi begynner med messe kl.<br \/>\n11.00. Etter messen er det stille tilbedelse fram kl. 17.45.<\/div>\n<div class=\"MsoNoSpacing\" style=\"line-height: 115%;\">\nAlle som vil delta i<br \/>\ntilbedelsen, m\u00e5 skrive navnet sitt p\u00e5 en liste som henger i gangen utenfor<br \/>\nkirken.<\/div>\n<div class=\"MsoListParagraphCxSpFirst\" style=\"line-height: normal; mso-add-space: auto; mso-list: l0 level1 lfo1; mso-margin-bottom-alt: auto; mso-margin-top-alt: auto; text-indent: -18.0pt;\">\n&#8211;&nbsp;&nbsp;&nbsp;&nbsp;&nbsp;&nbsp; L\u00f8rdag 08\/09: Oppstart av<br \/>\nkatekesen<\/div>\n<div class=\"MsoListParagraphCxSpMiddle\" style=\"line-height: normal; mso-add-space: auto; mso-margin-bottom-alt: auto; mso-margin-top-alt: auto;\">\nDet er katekese for 1. klasse til 4. klasse fra<br \/>\nklokken 10.00 til klokken 14.00.<\/div>\n<div class=\"MsoListParagraphCxSpMiddle\" style=\"line-height: normal; mso-add-space: auto; mso-margin-bottom-alt: auto; mso-margin-top-alt: auto;\">\nDet er foreldrem\u00f8te i kirka kl. 10.00.<\/div>\n<div class=\"MsoListParagraphCxSpMiddle\" style=\"line-height: normal; mso-add-space: auto; mso-margin-bottom-alt: auto; mso-margin-top-alt: auto;\">\n<\/div>\n<div class=\"MsoListParagraphCxSpMiddle\" style=\"line-height: normal; mso-add-space: auto; mso-margin-bottom-alt: auto; mso-margin-top-alt: auto;\">\nDet er katekese for 5. klasse til 9. klasse fra<br \/>\nklokken 13.00 til klokken 17.00.<\/div>\n<div class=\"MsoListParagraphCxSpMiddle\" style=\"line-height: normal; mso-add-space: auto; mso-margin-bottom-alt: auto; mso-margin-top-alt: auto;\">\nDet er foreldrem\u00f8te i kirken klokken 14.00<\/div>\n<div class=\"MsoListParagraphCxSpMiddle\" style=\"line-height: normal; mso-add-space: auto; mso-margin-bottom-alt: auto; mso-margin-top-alt: auto;\">\n<\/div>\n<div class=\"MsoListParagraphCxSpLast\" style=\"line-height: normal; mso-add-space: auto; mso-margin-bottom-alt: auto; mso-margin-top-alt: auto;\">\nKlokken 13.00 er det messe for b\u00e5de barn i<br \/>\nformiddagskatekesen og ettermiddagskatekesen.<\/div>\n<div class=\"MsoNormal\" style=\"background: white; line-height: normal; margin-bottom: .0001pt; margin-bottom: 0cm;\">\nKonfirmasjonsforberedelsen er to \u00e5r.<br \/>\nBare de som har fullf\u00f8rt to \u00e5rs konfirmasjonskurs kan motta konfirmasjonens<br \/>\nsakrament. Alle m\u00e5 begynne i 8. klasse som er det f\u00f8rste forberedelses \u00e5ret til<br \/>\nkonfirmasjonens sakrament. Dette gjelder ogs\u00e5 ungdommer som g\u00e5r i 9. eller 10.<br \/>\ntrinn p\u00e5 grunnskolen, hvis de ikke har tatt det f\u00f8rste forberedelses\u00e5ret til<br \/>\nkonfirmasjonen. <\/div>\n<div class=\"MsoListParagraph\" style=\"line-height: normal; mso-add-space: auto; mso-margin-bottom-alt: auto; mso-margin-top-alt: auto;\">\n<\/div>\n<div class=\"m8674392872933367555ingenmellomrom1\" style=\"line-height: 115%; margin-bottom: 6.0pt;\">\n&nbsp;&nbsp;&nbsp;&nbsp;&nbsp;&nbsp;&nbsp;&nbsp;&nbsp;&nbsp;&nbsp;&nbsp;&nbsp;&nbsp;&nbsp;&nbsp;&nbsp;&nbsp;&nbsp;&nbsp;&nbsp;&nbsp; <b>Alle er hjertelig velkommen til<br \/>\nkirkekaffe!<\/b><\/div>\n<div class=\"m8674392872933367555ingenmellomrom1\" style=\"line-height: 115%; margin-bottom: 6.0pt; margin-left: 35.4pt; margin-right: 0cm; margin-top: 5.0pt; text-indent: 35.4pt;\">\n<b>&nbsp;&nbsp;&nbsp;&nbsp;<br \/>\n\u00d8nsker dere en riktig god s\u00f8ndag!<\/b><\/div>\n<div class=\"Ingenmellomrom1\" style=\"line-height: 115%; margin-bottom: 6.0pt; margin-left: 35.4pt; margin-right: 0cm; margin-top: 0cm; text-indent: 35.4pt;\">\n<\/div>\n<p><\/p>\n","protected":false},"excerpt":{"rendered":"<p>Tirsdag 04\/09&nbsp;&nbsp;&nbsp;&nbsp;&nbsp;&nbsp;&nbsp;&nbsp;&nbsp;&nbsp;&nbsp;&nbsp;&nbsp; kl. 18.00&nbsp;&nbsp;&nbsp;&nbsp;&nbsp;&nbsp;&nbsp;&nbsp; Messe \u2013 etterfulgt av sakramentstilbedelse Onsdag 05\/09&nbsp;&nbsp;&nbsp;&nbsp;&nbsp;&nbsp;&nbsp;&nbsp;&nbsp;&nbsp;&nbsp;&nbsp; kl. 18.00&nbsp;&nbsp;&nbsp;&nbsp;&nbsp;&nbsp;&nbsp;&nbsp; Messe Torsdag 06\/09 &nbsp;&nbsp;&nbsp;&nbsp;&nbsp;&nbsp;&nbsp;&nbsp;&nbsp;&nbsp; kl. 11.00&nbsp;&nbsp;&nbsp;&nbsp;&nbsp;&nbsp;&nbsp;&nbsp; Messe \u2013 etterfulgt av felles lunsj i Kiga Etter messen er det stille tilbedelse fram kl. 17.45. kl. 18.00 &nbsp;&nbsp;&nbsp;&nbsp;&nbsp;&nbsp;&nbsp; Messe&#8230;<br \/><a class=\"read-more-button\" href=\"https:\/\/stansgar.katolsk.no\/?p=70\">Read more<\/a><\/p>\n","protected":false},"author":3,"featured_media":0,"comment_status":"open","ping_status":"open","sticky":false,"template":"","format":"standard","meta":{"footnotes":""},"categories":[1],"tags":[3],"class_list":["post-70","post","type-post","status-publish","format-standard","hentry","category-ukategorisert","tag-kunngjoringer"],"_links":{"self":[{"href":"https:\/\/stansgar.katolsk.no\/index.php?rest_route=\/wp\/v2\/posts\/70","targetHints":{"allow":["GET"]}}],"collection":[{"href":"https:\/\/stansgar.katolsk.no\/index.php?rest_route=\/wp\/v2\/posts"}],"about":[{"href":"https:\/\/stansgar.katolsk.no\/index.php?rest_route=\/wp\/v2\/types\/post"}],"author":[{"embeddable":true,"href":"https:\/\/stansgar.katolsk.no\/index.php?rest_route=\/wp\/v2\/users\/3"}],"replies":[{"embeddable":true,"href":"https:\/\/stansgar.katolsk.no\/index.php?rest_route=%2Fwp%2Fv2%2Fcomments&post=70"}],"version-history":[{"count":1,"href":"https:\/\/stansgar.katolsk.no\/index.php?rest_route=\/wp\/v2\/posts\/70\/revisions"}],"predecessor-version":[{"id":1519,"href":"https:\/\/stansgar.katolsk.no\/index.php?rest_route=\/wp\/v2\/posts\/70\/revisions\/1519"}],"wp:attachment":[{"href":"https:\/\/stansgar.katolsk.no\/index.php?rest_route=%2Fwp%2Fv2%2Fmedia&parent=70"}],"wp:term":[{"taxonomy":"category","embeddable":true,"href":"https:\/\/stansgar.katolsk.no\/index.php?rest_route=%2Fwp%2Fv2%2Fcategories&post=70"},{"taxonomy":"post_tag","embeddable":true,"href":"https:\/\/stansgar.katolsk.no\/index.php?rest_route=%2Fwp%2Fv2%2Ftags&post=70"}],"curies":[{"name":"wp","href":"https:\/\/api.w.org\/{rel}","templated":true}]}}