{"id":6982,"date":"2020-03-12T13:22:25","date_gmt":"2020-03-12T12:22:25","guid":{"rendered":"https:\/\/stansgar.katolsk.no\/?p=6982"},"modified":"2020-03-12T13:22:25","modified_gmt":"2020-03-12T12:22:25","slug":"nowe-rozporzadzenia-zapobiegajace-rozprzestrzenianu-sie-koronowirusa-11-03-2020","status":"publish","type":"post","link":"https:\/\/stansgar.katolsk.no\/?p=6982","title":{"rendered":"Nowe rozporz\u0105dzenia zapobiegaj\u0105ce rozprzestrzenianu si\u0119 koronowirusa 11.03.2020"},"content":{"rendered":"<h1 class=\"documentFirstHeading\">Nowe rozporz\u0105dzenia zapobiegaj\u0105ce rozprzestrzenianu si\u0119 koronowirusa 11.03.2020: Wszystkie Msze z udzia\u0142em ponad 100 uczestnik\u00f3w s\u0105 odwo\u0142ane.<\/h1>\n<p><a href=\"http:\/\/www.katolsk.no\/nyheter\/2020\/03\/nowe-rozporzadzenia-zapobiegajace-rozprzestrzenianu-sie-koronowirusa-11-03-2020-wszystkie-msze-z-udzialem-ponad-100-uczestnikow-sa-odwolane\">http:\/\/www.katolsk.no\/nyheter\/2020\/03\/nowe-rozporzadzenia-zapobiegajace-rozprzestrzenianu-sie-koronowirusa-11-03-2020-wszystkie-msze-z-udzialem-ponad-100-uczestnikow-sa-odwolane<\/a><\/p>\n<p>&nbsp;<\/p>\n<h5><strong>Nowe rozporz\u0105dzenia zapobiegaj\u0105ce rozprzestrzenianiu si\u0119 koronowirusa Diecezji katolickiej Oslo obowi\u0105zuj\u0105 do Niedzieli Palmowej<\/strong><\/h5>\n<p><strong>\u00a0\u015aled\u017a stron\u0119 katolsk.no, gdzie znajdziesz aktualizowane informacje<\/strong><\/p>\n<p><strong>M\u00d3DLMY SI\u0118 ZA WSZYSTKICH DOTKNI\u0118TYCH CHOROB\u0104:<\/strong><em>\u00a0Pami\u0119tajcie, \u017ce kap\u0142ani modl\u0105 si\u0119 za was, za chorych, pracownik\u00f3w s\u0142u\u017cby zdrowia i wszystkich, kt\u00f3rzy s\u0105 dotkni\u0119ci epidemi\u0105.<br \/>\n<\/em><\/p>\n<p>&nbsp;<\/p>\n<p><em>Drodzy wierni,<\/em><\/p>\n<p>Ograniczanie lub zapobieganie infekcji koronowirusem to okazywanie mi\u0142o\u015bci bli\u017aniego w praktyce. Diecezja Katolicka \u00a0Oslo wprowadza zatem nowe i bardziej rygorystyczne \u015brodki zapobiegania infekcji w tej bardzo wymagaj\u0105cej sytuacji. Modlimy si\u0119 za chorych, nara\u017conych na zara\u017cenie i za pe\u0142nych po\u015bwi\u0119cenia pracownik\u00f3w s\u0142u\u017cby zdrowia.<\/p>\n<p>&nbsp;<\/p>\n<h4><strong>Zalecenie<\/strong>:<\/h4>\n<p>Zach\u0119cam proboszcz\u00f3w, rady parafialne i wiernych do zachowania ostro\u017cno\u015bci i uwa\u017cnego \u015bledzenia zalece\u0144 i rozporz\u0105dze\u0144 w\u0142adz.<\/p>\n<h4>\n<span style=\"color: #000000;\"><strong>Zarz\u0105dzenia dotycz\u0105ce aktywno\u015bci poza Mszami (nakaz):<\/strong><\/span><strong><br \/>\n<\/strong><\/h4>\n<ul>\n<li>Ca\u0142a aktywno\u015b\u0107 spo\u0142eczna przed i po Mszach jest odwo\u0142ana: nie ma spotka\u0144 przy kawie i innych, podobnych aktywno\u015bci.<\/li>\n<li>Wszystkie katechezy s\u0105 natychmiastowo anulowane, bez wzgl\u0119du na liczb\u0119 uczestnik\u00f3w.<\/li>\n<li>Wszelka inna dzia\u0142alno\u015b\u0107 ko\u015bcielna poza Mszami zostaje odwo\u0142ana, dotyczy to pr\u00f3b ch\u00f3r\u00f3w, wyk\u0142ad\u00f3w, rekolekcji itp.<\/li>\n<li>Wszystkie wyjazdy zagraniczne dla pracownik\u00f3w i kap\u0142an\u00f3w w OKB s\u0105 anulowane.<\/li>\n<\/ul>\n<p>&nbsp;<\/p>\n<h4><strong><span style=\"color: #000000;\">Zarz\u0105dzenia dotycz\u0105ce Mszy (nakaz):<\/span><br \/>\n<\/strong><\/h4>\n<ul>\n<li><strong>Wszystkie Msze z udzia\u0142em ponad 100 uczestnik\u00f3w s\u0105 natychmiastowo odwo\u0142ane.<\/strong><\/li>\n<li>Zachowaj odleg\u0142o\u015b\u0107 jednego metra od innych wierz\u0105cych. Odnosi si\u0119 to r\u00f3wnie\u017c \u00a0do sytuacji, gdy przychodzicie do ko\u015bcio\u0142a na modlitw\u0119 i medytacj\u0119 poza Msz\u0105.<\/li>\n<li>Unikaj podawania r\u0119ki przed, w trakcie i po Mszy. Dotyczy to r\u00f3wnie\u017c kap\u0142ana.<\/li>\n<li>Przyjmij komuni\u0119 w jednej formie (tylko komunia do r\u0119ki).<\/li>\n<li>Wszystkie zbiorniki na wod\u0119 (kropielnice) powinny by\u0107 puste. Woda \u015bwi\u0119cona nie jest u\u017cywana. (Chrzest jest odk\u0142adany, je\u015bli to mo\u017cliwe).<\/li>\n<li><strong>Zbieranie kolekty nie odbywa si\u0119 podczas Mszy, ale po niej.<\/strong>\u00a0Wierni umieszczaj\u0105 ofiar\u0119 w odpowiednim pojemniku znajduj\u0105cym si\u0119 przy wyj\u015bciu lub w innych odpowiednich miejscach wewn\u0105trz lub na zewn\u0105trz budynku ko\u015bcio\u0142a.\u00a0<strong>Wiernych zach\u0119ca si\u0119 do przekazywania kolekty za po\u015brednictwem Vipps.<\/strong><\/li>\n<li><strong>\u015apiewniki nie powinny by\u0107 u\u017cywane.<\/strong>\u00a0Psalmy i pie\u015bni s\u0105 kopiowane na kartkach, kt\u00f3re b\u0119d\u0105 wyrzucane po u\u017cyciu.<\/li>\n<\/ul>\n<p>&nbsp;<\/p>\n<p><em>Podkre\u015blam, \u017ce je\u015bli masz w\u0105tpliwo\u015bci, co do w\u0142asnego zdrowia, zauwa\u017casz objawy choroby lub jeste\u015b chory, to jeste\u015b zwolniony z obowi\u0105zku udzia\u0142u w Mszy \u015bw.<\/em><\/p>\n<p>Je\u015bli pozostajecie w domu i nie bierzecie udzia\u0142u w Mszy \u015bw., zach\u0119cam was do modlitwy o duchow\u0105 komuni\u0119, we w\u0142asnym zakresie lub z rodzin\u0105.<\/p>\n<p><strong>Ko\u015bcio\u0142y pozostan\u0105 otwarte dla wszystkich wierz\u0105cych. Pami\u0119tajcie, \u017ce kap\u0142ani modl\u0105 si\u0119 za was, za chorych, pracownik\u00f3w s\u0142u\u017cby zdrowia i wszystkich, kt\u00f3rzy s\u0105 dotkni\u0119ci epidemi\u0105.<\/strong><\/p>\n<p>Niech czas Wielkiego Postu odnowi nas i zainspiruje do dodatkowej pokuty, modlitwy i postu za tych wszystkich, kt\u00f3rzy s\u0105 dotkni\u0119ci epidemi\u0105.<\/p>\n<p>&nbsp;<\/p>\n<p>&nbsp;<\/p>\n<p style=\"text-align: center;\">In Christo,<em>\u00a0\u00a0<\/em><\/p>\n<p style=\"text-align: center;\"><em>+ Bernt Eidsvig<\/em><\/p>\n<p style=\"text-align: center;\"><em>Oslo, 10 marca 2020 r.<\/em><\/p>\n<p><strong>\u00a0<\/strong><\/p>\n","protected":false},"excerpt":{"rendered":"<p>Nowe rozporz\u0105dzenia zapobiegaj\u0105ce rozprzestrzenianu si\u0119 koronowirusa 11.03.2020: Wszystkie Msze z udzia\u0142em ponad 100 uczestnik\u00f3w s\u0105 odwo\u0142ane. http:\/\/www.katolsk.no\/nyheter\/2020\/03\/nowe-rozporzadzenia-zapobiegajace-rozprzestrzenianu-sie-koronowirusa-11-03-2020-wszystkie-msze-z-udzialem-ponad-100-uczestnikow-sa-odwolane &nbsp; Nowe rozporz\u0105dzenia zapobiegaj\u0105ce rozprzestrzenianiu si\u0119 koronowirusa Diecezji katolickiej Oslo obowi\u0105zuj\u0105 do Niedzieli Palmowej \u00a0\u015aled\u017a stron\u0119 katolsk.no, gdzie znajdziesz aktualizowane informacje M\u00d3DLMY SI\u0118&#8230;<br \/><a class=\"read-more-button\" href=\"https:\/\/stansgar.katolsk.no\/?p=6982\">Read more<\/a><\/p>\n","protected":false},"author":5,"featured_media":0,"comment_status":"open","ping_status":"open","sticky":false,"template":"","format":"standard","meta":{"footnotes":""},"categories":[204],"tags":[],"class_list":["post-6982","post","type-post","status-publish","format-standard","hentry","category-ukategorisert-nb"],"_links":{"self":[{"href":"https:\/\/stansgar.katolsk.no\/index.php?rest_route=\/wp\/v2\/posts\/6982","targetHints":{"allow":["GET"]}}],"collection":[{"href":"https:\/\/stansgar.katolsk.no\/index.php?rest_route=\/wp\/v2\/posts"}],"about":[{"href":"https:\/\/stansgar.katolsk.no\/index.php?rest_route=\/wp\/v2\/types\/post"}],"author":[{"embeddable":true,"href":"https:\/\/stansgar.katolsk.no\/index.php?rest_route=\/wp\/v2\/users\/5"}],"replies":[{"embeddable":true,"href":"https:\/\/stansgar.katolsk.no\/index.php?rest_route=%2Fwp%2Fv2%2Fcomments&post=6982"}],"version-history":[{"count":1,"href":"https:\/\/stansgar.katolsk.no\/index.php?rest_route=\/wp\/v2\/posts\/6982\/revisions"}],"predecessor-version":[{"id":6983,"href":"https:\/\/stansgar.katolsk.no\/index.php?rest_route=\/wp\/v2\/posts\/6982\/revisions\/6983"}],"wp:attachment":[{"href":"https:\/\/stansgar.katolsk.no\/index.php?rest_route=%2Fwp%2Fv2%2Fmedia&parent=6982"}],"wp:term":[{"taxonomy":"category","embeddable":true,"href":"https:\/\/stansgar.katolsk.no\/index.php?rest_route=%2Fwp%2Fv2%2Fcategories&post=6982"},{"taxonomy":"post_tag","embeddable":true,"href":"https:\/\/stansgar.katolsk.no\/index.php?rest_route=%2Fwp%2Fv2%2Ftags&post=6982"}],"curies":[{"name":"wp","href":"https:\/\/api.w.org\/{rel}","templated":true}]}}