{"id":6974,"date":"2020-03-12T13:18:01","date_gmt":"2020-03-12T12:18:01","guid":{"rendered":"https:\/\/stansgar.katolsk.no\/?p=6974"},"modified":"2020-03-12T13:18:01","modified_gmt":"2020-03-12T12:18:01","slug":"aktualny-plan-nabozenstw-dla-polakow-w-parafii-sw-ansgara-w-kristiansand-na-miesiac-marzec-2020","status":"publish","type":"post","link":"https:\/\/stansgar.katolsk.no\/?p=6974","title":{"rendered":"Aktualny plan nabo\u017ce\u0144stw dla Polak\u00f3w w parafii \u015bw. Ansgara w Kristiansand na miesi\u0105c marzec 2020"},"content":{"rendered":"<p>&nbsp;<\/p>\n<p><strong>Uaktualniony plan nabo\u017ce\u0144stw<\/strong> dla Polak\u00f3w w parafii \u015bw. Ansgara w Kristiansand<br \/>\nna miesi\u0105c marzec 2020<\/p>\n<p><span style=\"color: #800080;\"><strong><u>Niedziela 01.03. 2020 (1. Niedziela Wielkiego Postu A)<\/u><\/strong><\/span><strong><u><br \/>\n<\/u><\/strong><em>8.30 Gorzkie \u017bale cz. 1 (okazja do spowiedzi \u015bw.)<br \/>\n<\/em><strong>9.00 Msza \u015bw.<\/strong><\/p>\n<p>&nbsp;<\/p>\n<p><strong><u>Sobota 07.03.<\/u><\/strong> <em><br \/>\n<\/em><strong>18.00 Msza \u015bw. <\/strong><\/p>\n<p>19.00 nabo\u017ce\u0144stwo Drogi Krzy\u017cowej<\/p>\n<p><span style=\"color: #800080;\"><strong><u>Niedziela 08.03. 2020 (2. Niedziela Wielkiego Postu A)<\/u><\/strong><\/span><strong><u><br \/>\n<\/u><\/strong><em>8.30 Gorzkie \u017bale cz. 2 (okazja do spowiedzi \u015bw.)<br \/>\n<\/em><strong>9.00 Msza \u015bw.<\/strong><\/p>\n<p>&nbsp;<\/p>\n<p><strong><u>Sobota 14.03.<\/u><\/strong> <em><br \/>\n<\/em><span style=\"color: #ff0000;\"><strong><em>W zwi\u0105zku z zagro\u017ceniem koronawirusem katecheza, rekolekcje i wszystkie inne spotkania przy ko\u015bciele zosta\u0142y odwo\u0142ane do Niedzieli Palmowej (5.04)<\/em><\/strong><\/span><strong><br \/>\n<\/strong><strong>18.00 Msza \u015bw. <\/strong><\/p>\n<p>19.00 nabo\u017ce\u0144stwo Drogi Krzy\u017cowej<\/p>\n<p><span style=\"color: #800080;\"><strong><u>Niedziela 15.03. 2020 (3. Niedziela Wielkiego Postu A)<\/u><\/strong><\/span><strong><u><br \/>\n<\/u><\/strong><em>8.30 Gorzkie \u017bale cz.3 (okazja do spowiedzi \u015bw.)<br \/>\n<\/em><strong>9.00 Msza \u015bw.<\/strong><\/p>\n<p>&nbsp;<\/p>\n<p><strong><u>Sobota 21.03.<\/u><\/strong> <em><br \/>\n<\/em>17.00 nabo\u017ce\u0144stwo Drogi Krzy\u017cowej (okazja do spowiedzi \u015bw.)<\/p>\n<p><strong>18.00 Msza \u015bw. <\/strong><\/p>\n<p><strong><u><span style=\"color: #ff00ff;\">Niedziela 22.03. 2020 (4. Niedziela Wielkiego Postu A)<\/span><br \/>\n<\/u><\/strong><em>8.30 Gorzkie \u017bale cz. 1 (okazja do spowiedzi \u015bw.)<br \/>\n<\/em><strong>9.00 Msza \u015bw.<\/strong><\/p>\n<p>&nbsp;<\/p>\n<p><strong><u>Sobota 28.03.<\/u><\/strong> <em><br \/>\n<\/em><strong>18.00 Msza \u015bw. <\/strong><\/p>\n<p>19.00 nabo\u017ce\u0144stwo Drogi Krzy\u017cowej<\/p>\n<p><span style=\"color: #800080;\"><strong><u>Niedziela 29.03. 2020 (5. Niedziela Wielkiego Postu A)<\/u><\/strong><\/span><strong><u><br \/>\n<\/u><\/strong><em>8.30 Gorzkie \u017bale cz. 2 (okazja do spowiedzi \u015bw.)<br \/>\n<\/em><strong>9.00 Msza \u015bw. dla dzieci <\/strong><\/p>\n<p><span style=\"color: #ff0000;\"><strong>Z przykro\u015bci\u0105 informujemy, \u017ce z powodu zagro\u017cenia koronawirusem rekolekcje wielkopostne i wszelkie spotkania poza msz\u0105 \u015bw. (katechezy, kirkekaffe, kursy) zosta\u0142y odwo\u0142ane do Niedzieli Palmowej. Prosimy \u015bledzi\u0107 bie\u017c\u0105ce informacje<br \/>\nna stronie <\/strong><a style=\"color: #ff0000;\" href=\"http:\/\/www.katolsk.no\"><strong>www.katolsk.no<\/strong><\/a><strong>, <\/strong><a style=\"color: #ff0000;\" href=\"https:\/\/kristiansand.katolsk.no\"><strong>kristiansand.katolsk.no<\/strong><\/a><strong>, albo na facebook<\/strong><\/span><\/p>\n<p><strong>\u00a0<\/strong><\/p>\n<p>Zach\u0119camy do rejestrowania swojej przynale\u017cno\u015bci do Ko\u015bcio\u0142a Katolickiego.<br \/>\nFormularze s\u0105 w przedsionku ko\u015bcio\u0142a obok \u015bpiewnik\u00f3w. Mo\u017cna rejestrowa\u0107 si\u0119 samemu<br \/>\nwg podanej instrukcji albo wypisane formularze przynie\u015b\u0107 do zakrystii po mszach \u015bw.<\/p>\n<p>Plan nabo\u017ce\u0144stw dla Polak\u00f3w w parafii \u015bw. Ansgara w Kristiansand<br \/>\nna miesi\u0105c marzec 2020<\/p>\n<p><strong><u>Niedziela 01.03. 2020 (1. Niedziela Wielkiego Postu A)<\/u><\/strong><strong><u><br \/>\n<\/u><\/strong><em>8.30 Gorzkie \u017bale cz. 1 (okazja do spowiedzi \u015bw.)<br \/>\n<\/em><strong>9.00 Msza \u015bw.<\/strong><\/p>\n<p>&nbsp;<\/p>\n<p><strong><u>Sobota 07.03.<\/u><\/strong> <em><br \/>\n<\/em><strong>18.00 Msza \u015bw. <\/strong><\/p>\n<p>19.00 nabo\u017ce\u0144stwo Drogi Krzy\u017cowej<\/p>\n<p><strong><u>Niedziela 08.03. 2020 (2. Niedziela Wielkiego Postu A)<\/u><\/strong><strong><u><br \/>\n<\/u><\/strong><em>8.30 Gorzkie \u017bale cz. 2 (okazja do spowiedzi \u015bw.)<br \/>\n<\/em><strong>9.00 Msza \u015bw.<\/strong><\/p>\n<p>&nbsp;<\/p>\n<p><strong><u>Sobota 14.03.<\/u><\/strong> <em><br \/>\n<\/em><strong><em>W zwi\u0105zku z zagro\u017ceniem koronawirusem katecheza, rekolekcje i wszystkie inne spotkania przy ko\u015bciele zosta\u0142y odwo\u0142ane do Niedzieli Palmowej (5.04)<\/em><\/strong><strong><br \/>\n<\/strong><strong>18.00 Msza \u015bw. <\/strong><\/p>\n<p>19.00 nabo\u017ce\u0144stwo Drogi Krzy\u017cowej<\/p>\n<p><strong><u>Niedziela 15.03. 2020 (3. Niedziela Wielkiego Postu A)<\/u><\/strong><strong><u><br \/>\n<\/u><\/strong><em>8.30 Gorzkie \u017bale cz.3 (okazja do spowiedzi \u015bw.)<br \/>\n<\/em><strong>9.00 Msza \u015bw.<\/strong><\/p>\n<p>&nbsp;<\/p>\n<p><strong><u>Sobota 21.03.<\/u><\/strong> <em><br \/>\n<\/em>17.00 nabo\u017ce\u0144stwo Drogi Krzy\u017cowej (okazja do spowiedzi \u015bw.)<\/p>\n<p><strong>18.00 Msza \u015bw. <\/strong><\/p>\n<p><strong><u>Niedziela 22.03. 2020 (4. Niedziela Wielkiego Postu A)<br \/>\n<\/u><\/strong><em>8.30 Gorzkie \u017bale cz. 1 (okazja do spowiedzi \u015bw.)<br \/>\n<\/em><strong>9.00 Msza \u015bw.<\/strong><\/p>\n<p>&nbsp;<\/p>\n<p><strong><u>Sobota 28.03.<\/u><\/strong> <em><br \/>\n<\/em><strong>18.00 Msza \u015bw. <\/strong><\/p>\n<p>19.00 nabo\u017ce\u0144stwo Drogi Krzy\u017cowej<\/p>\n<p><strong><u>Niedziela 29.03. 2020 (5. Niedziela Wielkiego Postu A)<\/u><\/strong><strong><u><br \/>\n<\/u><\/strong><em>8.30 Gorzkie \u017bale cz. 2 (okazja do spowiedzi \u015bw.)<br \/>\n<\/em><strong>9.00 Msza \u015bw. dla dzieci <\/strong><\/p>\n<p><strong>Z przykro\u015bci\u0105 informujemy, \u017ce z powodu zagro\u017cenia koronawirusem rekolekcje wielkopostne i wszelkie spotkania poza msz\u0105 \u015bw. (katechezy, kirkekaffe, kursy) zosta\u0142y odwo\u0142ane do Niedzieli Palmowej. Prosimy \u015bledzi\u0107 bie\u017c\u0105ce informacje<br \/>\nna stronie <\/strong><a href=\"http:\/\/www.katolsk.no\"><strong>www.katolsk.no<\/strong><\/a><strong>, <\/strong><a href=\"https:\/\/kristiansand.katolsk.no\"><strong>kristiansand.katolsk.no<\/strong><\/a><strong>, albo na facebook<\/strong><\/p>\n<p><strong>\u00a0<\/strong><\/p>\n<p>Zach\u0119camy do rejestrowania swojej przynale\u017cno\u015bci do Ko\u015bcio\u0142a Katolickiego.<br \/>\nFormularze s\u0105 w przedsionku ko\u015bcio\u0142a obok \u015bpiewnik\u00f3w. Mo\u017cna rejestrowa\u0107 si\u0119 samemu<br \/>\nwg podanej instrukcji albo wypisane formularze przynie\u015b\u0107 do zakrystii po mszach \u015bw.<\/p>\n","protected":false},"excerpt":{"rendered":"<p>&nbsp; Uaktualniony plan nabo\u017ce\u0144stw dla Polak\u00f3w w parafii \u015bw. Ansgara w Kristiansand na miesi\u0105c marzec 2020 Niedziela 01.03. 2020 (1. Niedziela Wielkiego Postu A) 8.30 Gorzkie \u017bale cz. 1 (okazja do spowiedzi \u015bw.) 9.00 Msza \u015bw. &nbsp; Sobota 07.03. 18.00&#8230;<br \/><a class=\"read-more-button\" href=\"https:\/\/stansgar.katolsk.no\/?p=6974\">Read more<\/a><\/p>\n","protected":false},"author":5,"featured_media":0,"comment_status":"open","ping_status":"open","sticky":false,"template":"","format":"standard","meta":{"footnotes":""},"categories":[204],"tags":[],"class_list":["post-6974","post","type-post","status-publish","format-standard","hentry","category-ukategorisert-nb"],"_links":{"self":[{"href":"https:\/\/stansgar.katolsk.no\/index.php?rest_route=\/wp\/v2\/posts\/6974","targetHints":{"allow":["GET"]}}],"collection":[{"href":"https:\/\/stansgar.katolsk.no\/index.php?rest_route=\/wp\/v2\/posts"}],"about":[{"href":"https:\/\/stansgar.katolsk.no\/index.php?rest_route=\/wp\/v2\/types\/post"}],"author":[{"embeddable":true,"href":"https:\/\/stansgar.katolsk.no\/index.php?rest_route=\/wp\/v2\/users\/5"}],"replies":[{"embeddable":true,"href":"https:\/\/stansgar.katolsk.no\/index.php?rest_route=%2Fwp%2Fv2%2Fcomments&post=6974"}],"version-history":[{"count":6,"href":"https:\/\/stansgar.katolsk.no\/index.php?rest_route=\/wp\/v2\/posts\/6974\/revisions"}],"predecessor-version":[{"id":6980,"href":"https:\/\/stansgar.katolsk.no\/index.php?rest_route=\/wp\/v2\/posts\/6974\/revisions\/6980"}],"wp:attachment":[{"href":"https:\/\/stansgar.katolsk.no\/index.php?rest_route=%2Fwp%2Fv2%2Fmedia&parent=6974"}],"wp:term":[{"taxonomy":"category","embeddable":true,"href":"https:\/\/stansgar.katolsk.no\/index.php?rest_route=%2Fwp%2Fv2%2Fcategories&post=6974"},{"taxonomy":"post_tag","embeddable":true,"href":"https:\/\/stansgar.katolsk.no\/index.php?rest_route=%2Fwp%2Fv2%2Ftags&post=6974"}],"curies":[{"name":"wp","href":"https:\/\/api.w.org\/{rel}","templated":true}]}}