{"id":6943,"date":"2020-03-07T19:48:59","date_gmt":"2020-03-07T18:48:59","guid":{"rendered":"https:\/\/stansgar.katolsk.no\/?p=6943"},"modified":"2020-03-07T20:30:56","modified_gmt":"2020-03-07T19:30:56","slug":"kunngjoringer-sondag-8-mars","status":"publish","type":"post","link":"https:\/\/stansgar.katolsk.no\/?p=6943","title":{"rendered":"Kunngj\u00f8ringer s\u00f8ndag 8.mars"},"content":{"rendered":"<p>Tirsdag 10.03 kl. 17.30 Vesper kl. 18.00 Messe &#8211; etterfulgt av Sakramentstilbedelse<br \/>\nOnsdag 11.03 kl. 18.00 Messe &#8211; etterfulgt av korsveiandakt p\u00e5 vietnamesisk<br \/>\nTorsdag 12.03 kl. 11.00 Messe &#8211; etterfulgt av felles lunsj i Kiga. kl. 18.00 Messe &#8211; etterfulgt av korsveiandakt p\u00e5 spansk<br \/>\nFredag 13.03 kl. 18.00 Messe- etterfulgt av korsveiandakt p\u00e5 norsk<br \/>\nL\u00f8rdag 14.03 kl. 13.00 kl.18.00 Messe p\u00e5 polsk &#8211; etterfulgt av korsveiandakt p\u00e5 polsk<br \/>\nS\u00f8ndag 14.03 3. S\u00d8NDAG I FASTEN kl. 09.00 <span style=\"display: inline !important; float: none; background-color: transparent; color: #333333; font-family: Arial,Helvetica,sans-serif; font-size: 13px; font-style: normal; font-variant: normal; font-weight: 400; letter-spacing: normal; orphans: 2; text-align: left; text-decoration: none; text-indent: 0px; text-transform: none; -webkit-text-stroke-width: 0px; white-space: normal; word-spacing: 0px; word-wrap: break-word;\">Messe p\u00e5 polsk, kl. <\/span>11.00\u00a0<span style=\"display: inline !important; float: none; background-color: transparent; color: #333333; font-family: Arial,Helvetica,sans-serif; font-size: 13px; font-style: normal; font-variant: normal; font-weight: 400; letter-spacing: normal; orphans: 2; text-align: left; text-decoration: none; text-indent: 0px; text-transform: none; -webkit-text-stroke-width: 0px; white-space: normal; word-spacing: 0px; word-wrap: break-word;\">Messe p\u00e5 norsk <\/span>13.00 Messe p\u00e5 vietnamesisk<\/p>\n<p>Annet:<\/p>\n<p>1. Katekese 14.mars<\/p>\n<p>Katekesen i menigheten i mars er avlyst med unntak av katekesen for 1.kommunionsbarna i 3.klasse og andre\u00e5rskonfirmantene, 9. klasse. Katekesen 14. mars m\u00f8ter 3.klasse som vanlig kl 10.00-13.00 og 9.klasse kl 13.00-17.00. Dette er fordi f\u00f8rstekommunionsbarna har bare tre katekesel\u00f8rdager igjen f\u00f8r 1.kommunionsfesten, og fordi andre\u00e5rskonfirmantene bare har fire katekesel\u00f8rdager igjen f\u00f8r konfirmasjonen.<br \/>\nDerfor \u00f8nsker vi at de kommer til katekesen, men vi respekterer hver enkelts valg om \u00e5 holde seg hjemme dersom de f\u00f8ler seg syke eller er bekymret. De som ikke kommer, m\u00e5 gi beskjed til sin kateket innen torsdag 12. mars. Karolina i 3.klasse og Tinh i 9.klasse. Alle m\u00e5 ta med seg mat, drikke og skrivesaker til katekesen.<\/p>\n<p>Vi har et ansvar for \u00e5 begrense smittespredning av korona-viruset i solidaritet med alle som er i risikogrupper. I lokale forsamlinger, som skoler, er det mulig \u00e5 kontrollere smitteveier og skjerme smitteb\u00e6rere. Dette er ikke mulig n\u00e5r vi samler 270 barn fra et stort omr\u00e5de til katekese.<\/p>\n<p>2. Det er troskurs torsdag 12. februar kl. 18.45<br \/>\n3. Det er menighetsr\u00e5dm\u00f8te onsdag 11. mars.<br \/>\n4. Caritas St. Ansgar: Menigheten starter n\u00e5 opp Caritas-aktiviteter igjen. Caritas-gruppen inviterer til informasjonsm\u00f8te i Kiga, onsdag 18.3. etter kveldsmessen (ca. kl. 19). Det vil bli gitt informasjon om kommende arrangementer. Enkel servering og loddsalg. Alle \u00f8nskes hjertelig velkommen!<\/p>\n<p>5.Vi planlegger en pilgrimstur til Medjugorje i mai\/juni for alle medlemmer av menigheten som \u00f8nsker \u00e5 delta. Det blir informasjonsm\u00f8te for alle interesserte s\u00f8ndag 8. mars kl 12:15 i biblioteket i Kiga. Se ogs\u00e5 oppslag i inngangspartiet eller kontakt Zbigniew Bonisniak for mer informasjon.<\/p>\n<p>Alle er hjertelig velkommen til kirkekaffe! &#8211; \u00d8nsker dere en riktig god s\u00f8ndag!<\/p>\n","protected":false},"excerpt":{"rendered":"<p>Tirsdag 10.03 kl. 17.30 Vesper kl. 18.00 Messe &#8211; etterfulgt av Sakramentstilbedelse Onsdag 11.03 kl. 18.00 Messe &#8211; etterfulgt av korsveiandakt p\u00e5 vietnamesisk Torsdag 12.03 kl. 11.00 Messe &#8211; etterfulgt av felles lunsj i Kiga. kl. 18.00 Messe &#8211; etterfulgt&#8230;<br \/><a class=\"read-more-button\" href=\"https:\/\/stansgar.katolsk.no\/?p=6943\">Read more<\/a><\/p>\n","protected":false},"author":1,"featured_media":0,"comment_status":"open","ping_status":"open","sticky":false,"template":"","format":"standard","meta":{"footnotes":""},"categories":[204],"tags":[],"class_list":["post-6943","post","type-post","status-publish","format-standard","hentry","category-ukategorisert-nb"],"_links":{"self":[{"href":"https:\/\/stansgar.katolsk.no\/index.php?rest_route=\/wp\/v2\/posts\/6943","targetHints":{"allow":["GET"]}}],"collection":[{"href":"https:\/\/stansgar.katolsk.no\/index.php?rest_route=\/wp\/v2\/posts"}],"about":[{"href":"https:\/\/stansgar.katolsk.no\/index.php?rest_route=\/wp\/v2\/types\/post"}],"author":[{"embeddable":true,"href":"https:\/\/stansgar.katolsk.no\/index.php?rest_route=\/wp\/v2\/users\/1"}],"replies":[{"embeddable":true,"href":"https:\/\/stansgar.katolsk.no\/index.php?rest_route=%2Fwp%2Fv2%2Fcomments&post=6943"}],"version-history":[{"count":3,"href":"https:\/\/stansgar.katolsk.no\/index.php?rest_route=\/wp\/v2\/posts\/6943\/revisions"}],"predecessor-version":[{"id":6947,"href":"https:\/\/stansgar.katolsk.no\/index.php?rest_route=\/wp\/v2\/posts\/6943\/revisions\/6947"}],"wp:attachment":[{"href":"https:\/\/stansgar.katolsk.no\/index.php?rest_route=%2Fwp%2Fv2%2Fmedia&parent=6943"}],"wp:term":[{"taxonomy":"category","embeddable":true,"href":"https:\/\/stansgar.katolsk.no\/index.php?rest_route=%2Fwp%2Fv2%2Fcategories&post=6943"},{"taxonomy":"post_tag","embeddable":true,"href":"https:\/\/stansgar.katolsk.no\/index.php?rest_route=%2Fwp%2Fv2%2Ftags&post=6943"}],"curies":[{"name":"wp","href":"https:\/\/api.w.org\/{rel}","templated":true}]}}