{"id":694,"date":"2014-07-01T09:38:00","date_gmt":"2014-07-01T07:38:00","guid":{"rendered":"http:\/\/stansgar.katolsk.no\/index.php\/2014\/07\/01\/kunngjringer-sndag-29-juni-2014\/"},"modified":"2018-10-12T09:12:46","modified_gmt":"2018-10-12T07:12:46","slug":"kunngjringer-sndag-29-juni-2014","status":"publish","type":"post","link":"https:\/\/stansgar.katolsk.no\/?p=694","title":{"rendered":"Kunngj\u00f8ringer s\u00f8ndag 29. juni  2014"},"content":{"rendered":"<div class=\"MsoNormal\" style=\"background-color: white; color: #222222; font-size: 13px;\">\n<\/div>\n<div class=\"MsoNormal\" style=\"background-color: white; color: #222222; font-size: 13px;\">\n<\/div>\n<div class=\"MsoNormal\" style=\"background-color: white; color: #222222; font-size: 13px;\">\n<b>L\u00f8rdag 5. juli<\/b> er det messe p\u00e5 spansk kl. 14<u><\/u><u><\/u><\/div>\n<div class=\"MsoNormal\" style=\"background-color: white; color: #222222; font-size: 13px;\">\n<\/div>\n<div class=\"MsoNormal\" style=\"background-color: white; color: #222222; font-size: 13px;\">\n<b>I juli m\u00e5ned er det messe s\u00f8ndager <\/b>kl. 11.00 p\u00e5 norsk og kl. 13 p\u00e5 vietnamesisk. Det er ikke messe kl. 9.30 og kl. 18<u><\/u><u><\/u><\/div>\n<div class=\"MsoNormal\" style=\"background-color: white; color: #222222; font-size: 13px;\">\n<\/div>\n<div class=\"MsoNormal\" style=\"background-color: white; color: #222222; font-size: 13px;\">\n<b>I juli m\u00e5ned er det messe tirsdag til fredag kl 18<\/b>. Og l\u00f8rdag kl. 13.<u><\/u><u><\/u><\/div>\n<div class=\"MsoNormal\" style=\"background-color: white; color: #222222; font-size: 13px;\">\nDet er ikke messe torsdag kl. 11<u><\/u><u><\/u><\/div>\n<div class=\"MsoNormal\" style=\"background-color: white; color: #222222; font-size: 13px;\">\n<\/div>\n<div class=\"MsoNormal\" style=\"background-color: white; color: #222222; font-size: 13px;\">\n<b>Bildene<\/b> fra f\u00f8rstekommunionsmessen er kommet. Minnepinne kan f\u00e5es ved henvendelse i sakristiet eller p\u00e5 menighetskontoret.<\/div>\n","protected":false},"excerpt":{"rendered":"<p>L\u00f8rdag 5. juli er det messe p\u00e5 spansk kl. 14 I juli m\u00e5ned er det messe s\u00f8ndager kl. 11.00 p\u00e5 norsk og kl. 13 p\u00e5 vietnamesisk. Det er ikke messe kl. 9.30 og kl. 18 I juli m\u00e5ned er det&#8230;<br \/><a class=\"read-more-button\" href=\"https:\/\/stansgar.katolsk.no\/?p=694\">Read more<\/a><\/p>\n","protected":false},"author":3,"featured_media":0,"comment_status":"open","ping_status":"open","sticky":false,"template":"","format":"standard","meta":{"footnotes":""},"categories":[1],"tags":[3],"class_list":["post-694","post","type-post","status-publish","format-standard","hentry","category-ukategorisert","tag-kunngjoringer"],"_links":{"self":[{"href":"https:\/\/stansgar.katolsk.no\/index.php?rest_route=\/wp\/v2\/posts\/694","targetHints":{"allow":["GET"]}}],"collection":[{"href":"https:\/\/stansgar.katolsk.no\/index.php?rest_route=\/wp\/v2\/posts"}],"about":[{"href":"https:\/\/stansgar.katolsk.no\/index.php?rest_route=\/wp\/v2\/types\/post"}],"author":[{"embeddable":true,"href":"https:\/\/stansgar.katolsk.no\/index.php?rest_route=\/wp\/v2\/users\/3"}],"replies":[{"embeddable":true,"href":"https:\/\/stansgar.katolsk.no\/index.php?rest_route=%2Fwp%2Fv2%2Fcomments&post=694"}],"version-history":[{"count":1,"href":"https:\/\/stansgar.katolsk.no\/index.php?rest_route=\/wp\/v2\/posts\/694\/revisions"}],"predecessor-version":[{"id":2655,"href":"https:\/\/stansgar.katolsk.no\/index.php?rest_route=\/wp\/v2\/posts\/694\/revisions\/2655"}],"wp:attachment":[{"href":"https:\/\/stansgar.katolsk.no\/index.php?rest_route=%2Fwp%2Fv2%2Fmedia&parent=694"}],"wp:term":[{"taxonomy":"category","embeddable":true,"href":"https:\/\/stansgar.katolsk.no\/index.php?rest_route=%2Fwp%2Fv2%2Fcategories&post=694"},{"taxonomy":"post_tag","embeddable":true,"href":"https:\/\/stansgar.katolsk.no\/index.php?rest_route=%2Fwp%2Fv2%2Ftags&post=694"}],"curies":[{"name":"wp","href":"https:\/\/api.w.org\/{rel}","templated":true}]}}