{"id":6934,"date":"2020-03-03T13:21:13","date_gmt":"2020-03-03T12:21:13","guid":{"rendered":"https:\/\/stansgar.katolsk.no\/?p=6934"},"modified":"2020-03-10T10:35:42","modified_gmt":"2020-03-10T09:35:42","slug":"plan-nabozenstw-dla-polakow-w-parafii-sw-ansgara-w-kristiansand-na-miesiac-marzec-2020","status":"publish","type":"post","link":"https:\/\/stansgar.katolsk.no\/?p=6934","title":{"rendered":"Plan nabo\u017ce\u0144stw dla Polak\u00f3w w parafii \u015bw. Ansgara w Kristiansand  na miesi\u0105c marzec 2020"},"content":{"rendered":"<p><span style=\"color: #800080;\"><strong><u>Niedziela 01.03. 2020 (1. Niedziela Wielkiego Postu A)<\/u><\/strong><\/span><\/p>\n<p><em>8.30 Gorzkie \u017bale cz. 1 (okazja do spowiedzi \u015bw.)<br \/>\n<\/em><strong>9.00 Msza \u015bw.<\/strong><\/p>\n<p>&nbsp;<\/p>\n<p><strong><u>Sobota 07.03.<\/u><\/strong> <em><br \/>\n<\/em><strong>18.00 Msza \u015bw. <\/strong><\/p>\n<p>19.00 nabo\u017ce\u0144stwo Drogi Krzy\u017cowej<\/p>\n<p><span style=\"color: #800080;\"><strong><u>Niedziela 08.03. 2020 (2. Niedziela Wielkiego Postu A)<br \/>\n<\/u><\/strong><\/span><strong><u><br \/>\n<\/u><\/strong><em>8.30 Gorzkie \u017bale cz. 2 (okazja do spowiedzi \u015bw.)<br \/>\n<\/em><strong>9.00 Msza \u015bw.<\/strong><\/p>\n<p>&nbsp;<\/p>\n<p><strong><u>Sobota 14.03.<\/u><\/strong> <em><br \/>\n<\/em><em><strong><span style=\"color: #ff0000;\">W zwi\u0105zku z zagro\u017ceniem koronawirusem katecheza w marcu zosta\u0142a zredukowana do dw\u00f3ch grup wiekowych.<\/span><\/strong> <strong><span style=\"color: #ff0000;\"><u>Dzieci z klas 3.<\/u><\/span><span style=\"color: #ff0000;\"><u> rozpoczynaj\u0105 o 10.00 <\/u>i maj\u0105 msz\u0119 o 10.15. Zaj\u0119cia ko\u0144cz\u0105 si\u0119 o 13.00. Dzieci prosz\u0119 zaopatrzy\u0107 we w\u0142asne jedzenie i picie oraz przybory szkolne. <\/span><br \/>\n<span style=\"color: #ff0000;\"><u>Kandydaci do bierzmowania z klasy 9.<\/u> maj\u0105 swoje zaj\u0119cia zgodnie z planem (czyli od Mszy \u015bw. o 13.00 do godz. 17.00. Prosimy, aby uczniowie przynie\u015bli swoje jedzenie i picie oraz przybory szkolne. Obecno\u015b\u0107 jednak nie jest obowi\u0105zkowa. Ci uczniowie, kt\u00f3rzy obawiaj\u0105 si\u0119 o swoje zdrowie proszeni s\u0105 o poinformowanie najp\u00f3\u017aniej do 13.03. katechety p. Thin<\/span><\/strong><\/em><\/p>\n<p>.<strong>18.00 Msza \u015bw. <\/strong><\/p>\n<p>19.00 nabo\u017ce\u0144stwo Drogi Krzy\u017cowej<\/p>\n<p><strong><u><span style=\"color: #800080;\">Niedziela 15.03. 2020 (3. Niedziela Wielkiego Postu A)<\/span><br \/>\n<\/u><\/strong><strong><u><br \/>\n<\/u><\/strong><em>8.30 Gorzkie \u017bale cz.3 (okazja do spowiedzi \u015bw.)<br \/>\n<\/em><strong>9.00 Msza \u015bw.<\/strong><\/p>\n<p>&nbsp;<\/p>\n<p><strong><u>Sobota 21.03.<\/u><\/strong><strong> (Rekolekcje Wielkopostne)<\/strong><em><br \/>\n<\/em>17.00 nabo\u017ce\u0144stwo Drogi Krzy\u017cowej (okazja do spowiedzi \u015bw.)<\/p>\n<p><strong>18.00 Msza \u015bw. z nauk\u0105 rekolekcyjn\u0105<\/strong><\/p>\n<p>19.00 Spotkanie w salce pod ko\u015bcio\u0142em z nauk\u0105 o Eucharystii<\/p>\n<p><strong><u><span style=\"color: #ff00ff;\">Niedziela 22.03. 2020 (4. Niedziela Wielkiego Postu A \u2013 Rekolekcje Wielkopostne)<\/span><\/u><\/strong><\/p>\n<p><em>8.30 Gorzkie \u017bale cz. 1 (okazja do spowiedzi \u015bw.)<br \/>\n<\/em><strong>9.00 Msza \u015bw.<\/strong><\/p>\n<p>&nbsp;<\/p>\n<p><strong><u>Sobota 28.03.<\/u><\/strong> <em><br \/>\n<\/em><strong>18.00 Msza \u015bw. <\/strong><\/p>\n<p>19.00 nabo\u017ce\u0144stwo Drogi Krzy\u017cowej<\/p>\n<p><strong><u><span style=\"color: #800080;\">Niedziela 29.03. 2020 (5. Niedziela Wielkiego Postu A)<\/span><br \/>\n<\/u><\/strong><strong><u><br \/>\n<\/u><\/strong><em>8.30 Gorzkie \u017bale cz. 2 (okazja do spowiedzi \u015bw.)<br \/>\n<\/em><strong>9.00 Msza \u015bw. dla dzieci (po mszy \u015bw. zapraszamy na kirkekaffe)<\/strong><\/p>\n<p>&nbsp;<\/p>\n<p><span style=\"color: #3366ff;\">5.03.2020 jak w ka\u017cdy 1. czwartek miesi\u0105ca zapraszamy do cichej adoracji Naj\u015bw. Sakramentu od godz. 12.00 do 17.45 w intencji powo\u0142a\u0144 do stanu kap\u0142a\u0144skiego i zakonnego.<\/span><\/p>\n<p><span style=\"color: #3366ff;\"><strong>Rekolekcje wielkopostne dla Polak\u00f3w z parafii Arendal i Kristiansand<\/strong> odb\u0119d\u0105 si\u0119 od 20.03. do 22.03.2020. <\/span><br \/>\n<span style=\"color: #3366ff;\">W tym roku poprowadzi je ks. dr Grzegorz \u015amieci\u0144ski, liturgista i proboszcz parafii MB R\u00f3\u017ca\u0144cowej w \u0141aziskach G\u00f3rnych w archidiecezji katowickiej. Szczeg\u00f3\u0142owy program podamy w p\u00f3\u017aniejszym terminie<\/span><\/p>\n<p><em><span style=\"color: #3366ff;\">Zach\u0119camy do rejestrowania swojej przynale\u017cno\u015bci do Ko\u015bcio\u0142a Katolickiego. Formularze s\u0105 w przedsionku ko\u015bcio\u0142a obok \u015bpiewnik\u00f3w. Mo\u017cna rejestrowa\u0107 si\u0119 samemu wg podanej instrukcji albo wypisane formularze przynie\u015b\u0107 do zakrystii po mszach \u015bw<\/span>.<\/em><\/p>\n","protected":false},"excerpt":{"rendered":"<p>Niedziela 01.03. 2020 (1. Niedziela Wielkiego Postu A) 8.30 Gorzkie \u017bale cz. 1 (okazja do spowiedzi \u015bw.) 9.00 Msza \u015bw. &nbsp; Sobota 07.03. 18.00 Msza \u015bw. 19.00 nabo\u017ce\u0144stwo Drogi Krzy\u017cowej Niedziela 08.03. 2020 (2. Niedziela Wielkiego Postu A) 8.30 Gorzkie&#8230;<br \/><a class=\"read-more-button\" href=\"https:\/\/stansgar.katolsk.no\/?p=6934\">Read more<\/a><\/p>\n","protected":false},"author":5,"featured_media":0,"comment_status":"open","ping_status":"open","sticky":false,"template":"","format":"standard","meta":{"footnotes":""},"categories":[204],"tags":[],"class_list":["post-6934","post","type-post","status-publish","format-standard","hentry","category-ukategorisert-nb"],"_links":{"self":[{"href":"https:\/\/stansgar.katolsk.no\/index.php?rest_route=\/wp\/v2\/posts\/6934","targetHints":{"allow":["GET"]}}],"collection":[{"href":"https:\/\/stansgar.katolsk.no\/index.php?rest_route=\/wp\/v2\/posts"}],"about":[{"href":"https:\/\/stansgar.katolsk.no\/index.php?rest_route=\/wp\/v2\/types\/post"}],"author":[{"embeddable":true,"href":"https:\/\/stansgar.katolsk.no\/index.php?rest_route=\/wp\/v2\/users\/5"}],"replies":[{"embeddable":true,"href":"https:\/\/stansgar.katolsk.no\/index.php?rest_route=%2Fwp%2Fv2%2Fcomments&post=6934"}],"version-history":[{"count":6,"href":"https:\/\/stansgar.katolsk.no\/index.php?rest_route=\/wp\/v2\/posts\/6934\/revisions"}],"predecessor-version":[{"id":6950,"href":"https:\/\/stansgar.katolsk.no\/index.php?rest_route=\/wp\/v2\/posts\/6934\/revisions\/6950"}],"wp:attachment":[{"href":"https:\/\/stansgar.katolsk.no\/index.php?rest_route=%2Fwp%2Fv2%2Fmedia&parent=6934"}],"wp:term":[{"taxonomy":"category","embeddable":true,"href":"https:\/\/stansgar.katolsk.no\/index.php?rest_route=%2Fwp%2Fv2%2Fcategories&post=6934"},{"taxonomy":"post_tag","embeddable":true,"href":"https:\/\/stansgar.katolsk.no\/index.php?rest_route=%2Fwp%2Fv2%2Ftags&post=6934"}],"curies":[{"name":"wp","href":"https:\/\/api.w.org\/{rel}","templated":true}]}}