{"id":6921,"date":"2020-02-28T10:33:09","date_gmt":"2020-02-28T09:33:09","guid":{"rendered":"https:\/\/stansgar.katolsk.no\/?p=6921"},"modified":"2020-02-29T09:20:37","modified_gmt":"2020-02-29T08:20:37","slug":"kunngjoringer-sondag-1-mars","status":"publish","type":"post","link":"https:\/\/stansgar.katolsk.no\/?p=6921","title":{"rendered":"KUNNGJ\u00d8RINGER S\u00d8NDAG 1. MARS"},"content":{"rendered":"<table width=\"662\">\n<tbody>\n<tr>\n<td width=\"99\">Tirsdag<\/td>\n<td width=\"71\">03.03<\/td>\n<td width=\"63\">kl.<\/td>\n<td width=\"70\">17.30<\/td>\n<td width=\"359\">Vesper<\/td>\n<\/tr>\n<tr>\n<td width=\"99\"><\/td>\n<td width=\"71\"><\/td>\n<td width=\"63\">kl.<\/td>\n<td width=\"70\">18.00<\/td>\n<td width=\"359\">Messe &#8211; etterfulgt av Sakramentstilbedelse<\/td>\n<\/tr>\n<tr>\n<td width=\"99\">Onsdag<\/td>\n<td width=\"71\">04.03<\/td>\n<td width=\"63\">kl.<\/td>\n<td width=\"70\">18.00<\/td>\n<td width=\"359\">Messe &#8211; etterfulgt av korsveiandakt p\u00e5 vietnamesisk<\/td>\n<\/tr>\n<tr>\n<td width=\"99\">Torsdag<\/td>\n<td width=\"71\">05.03<\/td>\n<td width=\"63\">kl.<\/td>\n<td width=\"70\">11.00<\/td>\n<td width=\"359\">Messe &#8211; etterfulgt av felles lunsj i Kiga.<\/p>\n<p>Etter messen er det stille tilbedelse fram til kl. 17.45.<\/p>\n<p>Vi ber spesielt for kall til ordenslivet og presteskapet.<\/td>\n<\/tr>\n<tr>\n<td width=\"99\">Fredag<\/td>\n<td width=\"71\">06.03<\/td>\n<td width=\"63\">kl.<\/td>\n<td width=\"70\">17.00<\/td>\n<td width=\"359\">Sakramentstilbedelse \u2013 Skriftem\u00e5l under tilbedelsen<\/td>\n<\/tr>\n<tr>\n<td width=\"99\"><\/td>\n<td width=\"71\"><\/td>\n<td width=\"63\">kl.<\/td>\n<td width=\"70\">18.00<\/td>\n<td width=\"359\">Messe- etterfulgt av korsveiandakt p\u00e5 norsk<\/td>\n<\/tr>\n<tr>\n<td width=\"99\">L\u00f8rdag<\/td>\n<td width=\"71\">07.03<\/td>\n<td width=\"63\">kl.<\/p>\n<p>kl.<\/td>\n<td width=\"70\">13.00<\/p>\n<p>18.00<\/td>\n<td width=\"359\">Messe<\/p>\n<p>Messe p\u00e5 polsk &#8211; etterfulgt av korsveiandakt p\u00e5 polsk<\/td>\n<\/tr>\n<tr>\n<td colspan=\"5\" width=\"662\">S\u00f8ndag\u00a0\u00a0\u00a0\u00a0\u00a0\u00a0\u00a0\u00a0\u00a0\u00a0 08.03\u00a0\u00a0\u00a0\u00a0\u00a0\u00a0\u00a0\u00a0\u00a0 2. S\u00d8NDAG I FASTEN<\/td>\n<\/tr>\n<tr>\n<td colspan=\"2\" width=\"170\"><\/td>\n<td width=\"63\">kl.<\/p>\n<p>kl.<\/p>\n<p>kl.<\/p>\n<p>kl.<\/td>\n<td width=\"70\">09.00<\/p>\n<p>11.00<\/p>\n<p>13.00<\/p>\n<p>17.00<\/td>\n<td width=\"359\">Messe p\u00e5 polsk<\/p>\n<p>Messe p\u00e5 norsk<\/p>\n<p>Messe\u00a0 p\u00e5 vietnamesisk<\/p>\n<p>Messe i Mandal<\/td>\n<\/tr>\n<\/tbody>\n<\/table>\n<p><strong>\u00a0<\/strong><\/p>\n<p><strong>Annet:<\/strong><\/p>\n<ul>\n<li><strong>Retrett i fastetiden 2020: FRA D\u00d8D TIL LIV<\/strong><\/li>\n<\/ul>\n<ol>\n<li>Hallvard Hole, OFM skal holde retrett for menigheten. Han skal snakke om f\u00f8lgende temaer:<\/li>\n<\/ol>\n<p>\u00abFastetiden som forbereder oss til v\u00e5r \u00e5rlige p\u00e5skefeiring knytter seg til noen sentrale temaer i v\u00e5r kristne tro: Synd, fristelse, kors og frelse. Gjennom fordypning i Bibelens budskap og Evangeliets lys \u00f8nsker vi \u00e5 fordype oss i disse temaene, slik at opplevelsen og gleden over Jesu oppstandelse blir sterkere og v\u00e5r takknemlighet for Guds frelse vokser\u00bb.<\/p>\n<p>Retretten er to kvelder:<\/p>\n<p>&#8211; Fredag 03.04, kl.17.00-21.00: Temaet: SYND og FRISTELSE<\/p>\n<p>&#8211; L\u00f8rdag 04.04, kl. 17.30-21.30. Temaet: KORS og FRELSE<\/p>\n<p><strong>Alle er velkomne til retretten.<\/strong><\/p>\n<p>&nbsp;<\/p>\n<ul>\n<li><strong>Caritas St. Ansgar <\/strong><\/li>\n<\/ul>\n<p>Menigheten starter n\u00e5 opp Caritas-aktiviteter igjen.<\/p>\n<p>Caritas-gruppen inviterer til informasjonsm\u00f8te i Kiga, onsdag 18.3<strong>.<\/strong> etter kveldsmessen (ca<strong>.<\/strong> kl. 19)<\/p>\n<p>Det vil bli gitt informasjon om kommende arrangementer.<\/p>\n<p>Enkel servering og loddsalg.<\/p>\n<p><strong>Alle \u00f8nskes hjertelig velkommen til Caritasm\u00f8tet<\/strong><\/p>\n<ul>\n<li style=\"text-align: left;\"><strong>Onsdag 4 mars kl. 19.00 <\/strong>er det bibelgruppe p\u00e5 biblioteket.<\/li>\n<li style=\"text-align: left;\">Vi planlegger en <strong>pilgrimstur til Medjugorje<\/strong> i mai\/juni for alle medlemmer av menigheten som \u00f8nsker \u00e5 delta. Det blir informasjonsm\u00f8te for alle interesserte s\u00f8ndag 8. mars kl 12:15 i biblioteket i Kiga. Se ogs\u00e5 oppslag i inngangspartiet eller kontakt Zbigniew Bonisniak for mer informasjon.<\/li>\n<li style=\"text-align: left;\"><strong>For \u00e5 hindre spredning av coronaviruset vil vi ikke bruke vievannskarene og vi ber alle om \u00e5 ta imot kommunion i h\u00e5nden. Ved fredshilsenen i messen kan vi smile, nikke og bukke, men vi unnlater \u00e5 h\u00e5ndhilse. Dette inntil n\u00e6rmere direktiver fra helsemyndighetene foreligger<br \/>\n<\/strong><\/li>\n<li style=\"text-align: left;\"><strong>Alle er hjertelig velkommen til kirkekaffe! &#8211; \u00d8nsker dere en riktig god s\u00f8ndag!<\/strong><\/li>\n<\/ul>\n","protected":false},"excerpt":{"rendered":"<p>Tirsdag 03.03 kl. 17.30 Vesper kl. 18.00 Messe &#8211; etterfulgt av Sakramentstilbedelse Onsdag 04.03 kl. 18.00 Messe &#8211; etterfulgt av korsveiandakt p\u00e5 vietnamesisk Torsdag 05.03 kl. 11.00 Messe &#8211; etterfulgt av felles lunsj i Kiga. Etter messen er det stille&#8230;<br \/><a class=\"read-more-button\" href=\"https:\/\/stansgar.katolsk.no\/?p=6921\">Read more<\/a><\/p>\n","protected":false},"author":5,"featured_media":0,"comment_status":"open","ping_status":"open","sticky":false,"template":"","format":"standard","meta":{"footnotes":""},"categories":[204],"tags":[],"class_list":["post-6921","post","type-post","status-publish","format-standard","hentry","category-ukategorisert-nb"],"_links":{"self":[{"href":"https:\/\/stansgar.katolsk.no\/index.php?rest_route=\/wp\/v2\/posts\/6921","targetHints":{"allow":["GET"]}}],"collection":[{"href":"https:\/\/stansgar.katolsk.no\/index.php?rest_route=\/wp\/v2\/posts"}],"about":[{"href":"https:\/\/stansgar.katolsk.no\/index.php?rest_route=\/wp\/v2\/types\/post"}],"author":[{"embeddable":true,"href":"https:\/\/stansgar.katolsk.no\/index.php?rest_route=\/wp\/v2\/users\/5"}],"replies":[{"embeddable":true,"href":"https:\/\/stansgar.katolsk.no\/index.php?rest_route=%2Fwp%2Fv2%2Fcomments&post=6921"}],"version-history":[{"count":6,"href":"https:\/\/stansgar.katolsk.no\/index.php?rest_route=\/wp\/v2\/posts\/6921\/revisions"}],"predecessor-version":[{"id":6932,"href":"https:\/\/stansgar.katolsk.no\/index.php?rest_route=\/wp\/v2\/posts\/6921\/revisions\/6932"}],"wp:attachment":[{"href":"https:\/\/stansgar.katolsk.no\/index.php?rest_route=%2Fwp%2Fv2%2Fmedia&parent=6921"}],"wp:term":[{"taxonomy":"category","embeddable":true,"href":"https:\/\/stansgar.katolsk.no\/index.php?rest_route=%2Fwp%2Fv2%2Fcategories&post=6921"},{"taxonomy":"post_tag","embeddable":true,"href":"https:\/\/stansgar.katolsk.no\/index.php?rest_route=%2Fwp%2Fv2%2Ftags&post=6921"}],"curies":[{"name":"wp","href":"https:\/\/api.w.org\/{rel}","templated":true}]}}