{"id":6917,"date":"2020-02-26T13:44:05","date_gmt":"2020-02-26T12:44:05","guid":{"rendered":"https:\/\/stansgar.katolsk.no\/?p=6917"},"modified":"2020-02-26T13:44:05","modified_gmt":"2020-02-26T12:44:05","slug":"pave-frans-10-forslag-til-hva-du-bor-gjore-i-fastetiden","status":"publish","type":"post","link":"https:\/\/stansgar.katolsk.no\/?p=6917","title":{"rendered":"Pave Frans&#8217; 10 forslag til hva du b\u00f8r gj\u00f8re i fastetiden"},"content":{"rendered":"<p><em><strong>Hvert \u00e5r pr\u00f8ver katolikker \u00e5 svare p\u00e5 sp\u00f8rsm\u00e5let: Hva skal jeg gj\u00f8re i fastetiden? Hvem er et bedre valg som \u00e5ndelig veileder i fasten enn pave Frans? Han har noen gode ideer til deg!<\/p>\n<p><\/strong>Les mer p\u00e5\u00a0<a href=\"http:\/\/www.katolsk.no\/nyheter\/2020\/02\/pave-frans-10-forslag-til-hva-du-bor-gjore-i-fastetiden\">http:\/\/www.katolsk.no\/nyheter\/2020\/02\/pave-frans-10-forslag-til-hva-du-bor-gjore-i-fastetiden<\/a><\/em><\/p>\n<p><img loading=\"lazy\" decoding=\"async\" class=\"alignright size-medium wp-image-6918\" src=\"https:\/\/stansgar.katolsk.no\/wp-content\/uploads\/2020\/02\/b90eeb4a-a74e-41cc-83eb-aefcf7ff5685-300x200.jpeg\" alt=\"\" width=\"300\" height=\"200\" srcset=\"https:\/\/stansgar.katolsk.no\/wp-content\/uploads\/2020\/02\/b90eeb4a-a74e-41cc-83eb-aefcf7ff5685-300x200.jpeg 300w, https:\/\/stansgar.katolsk.no\/wp-content\/uploads\/2020\/02\/b90eeb4a-a74e-41cc-83eb-aefcf7ff5685.jpeg 768w\" sizes=\"auto, (max-width: 300px) 100vw, 300px\" \/><\/p>\n<h4>Vi\u00a0valgt ut 10 av Den hellige fars beste tips for fastetiden:<\/h4>\n<p>&nbsp;<\/p>\n<h5><strong>1. Kvitt deg med den sl\u00f8ve tendensen til det onde<\/strong><\/h5>\n<p>\u00ab[Fastetiden] er en &#8216;kraftfull&#8217; periode, den kan bli et vendepunkt som kan skape forandring og omvendelse hos hver enkelt av oss. Vi m\u00e5 alle forbedre oss, for \u00e5 forandre oss til det bedre. Fastetiden hjelper oss, og dermed kan vi legge bak oss gamle vaner og den sl\u00f8ve tendensen til det onde som bedrar og binder oss.\u00bb\u00a0<span class=\"discreet\">Fra onsdagsaudiensen, 5. mars 2014<\/span><\/p>\n<p>&nbsp;<\/p>\n<h5><strong>2. Gj\u00f8r noe som gj\u00f8r vondt<\/strong><\/h5>\n<p>\u00abFasten er en god tid for selvfornektelse; vi gj\u00f8r klokt i \u00e5 sp\u00f8rre oss selv hva vi kan gi opp for \u00e5 hjelpe og berike andre ved \u00e5 bli fattigere selv. La oss ikke glemme at virkelig fattigdom gj\u00f8r vondt; ingen selvfornektelse er ekte uten denne botsdimensjonen. Jeg har ikke tro p\u00e5 en veldedighet som ikke koster noe og ikke gj\u00f8r vondt.\u00bb\u00a0<span class=\"discreet\">Fra pavens fastebudskap, 2014<\/span><\/p>\n<p>&nbsp;<\/p>\n<h5><strong>3. Ikke v\u00e6r likegyldig<\/strong><\/h5>\n<p>\u00abLikegyldighet overfor v\u00e5r neste og overfor Gud representerer ogs\u00e5 en virkelig fristelse for oss kristne. Hvert \u00e5r i fastetiden m\u00e5 vi h\u00f8re stemmen til profetene som roper og plager v\u00e5r samvittighet. Gud er ikke likegyldig til v\u00e5r verden; han elsker den s\u00e5 mye at han ga sin S\u00f8nn for \u00e5 frelse oss.\u00bb\u00a0<span class=\"discreet\">Fra pavens fastebudskap, 2015<\/span><\/p>\n<p>&nbsp;<\/p>\n<h5><strong>4. Be: Gj\u00f8r hjertene v\u00e5re lik ditt!<\/strong><\/h5>\n<p>\u00abI \u00e5rets fastetid, br\u00f8dre og s\u00f8stre, la oss alle sp\u00f8rre Herren om \u00e5\u00a0<em>\u2018Fac cor nostrum secundum cor tuum\u2019<\/em>\u00a0\u2013 Gj\u00f8r v\u00e5re hjerter lik ditt! (Fra litaniet til Jesu Hjerte). P\u00e5 denne m\u00e5ten vil vi motta et hjerte som er fast og barmhjertig, im\u00f8tekommende og raust, et hjerte som ikke er lukket, likegyldig eller et bytte for den verdensomspennende likegyldigheten.\u00bb\u00a0<span class=\"discreet\">Fra pavens fastebudskap, 2015<\/span><\/p>\n<p>&nbsp;<\/p>\n<h5><strong>5. Bruk sakramentene<\/strong><\/h5>\n<p>Fasten er en god tid for \u00e5 la Kristus tjene oss, slik at vi igjen kan bli mer lik ham. Dette skjer n\u00e5r vi h\u00f8rer Guds ord og mottar sakramentene, spesielt Eukaristien. Der blir vi det vi mottar: Kristi legeme.\u00bb\u00a0<span class=\"discreet\">Fra pavens fastebudskap, 2015<\/span><\/p>\n<p>&nbsp;<\/p>\n<h5><strong>6. B\u00f8nn<\/strong><\/h5>\n<p>\u00abN\u00e5r vi f\u00e5r mange s\u00e5r som skader oss og kan forherde hjertene v\u00e5re, blir vi kalt til \u00e5 dykke ned i b\u00f8nnens hav, som er der vi m\u00f8ter Guds grensel\u00f8se kj\u00e6rlighet, for \u00e5 smake hans \u00f8mhet. Fasten er en tid for b\u00f8nn, for enda mer intens b\u00f8nn, for langvarig og inderlig b\u00f8nn, som gj\u00f8r oss bedre i stand til \u00e5 ta p\u00e5 oss v\u00e5r nestes behov. Det er en tid for forb\u00f8nn, for \u00e5 komme frem for Gud og be for de mange som opplever fattigdom og lidelse.\u00bb<span class=\"discreet\">\u00a0Fra en preken, 5. mars 2014<\/span><\/p>\n<p>&nbsp;<\/p>\n<h5><strong>7. Faste<\/strong><\/h5>\n<p>\u00abVi m\u00e5 v\u00e6re forsiktige med \u00e5 gjennomf\u00f8re en rent \u2018ytre\u2019 faste, en faste som \u2018tilfredsstiller\u2019 oss selv, fordi den f\u00e5r oss til \u00e5 f\u00f8le oss forn\u00f8yd med oss selv. \u00c5 faste er meningsfylt hvis det setter sp\u00f8rsm\u00e5lstegn ved v\u00e5r selvsikkerhet, og hvis det ogs\u00e5 f\u00f8rer til fordeler for andre, hvis det hjelper oss \u00e5 l\u00e6re av den barmhjertige samaritan, som b\u00f8yer seg mot sin bror i n\u00f8d og tar seg av ham.\u00bb\u00a0<span class=\"discreet\">Fra en preken, 5. mars 2014<\/span><\/p>\n<p>&nbsp;<\/p>\n<h5><strong>8. Gi til de fattige<\/strong><\/h5>\n<p>\u00abI dag er takknemlighet ofte ikke noe vi tenker p\u00e5, for alt er kj\u00f8pt og solgt, alt blir beregnet og m\u00e5lt. \u00c5 gi til de fattige hjelper oss til \u00e5 gi noe helt fritt, uten \u00e5 f\u00e5 noe tilbake, og gir oss frihet fra besettelsen av \u00e5 eie, fra frykten for \u00e5 miste det vi har, fra tristheten til den som ikke \u00f8nsker \u00e5 dele rikdommen sin med andre.\u00bb\u00a0<span class=\"discreet\">Fra en preken, 5. mars 2014<\/span><\/p>\n<p>&nbsp;<\/p>\n<h5><strong>9. Hjelp de n\u00f8dlidende<\/strong><\/h5>\n<p>\u00abI de fattige og utst\u00f8tte ser vi Kristi ansikt; ved \u00e5 elske og hjelpe de fattige elsker og tjener vi Kristus. V\u00e5r innsats er ogs\u00e5 rettet mot \u00e5 f\u00e5 slutt p\u00e5 brudd p\u00e5 menneskeverdet, p\u00e5 diskriminering og overgrep i verden, for disse er s\u00e5 ofte \u00e5rsaken til elendigheten. N\u00e5r makt, luksus og penger blir avguder, g\u00e5r de foran behovet for en rettferdig fordeling av rikdommen. Samvittigheten v\u00e5r m\u00e5 derfor omvendes til \u00e5 fokusere p\u00e5 rettferdighet, likhet, til \u00e5 leve et enkelt liv og dele med andre.\u00bb\u00a0<span class=\"discreet\">Fra pavens fastebudskap, 2014<\/span><\/p>\n<p>&nbsp;<\/p>\n<h5><strong>10. Evangeliser<\/strong><\/h5>\n<p>\u00abHerren ber oss om \u00e5 v\u00e6re glade budbringere av dette budskapet om barmhjertighet og h\u00e5p! Det er spennende \u00e5 oppleve gleden ved \u00e5 spre denne gode nyheten, dele skatten som er betrodd oss, tr\u00f8ste knuste hjerter og gi h\u00e5p til v\u00e5re br\u00f8dre og s\u00f8stre som opplever m\u00f8rke.\u00bb\u00a0<span class=\"discreet\">Fra pavens fastebudskap, 2014<\/span><\/p>\n<p>&nbsp;<\/p>\n<p><strong>Du vil sannsynligvis ikke klare \u00e5 ta store skritt fremover p\u00e5 alle disse omr\u00e5dene. Velg heller et par som skiller seg ut for deg og pr\u00f8v \u00e5 finne praktiske m\u00e5ter \u00e5 vokse i din kj\u00e6rlighet til Gud og til din neste.<\/strong><\/p>\n<p><strong>LES MER P\u00c5 :\u00a0<a href=\"http:\/\/www.katolsk.no\/nyheter\/2020\/02\/pave-frans-10-forslag-til-hva-du-bor-gjore-i-fastetiden\">http:\/\/www.katolsk.no\/nyheter\/2020\/02\/pave-frans-10-forslag-til-hva-du-bor-gjore-i-fastetiden<\/a><\/strong><\/p>\n<p>&nbsp;<\/p>\n","protected":false},"excerpt":{"rendered":"<p>Hvert \u00e5r pr\u00f8ver katolikker \u00e5 svare p\u00e5 sp\u00f8rsm\u00e5let: Hva skal jeg gj\u00f8re i fastetiden? Hvem er et bedre valg som \u00e5ndelig veileder i fasten enn pave Frans? Han har noen gode ideer til deg! Les mer p\u00e5\u00a0http:\/\/www.katolsk.no\/nyheter\/2020\/02\/pave-frans-10-forslag-til-hva-du-bor-gjore-i-fastetiden Vi\u00a0valgt ut 10&#8230;<br \/><a class=\"read-more-button\" href=\"https:\/\/stansgar.katolsk.no\/?p=6917\">Read more<\/a><\/p>\n","protected":false},"author":5,"featured_media":6918,"comment_status":"open","ping_status":"open","sticky":false,"template":"","format":"standard","meta":{"footnotes":""},"categories":[204],"tags":[],"class_list":["post-6917","post","type-post","status-publish","format-standard","has-post-thumbnail","hentry","category-ukategorisert-nb"],"_links":{"self":[{"href":"https:\/\/stansgar.katolsk.no\/index.php?rest_route=\/wp\/v2\/posts\/6917","targetHints":{"allow":["GET"]}}],"collection":[{"href":"https:\/\/stansgar.katolsk.no\/index.php?rest_route=\/wp\/v2\/posts"}],"about":[{"href":"https:\/\/stansgar.katolsk.no\/index.php?rest_route=\/wp\/v2\/types\/post"}],"author":[{"embeddable":true,"href":"https:\/\/stansgar.katolsk.no\/index.php?rest_route=\/wp\/v2\/users\/5"}],"replies":[{"embeddable":true,"href":"https:\/\/stansgar.katolsk.no\/index.php?rest_route=%2Fwp%2Fv2%2Fcomments&post=6917"}],"version-history":[{"count":2,"href":"https:\/\/stansgar.katolsk.no\/index.php?rest_route=\/wp\/v2\/posts\/6917\/revisions"}],"predecessor-version":[{"id":6920,"href":"https:\/\/stansgar.katolsk.no\/index.php?rest_route=\/wp\/v2\/posts\/6917\/revisions\/6920"}],"wp:featuredmedia":[{"embeddable":true,"href":"https:\/\/stansgar.katolsk.no\/index.php?rest_route=\/wp\/v2\/media\/6918"}],"wp:attachment":[{"href":"https:\/\/stansgar.katolsk.no\/index.php?rest_route=%2Fwp%2Fv2%2Fmedia&parent=6917"}],"wp:term":[{"taxonomy":"category","embeddable":true,"href":"https:\/\/stansgar.katolsk.no\/index.php?rest_route=%2Fwp%2Fv2%2Fcategories&post=6917"},{"taxonomy":"post_tag","embeddable":true,"href":"https:\/\/stansgar.katolsk.no\/index.php?rest_route=%2Fwp%2Fv2%2Ftags&post=6917"}],"curies":[{"name":"wp","href":"https:\/\/api.w.org\/{rel}","templated":true}]}}