{"id":691,"date":"2014-07-06T20:26:00","date_gmt":"2014-07-06T18:26:00","guid":{"rendered":"http:\/\/stansgar.katolsk.no\/index.php\/2014\/07\/06\/kunngjringer-sndag-6-juli-2014\/"},"modified":"2018-10-12T09:12:46","modified_gmt":"2018-10-12T07:12:46","slug":"kunngjringer-sndag-6-juli-2014","status":"publish","type":"post","link":"https:\/\/stansgar.katolsk.no\/?p=691","title":{"rendered":"Kunngj\u00f8ringer s\u00f8ndag 6. juli  2014"},"content":{"rendered":"<div class=\"MsoNormal\" style=\"background-color: white; color: #222222; font-size: 13px;\">\n<\/div>\n<div class=\"MsoNormal\" style=\"background-color: white; color: #222222; font-size: 13px;\">\nSt. Ansgar menighet har f\u00e5tt nytt menighetsr\u00e5d. Etter menighetens valg og sogneprestens utnevnelser har det nye menighetsr\u00e5det disse medlemmene i tillegg til menighetens prester:<u><\/u><u><\/u><\/div>\n<div class=\"MsoNormal\" style=\"background-color: white; color: #222222; font-size: 13px;\">\n<\/div>\n<div class=\"MsoNormal\" style=\"background-color: white; color: #222222; font-size: 13px;\">\n<\/div>\n<div class=\"MsoNormal\" style=\"background-color: white; color: #222222; font-size: 13px;\">\nJocelyn Augland<u><\/u><u><\/u><\/div>\n<div class=\"MsoNormal\" style=\"background-color: white; color: #222222; font-size: 13px;\">\nRandi Catarina Birkeland<u><\/u><u><\/u><\/div>\n<div class=\"MsoNormal\" style=\"background-color: white; color: #222222; font-size: 13px;\">\nPhuong Minh Huynh-Bj\u00f8rkly<u><\/u><u><\/u><\/div>\n<div class=\"MsoNormal\" style=\"background-color: white; color: #222222; font-size: 13px;\">\nKnut Arne Gros\u00e5s<u><\/u><u><\/u><\/div>\n<div class=\"MsoNormal\" style=\"background-color: white; color: #222222; font-size: 13px;\">\nAnna Habiera<u><\/u><u><\/u><\/div>\n<div class=\"MsoNormal\" style=\"background-color: white; color: #222222; font-size: 13px;\">\nTore Heidenreich<u><\/u><u><\/u><\/div>\n<div class=\"MsoNormal\" style=\"background-color: white; color: #222222; font-size: 13px;\">\nGrete Kaspersen<u><\/u><u><\/u><\/div>\n<div class=\"MsoNormal\" style=\"background-color: white; color: #222222; font-size: 13px;\">\nPhong Khac Mai<u><\/u><u><\/u><\/div>\n<div class=\"MsoNormal\" style=\"background-color: white; color: #222222; font-size: 13px;\">\nLuan Van Nguyen<u><\/u><u><\/u><\/div>\n<div class=\"MsoNormal\" style=\"background-color: white; color: #222222; font-size: 13px;\">\nElisabeth Vetland<u><\/u><u><\/u><\/div>\n<div class=\"MsoNormal\" style=\"background-color: white; color: #222222; font-size: 13px;\">\n<\/div>\n<div class=\"MsoNormal\" style=\"background-color: white; color: #222222; font-size: 13px;\">\nR\u00e5det vil tre sammen etter sommeren<u><\/u><u><\/u><\/div>\n<div class=\"MsoNormal\" style=\"background-color: white; color: #222222; font-size: 13px;\">\n<\/div>\n<div class=\"MsoNormal\" style=\"background-color: white; color: #222222; font-size: 13px;\">\nTakk til alle som stilte seg til disposisjon og stilte til valg!<u><\/u><u><\/u><\/div>\n<div class=\"MsoNormal\" style=\"background-color: white; color: #222222; font-family: arial, sans-serif; font-size: 13px;\">\n<\/div>\n","protected":false},"excerpt":{"rendered":"<p>St. Ansgar menighet har f\u00e5tt nytt menighetsr\u00e5d. Etter menighetens valg og sogneprestens utnevnelser har det nye menighetsr\u00e5det disse medlemmene i tillegg til menighetens prester: Jocelyn Augland Randi Catarina Birkeland Phuong Minh Huynh-Bj\u00f8rkly Knut Arne Gros\u00e5s Anna Habiera Tore Heidenreich Grete&#8230;<br \/><a class=\"read-more-button\" href=\"https:\/\/stansgar.katolsk.no\/?p=691\">Read more<\/a><\/p>\n","protected":false},"author":3,"featured_media":0,"comment_status":"open","ping_status":"open","sticky":false,"template":"","format":"standard","meta":{"footnotes":""},"categories":[1],"tags":[3,24],"class_list":["post-691","post","type-post","status-publish","format-standard","hentry","category-ukategorisert","tag-kunngjoringer","tag-menighetsrad"],"_links":{"self":[{"href":"https:\/\/stansgar.katolsk.no\/index.php?rest_route=\/wp\/v2\/posts\/691","targetHints":{"allow":["GET"]}}],"collection":[{"href":"https:\/\/stansgar.katolsk.no\/index.php?rest_route=\/wp\/v2\/posts"}],"about":[{"href":"https:\/\/stansgar.katolsk.no\/index.php?rest_route=\/wp\/v2\/types\/post"}],"author":[{"embeddable":true,"href":"https:\/\/stansgar.katolsk.no\/index.php?rest_route=\/wp\/v2\/users\/3"}],"replies":[{"embeddable":true,"href":"https:\/\/stansgar.katolsk.no\/index.php?rest_route=%2Fwp%2Fv2%2Fcomments&post=691"}],"version-history":[{"count":1,"href":"https:\/\/stansgar.katolsk.no\/index.php?rest_route=\/wp\/v2\/posts\/691\/revisions"}],"predecessor-version":[{"id":2652,"href":"https:\/\/stansgar.katolsk.no\/index.php?rest_route=\/wp\/v2\/posts\/691\/revisions\/2652"}],"wp:attachment":[{"href":"https:\/\/stansgar.katolsk.no\/index.php?rest_route=%2Fwp%2Fv2%2Fmedia&parent=691"}],"wp:term":[{"taxonomy":"category","embeddable":true,"href":"https:\/\/stansgar.katolsk.no\/index.php?rest_route=%2Fwp%2Fv2%2Fcategories&post=691"},{"taxonomy":"post_tag","embeddable":true,"href":"https:\/\/stansgar.katolsk.no\/index.php?rest_route=%2Fwp%2Fv2%2Ftags&post=691"}],"curies":[{"name":"wp","href":"https:\/\/api.w.org\/{rel}","templated":true}]}}