{"id":684,"date":"2014-08-17T11:28:00","date_gmt":"2014-08-17T09:28:00","guid":{"rendered":"http:\/\/stansgar.katolsk.no\/index.php\/2014\/08\/17\/kunngjringer-sndag-17august-2014\/"},"modified":"2018-10-12T09:12:46","modified_gmt":"2018-10-12T07:12:46","slug":"kunngjringer-sndag-17august-2014","status":"publish","type":"post","link":"https:\/\/stansgar.katolsk.no\/?p=684","title":{"rendered":"Kunngj\u00f8ringer s\u00f8ndag 17.august  2014"},"content":{"rendered":"<div class=\"MsoNormal\" style=\"background-color: white; color: #222222; font-size: 11pt; line-height: 17px; margin: 0cm 0cm 10pt;\">\n<\/div>\n<div class=\"MsoNormal\" style=\"background-color: white; color: #222222; font-size: 11pt; line-height: 17px; margin: 0cm 0cm 10pt;\">\n<\/div>\n<div class=\"MsoNormal\" style=\"background-color: white; color: #222222; font-size: 11pt; line-height: 17px; margin: 0cm 0cm 10pt;\">\nDenne uken er det <b>messe tirsdag til fredag kl 18<\/b><u><\/u><u><\/u><\/div>\n<div class=\"MsoNormal\" style=\"background-color: white; color: #222222; font-size: 11pt; line-height: 17px; margin: 0cm 0cm 10pt;\">\n<b>Tirsdag 19. august <\/b>er det sakramentstilbedelse etter messen og frem til kl. 19<u><\/u><u><\/u><\/div>\n<div class=\"MsoNormal\" style=\"background-color: white; color: #222222; font-size: 11pt; line-height: 17px; margin: 0cm 0cm 10pt;\">\n<u><\/u><u><\/u><\/div>\n<div class=\"MsoNormal\" style=\"background-color: white; color: #222222; font-size: 11pt; line-height: 17px; margin: 0cm 0cm 10pt;\">\n<b>Neste s\u00f8ndag er det internasjonal dag i menigheten.<\/b> Det er messe kl. 11 og kl. 18. Det er ikke messe kl 9.30 og kl. 13.<u><\/u><u><\/u><\/div>\n<div class=\"MsoNormal\" style=\"background-color: white; color: #222222; font-size: 11pt; line-height: 17px; margin: 0cm 0cm 10pt;\">\nDet er n\u00e5 fire \u00e5r siden forrige gang det var internasjonal dag i menigheten. For flere av dere er dette f\u00f8rste gang. Dette er et Caritas-arrangement for \u00e5 feire menighetens flerkulturelle fellesskap. Det er felles messe og deretter kirkekaffe med mat fra forskjellige land. Alle er hjertelig velkommen. Vi h\u00e5per mange kan komme!<u><\/u><u><\/u><\/div>\n<div>\n<\/div>\n","protected":false},"excerpt":{"rendered":"<p>Denne uken er det messe tirsdag til fredag kl 18 Tirsdag 19. august er det sakramentstilbedelse etter messen og frem til kl. 19 Neste s\u00f8ndag er det internasjonal dag i menigheten. Det er messe kl. 11 og kl. 18. Det&#8230;<br \/><a class=\"read-more-button\" href=\"https:\/\/stansgar.katolsk.no\/?p=684\">Read more<\/a><\/p>\n","protected":false},"author":3,"featured_media":0,"comment_status":"open","ping_status":"open","sticky":false,"template":"","format":"standard","meta":{"footnotes":""},"categories":[1],"tags":[3],"class_list":["post-684","post","type-post","status-publish","format-standard","hentry","category-ukategorisert","tag-kunngjoringer"],"_links":{"self":[{"href":"https:\/\/stansgar.katolsk.no\/index.php?rest_route=\/wp\/v2\/posts\/684","targetHints":{"allow":["GET"]}}],"collection":[{"href":"https:\/\/stansgar.katolsk.no\/index.php?rest_route=\/wp\/v2\/posts"}],"about":[{"href":"https:\/\/stansgar.katolsk.no\/index.php?rest_route=\/wp\/v2\/types\/post"}],"author":[{"embeddable":true,"href":"https:\/\/stansgar.katolsk.no\/index.php?rest_route=\/wp\/v2\/users\/3"}],"replies":[{"embeddable":true,"href":"https:\/\/stansgar.katolsk.no\/index.php?rest_route=%2Fwp%2Fv2%2Fcomments&post=684"}],"version-history":[{"count":1,"href":"https:\/\/stansgar.katolsk.no\/index.php?rest_route=\/wp\/v2\/posts\/684\/revisions"}],"predecessor-version":[{"id":2643,"href":"https:\/\/stansgar.katolsk.no\/index.php?rest_route=\/wp\/v2\/posts\/684\/revisions\/2643"}],"wp:attachment":[{"href":"https:\/\/stansgar.katolsk.no\/index.php?rest_route=%2Fwp%2Fv2%2Fmedia&parent=684"}],"wp:term":[{"taxonomy":"category","embeddable":true,"href":"https:\/\/stansgar.katolsk.no\/index.php?rest_route=%2Fwp%2Fv2%2Fcategories&post=684"},{"taxonomy":"post_tag","embeddable":true,"href":"https:\/\/stansgar.katolsk.no\/index.php?rest_route=%2Fwp%2Fv2%2Ftags&post=684"}],"curies":[{"name":"wp","href":"https:\/\/api.w.org\/{rel}","templated":true}]}}