{"id":682,"date":"2014-08-20T09:51:00","date_gmt":"2014-08-20T07:51:00","guid":{"rendered":"http:\/\/stansgar.katolsk.no\/index.php\/2014\/08\/20\/internasjonal-dag-i-stansgar\/"},"modified":"2018-10-12T09:12:45","modified_gmt":"2018-10-12T07:12:45","slug":"internasjonal-dag-i-stansgar","status":"publish","type":"post","link":"https:\/\/stansgar.katolsk.no\/?p=682","title":{"rendered":"Internasjonal dag i St.Ansgar"},"content":{"rendered":"<div class=\"MsoNormal\" style=\"background-color: white; color: #222222; font-family: Georgia, Utopia, 'Palatino Linotype', Palatino, serif; font-size: 11pt; line-height: 17px; margin: 0cm 0cm 10pt;\">\n<b><br \/><\/b><\/div>\n<div class=\"MsoNormal\" style=\"background-color: white; color: #222222; font-family: Georgia, Utopia, 'Palatino Linotype', Palatino, serif; font-size: 11pt; line-height: 17px; margin: 0cm 0cm 10pt;\">\n<b><br \/><\/b><\/div>\n<table align=\"center\" cellpadding=\"0\" cellspacing=\"0\" class=\"tr-caption-container\" style=\"margin-left: auto; margin-right: auto; text-align: center;\">\n<tbody>\n<tr>\n<td style=\"text-align: center;\"><a href=\"http:\/\/www.katolsk.no\/nyheter\/2010\/06\/22-0005-30.jpg\" imageanchor=\"1\" style=\"margin-left: auto; margin-right: auto;\"><img loading=\"lazy\" decoding=\"async\" border=\"0\" src=\"http:\/\/www.katolsk.no\/nyheter\/2010\/06\/22-0005-30.jpg\" height=\"265\" width=\"400\" \/><\/a><\/td>\n<\/tr>\n<tr>\n<td class=\"tr-caption\" style=\"text-align: center;\">Fine damer i diverse nasjonaldrakter. foto: Lars Rekaa<\/td>\n<\/tr>\n<\/tbody>\n<\/table>\n<div class=\"MsoNormal\" style=\"background-color: white; color: #222222; font-family: Georgia, Utopia, 'Palatino Linotype', Palatino, serif; font-size: 11pt; line-height: 17px; margin: 0cm 0cm 10pt;\">\n<b><br \/><\/b><\/div>\n<div class=\"MsoNormal\" style=\"background-color: white; color: #222222; font-family: Georgia, Utopia, 'Palatino Linotype', Palatino, serif; font-size: 11pt; line-height: 17px; margin: 0cm 0cm 10pt;\">\n<b>S\u00f8ndag 24.8 &nbsp;er det internasjonal dag i menigheten.<\/b>&nbsp;<\/div>\n<div class=\"MsoNormal\" style=\"background-color: white; color: #222222; font-family: Georgia, Utopia, 'Palatino Linotype', Palatino, serif; font-size: 11pt; line-height: 17px; margin: 0cm 0cm 10pt;\">\n<\/div>\n<div class=\"MsoNormal\" style=\"background-color: white; color: #222222; font-family: Georgia, Utopia, 'Palatino Linotype', Palatino, serif; font-size: 11pt; line-height: 17px; margin: 0cm 0cm 10pt;\">\nDet er messe kl. 11 og kl. 18. &nbsp;<u><\/u><\/div>\n<div class=\"MsoNormal\" style=\"background-color: white; color: #222222; font-family: Georgia, Utopia, 'Palatino Linotype', Palatino, serif; font-size: 11pt; line-height: 17px; margin: 0cm 0cm 10pt;\">\n<\/div>\n<div class=\"MsoNormal\" style=\"background-color: white; color: #222222; font-family: Georgia, Utopia, 'Palatino Linotype', Palatino, serif; font-size: 11pt; line-height: 17px; margin: 0cm 0cm 10pt;\">\nDet er n\u00e5 fire \u00e5r siden forrige gang det var internasjonal dag i menigheten. For flere av dere er dette f\u00f8rste gang. Dette er et Caritas-arrangement for \u00e5 feire menighetens flerkulturelle fellesskap. Det er felles messe og deretter kirkekaffe med mat fra forskjellige land. Er vi heldige blir det ogs\u00e5 dans og andre opptredener fra forskjellige tradisjoner.<\/p>\n<p>For barna arrangeres det forskjellige leker &#8211; voksne kan ogs\u00e5 f\u00e5 pr\u00f8ve seg, ryktes det \ud83d\ude42<\/p><\/div>\n<div class=\"MsoNormal\" style=\"background-color: white; color: #222222; font-family: Georgia, Utopia, 'Palatino Linotype', Palatino, serif; font-size: 11pt; line-height: 17px; margin: 0cm 0cm 10pt;\">\nSett av dagen, alle er hjertelig velkommen!<\/div>\n<div class=\"MsoNormal\" style=\"background-color: white; color: #222222; font-family: Georgia, Utopia, 'Palatino Linotype', Palatino, serif; font-size: 11pt; line-height: 17px; margin: 0cm 0cm 10pt;\">\n<\/div>\n<div class=\"MsoNormal\" style=\"background-color: white; color: #222222; font-family: Georgia, Utopia, 'Palatino Linotype', Palatino, serif; font-size: 11pt; line-height: 17px; margin: 0cm 0cm 10pt;\">\n<\/div>\n<div class=\"MsoNormal\" style=\"background-color: white; color: #222222; font-family: Georgia, Utopia, 'Palatino Linotype', Palatino, serif; font-size: 11pt; line-height: 17px; margin: 0cm 0cm 10pt;\">\n<\/div>\n<table align=\"center\" cellpadding=\"0\" cellspacing=\"0\" class=\"tr-caption-container\" style=\"margin-left: auto; margin-right: auto; text-align: center;\">\n<tbody>\n<tr>\n<td style=\"text-align: center;\"><a href=\"http:\/\/www.katolsk.no\/nyheter\/2010\/06\/22-0005-66.jpg\" imageanchor=\"1\" style=\"margin-left: auto; margin-right: auto;\"><img loading=\"lazy\" decoding=\"async\" border=\"0\" src=\"http:\/\/www.katolsk.no\/nyheter\/2010\/06\/22-0005-66.jpg\" height=\"265\" width=\"400\" \/><\/a><\/td>\n<\/tr>\n<tr>\n<td class=\"tr-caption\" style=\"text-align: center;\">Vietnamesisk dans. foot: Lars Rekaa<\/td>\n<\/tr>\n<\/tbody>\n<\/table>\n<div class=\"separator\" style=\"clear: both; text-align: center;\">\n<\/div>\n<div class=\"separator\" style=\"clear: both; text-align: center;\">\n<\/div>\n<div class=\"separator\" style=\"clear: both; text-align: center;\">\n<\/div>\n<table align=\"center\" cellpadding=\"0\" cellspacing=\"0\" class=\"tr-caption-container\" style=\"margin-left: auto; margin-right: auto; text-align: center;\">\n<tbody>\n<tr>\n<td style=\"text-align: center;\"><a href=\"http:\/\/www.katolsk.no\/nyheter\/2010\/06\/22-0005-82.jpg\" imageanchor=\"1\" style=\"margin-left: auto; margin-right: auto;\"><img loading=\"lazy\" decoding=\"async\" border=\"0\" src=\"http:\/\/www.katolsk.no\/nyheter\/2010\/06\/22-0005-82.jpg\" height=\"640\" width=\"425\" \/><\/a><\/td>\n<\/tr>\n<tr>\n<td class=\"tr-caption\" style=\"text-align: center;\">Fillippinsk stokkedans. Modige jenter! foto: Lars Rekaa<\/td>\n<\/tr>\n<\/tbody>\n<\/table>\n<div class=\"separator\" style=\"clear: both; text-align: center;\">\n<\/div>\n<div class=\"MsoNormal\" style=\"background-color: white; color: #222222; font-family: Georgia, Utopia, 'Palatino Linotype', Palatino, serif; font-size: 11pt; line-height: 17px; margin: 0cm 0cm 10pt;\">\n<\/div>\n","protected":false},"excerpt":{"rendered":"<p>Fine damer i diverse nasjonaldrakter. foto: Lars Rekaa S\u00f8ndag 24.8 &nbsp;er det internasjonal dag i menigheten.&nbsp; Det er messe kl. 11 og kl. 18. &nbsp; Det er n\u00e5 fire \u00e5r siden forrige gang det var internasjonal dag i menigheten. For&#8230;<br \/><a class=\"read-more-button\" href=\"https:\/\/stansgar.katolsk.no\/?p=682\">Read more<\/a><\/p>\n","protected":false},"author":3,"featured_media":2641,"comment_status":"open","ping_status":"open","sticky":false,"template":"","format":"standard","meta":{"footnotes":""},"categories":[1],"tags":[71,112],"class_list":["post-682","post","type-post","status-publish","format-standard","has-post-thumbnail","hentry","category-ukategorisert","tag-caritas","tag-internasjonal-dag"],"_links":{"self":[{"href":"https:\/\/stansgar.katolsk.no\/index.php?rest_route=\/wp\/v2\/posts\/682","targetHints":{"allow":["GET"]}}],"collection":[{"href":"https:\/\/stansgar.katolsk.no\/index.php?rest_route=\/wp\/v2\/posts"}],"about":[{"href":"https:\/\/stansgar.katolsk.no\/index.php?rest_route=\/wp\/v2\/types\/post"}],"author":[{"embeddable":true,"href":"https:\/\/stansgar.katolsk.no\/index.php?rest_route=\/wp\/v2\/users\/3"}],"replies":[{"embeddable":true,"href":"https:\/\/stansgar.katolsk.no\/index.php?rest_route=%2Fwp%2Fv2%2Fcomments&post=682"}],"version-history":[{"count":1,"href":"https:\/\/stansgar.katolsk.no\/index.php?rest_route=\/wp\/v2\/posts\/682\/revisions"}],"predecessor-version":[{"id":2640,"href":"https:\/\/stansgar.katolsk.no\/index.php?rest_route=\/wp\/v2\/posts\/682\/revisions\/2640"}],"wp:featuredmedia":[{"embeddable":true,"href":"https:\/\/stansgar.katolsk.no\/index.php?rest_route=\/wp\/v2\/media\/2641"}],"wp:attachment":[{"href":"https:\/\/stansgar.katolsk.no\/index.php?rest_route=%2Fwp%2Fv2%2Fmedia&parent=682"}],"wp:term":[{"taxonomy":"category","embeddable":true,"href":"https:\/\/stansgar.katolsk.no\/index.php?rest_route=%2Fwp%2Fv2%2Fcategories&post=682"},{"taxonomy":"post_tag","embeddable":true,"href":"https:\/\/stansgar.katolsk.no\/index.php?rest_route=%2Fwp%2Fv2%2Ftags&post=682"}],"curies":[{"name":"wp","href":"https:\/\/api.w.org\/{rel}","templated":true}]}}