{"id":681,"date":"2014-08-20T19:01:00","date_gmt":"2014-08-20T17:01:00","guid":{"rendered":"http:\/\/stansgar.katolsk.no\/index.php\/2014\/08\/20\/dzien-miedzynarodowy-w-parafi-sw-ansgar\/"},"modified":"2018-10-12T09:12:45","modified_gmt":"2018-10-12T07:12:45","slug":"dzien-miedzynarodowy-w-parafi-sw-ansgar","status":"publish","type":"post","link":"https:\/\/stansgar.katolsk.no\/?p=681","title":{"rendered":"Dzie\u0144 Mi\u0119dzynarodowy w parafi \u015aw. Ansgar Niedziela 24. \u015aierpnia 2014"},"content":{"rendered":"<div class=\"MsoNormal\" style=\"margin-bottom: 6.0pt;\">\n<\/div>\n<div class=\"MsoNormal\">\nSpo\u0142eczno\u015b\u0107 naszej parafi zaprasza na dzie\u0144<br \/>\nmi\u0119dzynarodowy. <\/div>\n<div class=\"MsoNormal\">\nNorodowo\u015bci reprezentowane w naszej parafi<br \/>\nprzygotuj\u0105 stoiska przystrojone w barwy swojich kraj\u00f3w na kt\u00f3rych b\u0119d\u0105<br \/>\nsprzedawane potrawy narodowe i mo\u017ce co\u015b innego. <\/div>\n<div class=\"MsoNormal\">\n<\/div>\n<div class=\"MsoNormal\" style=\"margin-bottom: 6.0pt;\">\n11.00 &nbsp; Msza \u015bw. Polowa na podw\u00f3rzu przy ko\u015bciele.<\/div>\n<div class=\"MsoNormal\" style=\"margin-bottom: 6.0pt;\">\n&nbsp;&nbsp;&nbsp;&nbsp;&nbsp;&nbsp;&nbsp;&nbsp;&nbsp;&nbsp;&nbsp; Sprzeda\u017c na stoiskach na ulicy przy ko\u015bciele rozpocznie<br \/>\nsi\u0119 po mszy \u015bw.<\/div>\n<div class=\"MsoNormal\" style=\"margin-bottom: 6.0pt;\">\n&nbsp;&nbsp;&nbsp;&nbsp;&nbsp;&nbsp;&nbsp;&nbsp;&nbsp;&nbsp;&nbsp; Rozrywki dla dzieci prowadzi klub m\u0142odzieziowy z naszej<br \/>\nparafi.<\/div>\n<div class=\"MsoNormal\">\n12.30&nbsp;&nbsp; Przedstawienia: <\/div>\n<div class=\"MsoNormal\" style=\"text-indent: 35.4pt;\">\n\u015apiew, taniec i<br \/>\nmuzyka.&nbsp; <\/div>\n<div class=\"MsoNormal\">\n<\/div>\n<div class=\"MsoNormal\">\nDochody b\u0119d\u0105 przeznaczone na pomoc<br \/>\nprze\u015bladowanym chrze\u015bcijanom w Iraku.<\/div>\n<div class=\"MsoNormal\" style=\"margin-bottom: 6.0pt;\">\nTaca przeznaczona b\u0119dzie<br \/>\nna potrzeby naszej parafi. <\/div>\n<p><\/p>\n<div class=\"MsoNormal\">\nZach\u0119camy do uczestnictwa w dniu<br \/>\nmi\u0119dzynarodowym.<\/div>\n","protected":false},"excerpt":{"rendered":"<p>Spo\u0142eczno\u015b\u0107 naszej parafi zaprasza na dzie\u0144 mi\u0119dzynarodowy. Norodowo\u015bci reprezentowane w naszej parafi przygotuj\u0105 stoiska przystrojone w barwy swojich kraj\u00f3w na kt\u00f3rych b\u0119d\u0105 sprzedawane potrawy narodowe i mo\u017ce co\u015b innego. 11.00 &nbsp; Msza \u015bw. Polowa na podw\u00f3rzu przy ko\u015bciele. &nbsp;&nbsp;&nbsp;&nbsp;&nbsp;&nbsp;&nbsp;&nbsp;&nbsp;&nbsp;&nbsp; Sprzeda\u017c&#8230;<br \/><a class=\"read-more-button\" href=\"https:\/\/stansgar.katolsk.no\/?p=681\">Read more<\/a><\/p>\n","protected":false},"author":3,"featured_media":0,"comment_status":"open","ping_status":"open","sticky":false,"template":"","format":"standard","meta":{"footnotes":""},"categories":[1],"tags":[71,112],"class_list":["post-681","post","type-post","status-publish","format-standard","hentry","category-ukategorisert","tag-caritas","tag-internasjonal-dag"],"_links":{"self":[{"href":"https:\/\/stansgar.katolsk.no\/index.php?rest_route=\/wp\/v2\/posts\/681","targetHints":{"allow":["GET"]}}],"collection":[{"href":"https:\/\/stansgar.katolsk.no\/index.php?rest_route=\/wp\/v2\/posts"}],"about":[{"href":"https:\/\/stansgar.katolsk.no\/index.php?rest_route=\/wp\/v2\/types\/post"}],"author":[{"embeddable":true,"href":"https:\/\/stansgar.katolsk.no\/index.php?rest_route=\/wp\/v2\/users\/3"}],"replies":[{"embeddable":true,"href":"https:\/\/stansgar.katolsk.no\/index.php?rest_route=%2Fwp%2Fv2%2Fcomments&post=681"}],"version-history":[{"count":1,"href":"https:\/\/stansgar.katolsk.no\/index.php?rest_route=\/wp\/v2\/posts\/681\/revisions"}],"predecessor-version":[{"id":2639,"href":"https:\/\/stansgar.katolsk.no\/index.php?rest_route=\/wp\/v2\/posts\/681\/revisions\/2639"}],"wp:attachment":[{"href":"https:\/\/stansgar.katolsk.no\/index.php?rest_route=%2Fwp%2Fv2%2Fmedia&parent=681"}],"wp:term":[{"taxonomy":"category","embeddable":true,"href":"https:\/\/stansgar.katolsk.no\/index.php?rest_route=%2Fwp%2Fv2%2Fcategories&post=681"},{"taxonomy":"post_tag","embeddable":true,"href":"https:\/\/stansgar.katolsk.no\/index.php?rest_route=%2Fwp%2Fv2%2Ftags&post=681"}],"curies":[{"name":"wp","href":"https:\/\/api.w.org\/{rel}","templated":true}]}}