{"id":680,"date":"2014-08-26T11:57:00","date_gmt":"2014-08-26T09:57:00","guid":{"rendered":"http:\/\/stansgar.katolsk.no\/index.php\/2014\/08\/26\/vellykket-internasjonal-dag\/"},"modified":"2018-10-12T09:12:45","modified_gmt":"2018-10-12T07:12:45","slug":"vellykket-internasjonal-dag","status":"publish","type":"post","link":"https:\/\/stansgar.katolsk.no\/?p=680","title":{"rendered":"Vellykket Internasjonal dag!"},"content":{"rendered":"<table align=\"center\" cellpadding=\"0\" cellspacing=\"0\" class=\"tr-caption-container\" style=\"margin-left: auto; margin-right: auto; text-align: center;\">\n<tbody>\n<tr>\n<td style=\"text-align: center;\"><a href=\"http:\/\/stansgar.katolsk.no\/wp-content\/uploads\/2014\/08\/IMG_1162.jpg\" imageanchor=\"1\" style=\"margin-left: auto; margin-right: auto;\"><img loading=\"lazy\" decoding=\"async\" border=\"0\" src=\"http:\/\/stansgar.katolsk.no\/wp-content\/uploads\/2014\/08\/IMG_1162.jpg\" height=\"265\" width=\"400\" \/><\/a><\/td>\n<\/tr>\n<tr>\n<td class=\"tr-caption\" style=\"text-align: center;\">foto: Thanh-Minh Doan<\/td>\n<\/tr>\n<\/tbody>\n<\/table>\n<p>\nS\u00f8ndag 24.8 gjenopptok st.Ansgar menighet tradisjonen med Internasjonal dag. Pga byggearbeidene har det ikke v\u00e6rt mulig \u00e5 gjennomf\u00f8re dette de siste \u00e5rene. Menigheten har vokst kraftig disse \u00e5rene, og alle var spente p\u00e5 hvordan oppslutning det ville bli om arrangementet, som var nytt for mange. Man kan trygt kalle det en kjempesuksess, kvartalet i Kongens gate som var avstengt til form\u00e5let var stappfullt, og messen m\u00e5tte holdes utend\u00f8rs for \u00e5 f\u00e5 plass til alle.<\/p>\n<p>Under messen ble det ogs\u00e5 takket og gitt gaver til v\u00e5re to avtroppende prester, p. Michael og p. Mariusz, som forlater oss til fordel for nye oppgaver annensteds.<\/p>\n<p>Etter messen var det underholdning og salg av mat fra mange land.<br \/>\nInntektene endte p\u00e5 formidable 30 000 kroner!<\/p>\n<p>Pengene g\u00e5r, via Caritas, til hjelp for internt fordrevne mennesker i Irak.<\/p>\n<table align=\"center\" cellpadding=\"0\" cellspacing=\"0\" class=\"tr-caption-container\" style=\"margin-left: auto; margin-right: auto; text-align: center;\">\n<tbody>\n<tr>\n<td style=\"text-align: center;\"><a href=\"http:\/\/stansgar.katolsk.no\/wp-content\/uploads\/2014\/08\/IMG_1185.jpg\" imageanchor=\"1\" style=\"margin-left: auto; margin-right: auto;\"><img loading=\"lazy\" decoding=\"async\" border=\"0\" src=\"http:\/\/stansgar.katolsk.no\/wp-content\/uploads\/2014\/08\/IMG_1185.jpg\" height=\"266\" width=\"400\" \/><\/a><\/td>\n<\/tr>\n<tr>\n<td class=\"tr-caption\" style=\"text-align: center;\">Ildfull chilensk dans! foot: Thanh-Minh Doan<\/td>\n<\/tr>\n<\/tbody>\n<\/table>\n<div class=\"separator\" style=\"clear: both; text-align: center;\">\n<\/div>\n<div class=\"separator\" style=\"clear: both; text-align: center;\">\n<\/div>\n<div class=\"separator\" style=\"clear: both; text-align: center;\">\n<\/div>\n<div class=\"separator\" style=\"clear: both; text-align: center;\">\n<\/div>\n<table align=\"center\" cellpadding=\"0\" cellspacing=\"0\" class=\"tr-caption-container\" style=\"margin-left: auto; margin-right: auto; text-align: center;\">\n<tbody>\n<tr>\n<td style=\"text-align: center;\"><a href=\"http:\/\/stansgar.katolsk.no\/wp-content\/uploads\/2014\/08\/IMG_1011.jpg\" imageanchor=\"1\" style=\"margin-left: auto; margin-right: auto;\"><img loading=\"lazy\" decoding=\"async\" border=\"0\" src=\"http:\/\/stansgar.katolsk.no\/wp-content\/uploads\/2014\/08\/IMG_1011.jpg\" height=\"266\" width=\"400\" \/><\/a><\/td>\n<\/tr>\n<tr>\n<td class=\"tr-caption\" style=\"text-align: center;\">foto: Thanh-Minh Doan<\/td>\n<\/tr>\n<\/tbody>\n<\/table>\n<table align=\"center\" cellpadding=\"0\" cellspacing=\"0\" class=\"tr-caption-container\" style=\"margin-left: auto; margin-right: auto; text-align: center;\">\n<tbody>\n<tr>\n<td style=\"text-align: center;\"><a href=\"http:\/\/stansgar.katolsk.no\/wp-content\/uploads\/2014\/08\/IMG_1035.jpg\" imageanchor=\"1\" style=\"margin-left: auto; margin-right: auto;\"><img loading=\"lazy\" decoding=\"async\" border=\"0\" src=\"http:\/\/stansgar.katolsk.no\/wp-content\/uploads\/2014\/08\/IMG_1035.jpg\" height=\"266\" width=\"400\" \/><\/a><\/td>\n<\/tr>\n<tr>\n<td class=\"tr-caption\" style=\"text-align: center;\">en polsk gruppe sang og spilte vakkert under kommunionen. foto: Thanh-Minh Doan<\/td>\n<\/tr>\n<\/tbody>\n<\/table>\n<table align=\"center\" cellpadding=\"0\" cellspacing=\"0\" class=\"tr-caption-container\" style=\"margin-left: auto; margin-right: auto; text-align: center;\">\n<tbody>\n<tr>\n<td style=\"text-align: center;\"><a href=\"http:\/\/stansgar.katolsk.no\/wp-content\/uploads\/2014\/08\/IMG_1039.jpg\" imageanchor=\"1\" style=\"margin-left: auto; margin-right: auto;\"><img loading=\"lazy\" decoding=\"async\" border=\"0\" src=\"http:\/\/stansgar.katolsk.no\/wp-content\/uploads\/2014\/08\/IMG_1039.jpg\" height=\"266\" width=\"400\" \/><\/a><\/td>\n<\/tr>\n<tr>\n<td class=\"tr-caption\" style=\"text-align: center;\">vakker a cappellasang fra burundiske menighetsmedlemmer. foto: Thanh-Minh Doan<\/td>\n<\/tr>\n<\/tbody>\n<\/table>\n<p>se flere bilder&nbsp;<a href=\"https:\/\/picasaweb.google.com\/100496798333626155948\/InternasjonalDag2014?authkey=Gv1sRgCPOF-ea0pMbq7AE\" target=\"_blank\">her<\/a><\/p>\n","protected":false},"excerpt":{"rendered":"<p>foto: Thanh-Minh Doan S\u00f8ndag 24.8 gjenopptok st.Ansgar menighet tradisjonen med Internasjonal dag. Pga byggearbeidene har det ikke v\u00e6rt mulig \u00e5 gjennomf\u00f8re dette de siste \u00e5rene. Menigheten har vokst kraftig disse \u00e5rene, og alle var spente p\u00e5 hvordan oppslutning det ville&#8230;<br \/><a class=\"read-more-button\" href=\"https:\/\/stansgar.katolsk.no\/?p=680\">Read more<\/a><\/p>\n","protected":false},"author":3,"featured_media":2633,"comment_status":"open","ping_status":"open","sticky":false,"template":"","format":"standard","meta":{"footnotes":""},"categories":[1],"tags":[112],"class_list":["post-680","post","type-post","status-publish","format-standard","has-post-thumbnail","hentry","category-ukategorisert","tag-internasjonal-dag"],"_links":{"self":[{"href":"https:\/\/stansgar.katolsk.no\/index.php?rest_route=\/wp\/v2\/posts\/680","targetHints":{"allow":["GET"]}}],"collection":[{"href":"https:\/\/stansgar.katolsk.no\/index.php?rest_route=\/wp\/v2\/posts"}],"about":[{"href":"https:\/\/stansgar.katolsk.no\/index.php?rest_route=\/wp\/v2\/types\/post"}],"author":[{"embeddable":true,"href":"https:\/\/stansgar.katolsk.no\/index.php?rest_route=\/wp\/v2\/users\/3"}],"replies":[{"embeddable":true,"href":"https:\/\/stansgar.katolsk.no\/index.php?rest_route=%2Fwp%2Fv2%2Fcomments&post=680"}],"version-history":[{"count":1,"href":"https:\/\/stansgar.katolsk.no\/index.php?rest_route=\/wp\/v2\/posts\/680\/revisions"}],"predecessor-version":[{"id":2638,"href":"https:\/\/stansgar.katolsk.no\/index.php?rest_route=\/wp\/v2\/posts\/680\/revisions\/2638"}],"wp:featuredmedia":[{"embeddable":true,"href":"https:\/\/stansgar.katolsk.no\/index.php?rest_route=\/wp\/v2\/media\/2633"}],"wp:attachment":[{"href":"https:\/\/stansgar.katolsk.no\/index.php?rest_route=%2Fwp%2Fv2%2Fmedia&parent=680"}],"wp:term":[{"taxonomy":"category","embeddable":true,"href":"https:\/\/stansgar.katolsk.no\/index.php?rest_route=%2Fwp%2Fv2%2Fcategories&post=680"},{"taxonomy":"post_tag","embeddable":true,"href":"https:\/\/stansgar.katolsk.no\/index.php?rest_route=%2Fwp%2Fv2%2Ftags&post=680"}],"curies":[{"name":"wp","href":"https:\/\/api.w.org\/{rel}","templated":true}]}}