{"id":68,"date":"2018-09-07T09:45:00","date_gmt":"2018-09-07T07:45:00","guid":{"rendered":"http:\/\/stansgar.katolsk.no\/index.php\/2018\/09\/07\/troskurs-2018-2019\/"},"modified":"2018-10-12T09:12:13","modified_gmt":"2018-10-12T07:12:13","slug":"troskurs-2018-2019","status":"publish","type":"post","link":"https:\/\/stansgar.katolsk.no\/?p=68","title":{"rendered":"TROSKURS 2018-2019"},"content":{"rendered":"<p><\/p>\n<div class=\"MsoNormal\">\n<\/div>\n<div align=\"center\" class=\"MsoNormal\" style=\"line-height: normal; mso-margin-bottom-alt: auto; mso-margin-top-alt: auto; mso-outline-level: 1; text-align: center;\">\n<\/div>\n<div align=\"center\" style=\"text-align: center;\">\n<b style=\"mso-bidi-font-weight: normal;\">Oppstart:<br \/>\n25. Okt 2018<\/b><\/div>\n<div align=\"center\" class=\"MsoNormal\" style=\"line-height: normal; mso-margin-bottom-alt: auto; mso-margin-top-alt: auto; mso-outline-level: 1; text-align: center;\">\n<\/div>\n<div class=\"MsoNormal\" style=\"line-height: 115%; mso-margin-bottom-alt: auto; mso-margin-top-alt: auto; text-align: justify;\">\n\u00ab\u00c5 v\u00e6re menneske<br \/>\nvil si \u00e5 komme fra Gud og g\u00e5 til Gud. V\u00e5r opprinnelse g\u00e5r lenger tilbake enn<br \/>\ntil v\u00e5re foreldre. Vi kommer fra Gud, hvor all lykke i himmel og p\u00e5 jord bor,<br \/>\nog han venter oss i sin evige salighet. I mellomtiden lever vi her p\u00e5 denne<br \/>\njorden \u2026 For at vi skal finne veien hjem, sendte Gud sin S\u00f8nn, som frelste oss<br \/>\nfra synd, frir oss fra det onde og leder oss trygt frem til det sanne livet.<br \/>\nJesus er \u00abveien, sannheten og livet\u00bb (Joh. 14,6) (Youcat, 1).<\/div>\n<div class=\"MsoNormal\" style=\"line-height: 115%; mso-margin-bottom-alt: auto; mso-margin-top-alt: auto;\">\nI troskurset skal vi l\u00e6re om:<\/div>\n<div class=\"MsoListParagraphCxSpFirst\" style=\"line-height: 115%; mso-add-space: auto; mso-list: l2 level1 lfo3; mso-margin-bottom-alt: auto; mso-margin-top-alt: auto; text-indent: -18.0pt;\">\n&#8211;&nbsp;&nbsp;&nbsp;&nbsp;&nbsp;&nbsp; Trosbekjennelsen: Hva Gud forteller oss om Jesus Kristus<\/div>\n<div class=\"MsoListParagraphCxSpMiddle\" style=\"line-height: 115%; mso-add-space: auto; mso-list: l2 level1 lfo3; mso-margin-bottom-alt: auto; mso-margin-top-alt: auto; text-indent: -18.0pt;\">\n&#8211;&nbsp;&nbsp;&nbsp;&nbsp;&nbsp;&nbsp; Troens sakramenter: Hvordan Guds frelse, fullbyrdet en gang for alle<br \/>\nved Kristus Jesus og ved den Hellige \u00c5nd og<b style=\"mso-bidi-font-weight: normal;\"><br \/>\n<\/b>ved de hellige handlinger i Kirkens liturgi.<\/div>\n<div class=\"MsoListParagraphCxSpMiddle\" style=\"line-height: 115%; mso-add-space: auto; mso-list: l2 level1 lfo3; mso-margin-bottom-alt: auto; mso-margin-top-alt: auto; text-indent: -18.0pt;\">\n&#8211;&nbsp;&nbsp;&nbsp;&nbsp;&nbsp;&nbsp; Troens liv: Veier som f\u00f8rer til salighet.<\/div>\n<div class=\"MsoListParagraphCxSpLast\" style=\"line-height: 115%; mso-add-space: auto; mso-list: l2 level1 lfo3; mso-margin-bottom-alt: auto; mso-margin-top-alt: auto; text-indent: -18.0pt;\">\n&#8211;&nbsp;&nbsp;&nbsp;&nbsp;&nbsp;&nbsp; B\u00f8nnen i troens liv: B\u00f8nnens mening og betydning i den kristnes liv.<\/div>\n<div class=\"MsoListParagraphCxSpLast\" style=\"line-height: 115%; mso-add-space: auto; mso-list: l2 level1 lfo3; mso-margin-bottom-alt: auto; mso-margin-top-alt: auto; text-indent: -18.0pt;\">\n<\/div>\n<div class=\"MsoNormal\" style=\"line-height: 115%; mso-margin-bottom-alt: auto; mso-margin-top-alt: auto;\">\n<b>Troskurset er \u00e5pent for alle (katolikker og<br \/>\nikke-katolikker) som:<\/b><\/div>\n<div class=\"MsoListParagraphCxSpFirst\" style=\"line-height: 115%; mso-add-space: auto; mso-list: l2 level1 lfo3; mso-margin-bottom-alt: auto; mso-margin-top-alt: auto; text-indent: -18.0pt;\">\n<b>&#8211;&nbsp;&nbsp;&nbsp;&nbsp;&nbsp;&nbsp; \u00f8nsker \u00e5 konvertere til den katolske tro og leve i felleskap til Gud i<br \/>\nden Katolsk Kirken.<\/b><\/div>\n<div class=\"MsoListParagraphCxSpLast\" style=\"line-height: 115%; mso-add-space: auto; mso-list: l2 level1 lfo3; mso-margin-bottom-alt: auto; mso-margin-top-alt: auto; text-indent: -18.0pt;\">\n<b>&#8211;&nbsp;&nbsp;&nbsp;&nbsp;&nbsp;&nbsp; <\/b><b>\u00f8nsker \u00e5 fordype seg i den katolske kirkes tro og liv. <\/b><\/div>\n<div class=\"MsoListParagraphCxSpLast\" style=\"line-height: 115%; mso-add-space: auto; mso-list: l2 level1 lfo3; mso-margin-bottom-alt: auto; mso-margin-top-alt: auto; text-indent: -18.0pt;\">\n<b><br \/><\/b><\/div>\n<div class=\"MsoNormal\" style=\"line-height: 115%; mso-margin-bottom-alt: auto; mso-margin-top-alt: auto;\">\nFor dere som tar sikte p\u00e5 \u00e5 konvertere til den<br \/>\nkatolske tro, er kurset forpliktende og grunnleggende i forberedelsen. Dere m\u00e5<br \/>\nkomme til 34 av troskursets m\u00f8ter.<\/div>\n<div class=\"MsoNormal\" style=\"line-height: normal; mso-margin-bottom-alt: auto; mso-margin-top-alt: auto;\">\n<b>Kurset holdes i St. Ansgars menighetssal, Kongens gata 13, to ganger i<br \/>\nm\u00e5neden, p\u00e5 torsdager, fra kl. 18.45 til ca. kl. 20.45. (<i>Kom gjerne ogs\u00e5 i<br \/>\nmessen kl. 18.00.<\/i>)<\/b><\/div>\n<div class=\"MsoNormal\" style=\"line-height: normal; mso-margin-bottom-alt: auto; mso-margin-top-alt: auto;\">\n<b><br \/><\/b><\/div>\n<p><b style=\"mso-bidi-font-weight: normal;\">P. Louis Tien Quang Dang og P. Dawid<br \/>\nBana\u015b, er hovedansvarlige for kurset.&nbsp; <\/b><br \/>\n<b style=\"mso-bidi-font-weight: normal;\"><br \/><\/b><\/p>\n<p>Undervisningen er for tiden delegert til: <\/p>\n<p><b style=\"mso-bidi-font-weight: normal;\">Monika \u00d8stensen, Maria Phan, Jeannine<br \/>\nTeresa Lyngsv\u00e5g, Mogens Alb\u00e6k, Thang Tran og Frode Thorup.<\/b><br \/>\n<b style=\"mso-bidi-font-weight: normal;\"><br \/><\/b><\/p>\n<p><strong>KURSDATOER<\/strong><\/p>\n<div style=\"margin-left: 53.4pt; mso-list: l0 level1 lfo2; text-indent: -18.0pt;\">\n<strong>&#8211;&nbsp;&nbsp;&nbsp;&nbsp;&nbsp;&nbsp;<br \/>\n<\/strong><strong>H\u00f8sten 2018 og v\u00e5ren 2019: 17 m\u00f8ter.<\/strong><\/div>\n<div style=\"margin-left: 53.4pt; mso-list: l0 level1 lfo2; text-indent: -18.0pt;\">\n<strong>&#8211;&nbsp;&nbsp;&nbsp;&nbsp;&nbsp;&nbsp;<br \/>\n<\/strong><strong>2019-2020: 17 m\u00f8ter<\/strong><\/div>\n<div style=\"margin-left: 53.4pt; mso-list: l0 level1 lfo2; text-indent: -18.0pt;\">\n<strong><br \/><\/strong><\/div>\n<p><b>I 2018: 25. oktober; 8. november; 22. november, 6. desember; 13. desember<\/b><\/p>\n<p><b>I 2019: 10. januar; 24. januar; 7. februar; 21. februar; 7. mars;<br \/>\n21. mars; 4. april; <br \/>\n&nbsp;&nbsp;&nbsp;&nbsp;&nbsp;&nbsp;&nbsp;&nbsp;&nbsp;&nbsp;&nbsp; 11. april; 2. mai; 23. mai; 6.<br \/>\njuni; 13. juni<\/b><br \/>\n<b><br \/><\/b><br \/>\n<b><br \/><\/b><\/p>\n<p><b style=\"mso-bidi-font-weight: normal;\">Kurslitteratur<\/b><\/p>\n<div style=\"margin-left: 36.0pt; mso-list: l1 level1 lfo1; text-indent: -18.0pt;\">\n&#8211;&nbsp;&nbsp;&nbsp;&nbsp;&nbsp;&nbsp;<br \/>\nDen Katolske Kirkes Katekisme, kompendium, St.<br \/>\nOlav forlag 2007<\/div>\n<div style=\"margin-left: 36.0pt; mso-list: l1 level1 lfo1; text-indent: -18.0pt;\">\n&#8211;&nbsp;&nbsp;&nbsp;&nbsp;&nbsp;&nbsp;<br \/>\nSvar p\u00e5 101 sp\u00f8rsm\u00e5l om Den Katolske Kirkes<br \/>\nKatekisme<\/div>\n<div style=\"margin-left: 36.0pt; mso-list: l1 level1 lfo1; text-indent: -18.0pt;\">\n<\/div>\n<div style=\"margin-left: 36.0pt; mso-list: l1 level1 lfo1; text-indent: -18.0pt;\">\n<\/div>\n<p><b style=\"mso-bidi-font-weight: normal;\">OPPSTART: 25. OKT 2018<\/b><\/p>\n<div style=\"margin-left: 70.8pt; text-indent: -70.8pt;\">\nF\u00f8rste del:<br \/>\nTROSBEKJENNELSEN [1-217*] &#8211;<b style=\"mso-bidi-font-weight: normal;\"> <\/b>10 m\u00f8ter<br \/>\n(= 20 timer)<\/div>\n<div style=\"margin-left: 70.8pt;\">\n<b style=\"mso-bidi-font-weight: normal;\">Kursholdere:<br \/>\nMonika \u00d8stensen og Maria Phan<\/b> <\/div>\n<div style=\"margin-left: 70.8pt; text-indent: -70.8pt;\">\nAnnen del:<br \/>\nFEIRINGEN AV DET KRISTNE MYSTERIUM [218-356] &#8211;<b style=\"mso-bidi-font-weight: normal;\"> <\/b>8 m\u00f8ter (16 timer)<\/div>\n<div style=\"margin-left: 70.8pt;\">\n<b style=\"mso-bidi-font-weight: normal;\">Kursholder:<br \/>\nMogens Alb\u00e6k <\/b><\/div>\n<p>Tredje del: LIVET I KRISTUS [357-533]\u2013 8 m\u00f8ter (16 timer)<\/p>\n<div style=\"margin-left: 35.4pt; text-indent: 35.4pt;\">\n<b style=\"mso-bidi-font-weight: normal;\">Kursholder: Thang<\/b> <b style=\"mso-bidi-font-weight: normal;\">Tran<\/b><\/div>\n<div style=\"margin-left: 70.8pt; text-indent: -70.8pt;\">\nFjerde del:<br \/>\nKRISTEN B\u00d8NN [534-597] KKK 2559 \u2013 2865 \u2013 8 m\u00f8ter (16 timer)&nbsp; <\/div>\n<div class=\"MsoNormal\" style=\"margin-left: 53.4pt; text-indent: 17.4pt;\">\n<b style=\"mso-bidi-font-weight: normal;\">Kursholdere:<br \/>\nFrode Thorup og Jeannine Teresa Lyngsv\u00e5g<\/b><\/div>\n<div class=\"MsoNormal\" style=\"margin-left: 18.0pt;\">\n<\/div>\n<div class=\"MsoNormal\" style=\"margin-left: 18.0pt;\">\n*Referer<br \/>\ntil avsnitt i Den Katolske Kirkes Katekisme, kompendium<\/div>\n<div class=\"MsoNormal\" style=\"margin-left: 18.0pt;\">\n<\/div>\n<div class=\"MsoNormal\" style=\"margin-left: 18.0pt;\">\n<b style=\"mso-bidi-font-weight: normal;\">P\u00e5melding<\/b><\/div>\n<div class=\"MsoNormal\" style=\"margin-left: 18.0pt;\">\nDe<br \/>\nsom \u00f8nsker \u00e5 delta kan melde seg til pater Tien, tlf. 95409125 eller e-mail: <a href=\"mailto:Louis.Tien@katolsk.no\">Louis.Tien@katolsk.no<\/a><\/div>\n<div class=\"MsoNormal\" style=\"margin-left: 18.0pt;\">\n<a href=\"mailto:Kristiansand@katolsk.no\">Kristiansand@katolsk.no<\/a><\/div>\n<div class=\"MsoNormal\" style=\"margin-left: 18.0pt;\">\n<\/div>\n<div class=\"MsoNormal\">\n<b style=\"mso-bidi-font-weight: normal;\">Litteratur<\/b><\/div>\n<div class=\"MsoNormal\" style=\"line-height: normal; mso-margin-bottom-alt: auto; mso-margin-top-alt: auto;\">\nDet finnes mange flere b\u00f8ker om katolsk tro og l\u00e6re og om den katolske<br \/>\nkirke. Disse og andre b\u00f8ker kan du finne i St. Olav bokhandel i Akersveien 14:<\/div>\n<div class=\"MsoNoSpacing\">\nDen Katolske<br \/>\nKirkes Katekisme, St. Olav forlag 1994<\/div>\n<div class=\"MsoNoSpacing\">\nDen Katolske<br \/>\nKirkes Katekisme, kompendium, St. Olav forlag 2007<\/div>\n<div class=\"MsoNoSpacing\">\nJoseph Ratzinger:<br \/>\nInnf\u00f8ring i kristendommen, St. Olav forlag 1983<\/div>\n<div class=\"MsoNoSpacing\">\nJoseph Ratzinger:<br \/>\nLiturgiens \u00e5nd en innf\u00f8ring, St. Olav forlag 2001<\/div>\n<div class=\"MsoNoSpacing\">\nJoseph Ratzinger:<br \/>\nKalt til fellesskap, \u00e5 forst\u00e5 Kirken i dag, St. Olav forlag 2004<\/div>\n<div class=\"MsoNoSpacing\">\nDieter Emeis: \u00c5<br \/>\nleve med sakrametene, St. Olav forlag 1996<\/div>\n<div class=\"MsoNoSpacing\">\nRomano Guardini:<br \/>\nOm hellige tegn, St. Olav forlag 1995<\/div>\n<div class=\"MsoNoSpacing\">\nTekster fra Det<br \/>\nAnnet Vatikankonsil (1962-65) (delvis p\u00e5 engelsk)<\/div>\n<div class=\"MsoNormal\" style=\"line-height: normal; mso-margin-bottom-alt: auto; mso-margin-top-alt: auto;\">\n<b style=\"mso-bidi-font-weight: normal;\">Encyklika<br \/>\nog pavelig rundskriv<\/b><\/div>\n<div class=\"MsoNoSpacing\">\n\u00b7 Bibelen<br \/>\n\u00b7 Messebok<br \/>\n\u00b7 B\u00f8nnebok<br \/>\n\u00b7 Arne Fjeld: Katolsk tro og kristenliv.<br \/>\n\u00b7 Per Bj\u00f8rn Halvorsen: Jesu nattverd<\/div>\n<div class=\"MsoNoSpacing\">\n. Aage Hauken: Den<br \/>\nGuddommelige \u00e5penbaring.<br \/>\n\u00b7 Hans L. Martensen: D\u00e5b og Gudstro (dansk)<br \/>\n\u00b7 Catharina Broom\u00e9 , o.p. Katolicismen (svensk)<br \/>\n\u00b7 Dieter Emeis: \u00c5 leve med sakramentene, oversatt av G. W.-Hansen<br \/>\n\u00b7 Wilfrid Stiniseen ocd: Maria i bibelen og i v\u00e5rt liv.<br \/>\n\u00b7 Svar p\u00e5 101 sp\u00f8rsm\u00e5l om Den Katolske Kirkes Katekisme<br \/>\n\u00b7 Richard P. McBrian: Katolsk tro gennem to \u00c5rtusinder. (dansk)<br \/>\n\u00b7 August Franzen: Katolsk Kirkehistorie, oversatt av G. W.-Hansen.<br \/>\n\u00b7 Otto Hermann Pesch: Kort katolsk katekisme.<\/p>\n<p><b style=\"mso-bidi-font-weight: normal;\">Annen litteratur<\/b>:<br \/>\n\u00b7 Julian of Norwich: Innhyllet i kj\u00e6rlighet<br \/>\n\u00b7 Augustin: Det hvilende hjerte<br \/>\n\u00b7 St. Theresa av Avila: Levende vann<br \/>\n\u00b7 Brian McNeil.: Kom og f\u00f8lg meg<\/div>\n<div class=\"MsoNormal\" style=\"margin-left: 18.0pt;\">\n<\/div>\n<p><\/p>\n","protected":false},"excerpt":{"rendered":"<p>Oppstart: 25. Okt 2018 \u00ab\u00c5 v\u00e6re menneske vil si \u00e5 komme fra Gud og g\u00e5 til Gud. V\u00e5r opprinnelse g\u00e5r lenger tilbake enn til v\u00e5re foreldre. Vi kommer fra Gud, hvor all lykke i himmel og p\u00e5 jord bor, og&#8230;<br \/><a class=\"read-more-button\" href=\"https:\/\/stansgar.katolsk.no\/?p=68\">Read more<\/a><\/p>\n","protected":false},"author":3,"featured_media":0,"comment_status":"open","ping_status":"open","sticky":false,"template":"","format":"standard","meta":{"footnotes":""},"categories":[1],"tags":[7],"class_list":["post-68","post","type-post","status-publish","format-standard","hentry","category-ukategorisert","tag-troskurs"],"_links":{"self":[{"href":"https:\/\/stansgar.katolsk.no\/index.php?rest_route=\/wp\/v2\/posts\/68","targetHints":{"allow":["GET"]}}],"collection":[{"href":"https:\/\/stansgar.katolsk.no\/index.php?rest_route=\/wp\/v2\/posts"}],"about":[{"href":"https:\/\/stansgar.katolsk.no\/index.php?rest_route=\/wp\/v2\/types\/post"}],"author":[{"embeddable":true,"href":"https:\/\/stansgar.katolsk.no\/index.php?rest_route=\/wp\/v2\/users\/3"}],"replies":[{"embeddable":true,"href":"https:\/\/stansgar.katolsk.no\/index.php?rest_route=%2Fwp%2Fv2%2Fcomments&post=68"}],"version-history":[{"count":1,"href":"https:\/\/stansgar.katolsk.no\/index.php?rest_route=\/wp\/v2\/posts\/68\/revisions"}],"predecessor-version":[{"id":1517,"href":"https:\/\/stansgar.katolsk.no\/index.php?rest_route=\/wp\/v2\/posts\/68\/revisions\/1517"}],"wp:attachment":[{"href":"https:\/\/stansgar.katolsk.no\/index.php?rest_route=%2Fwp%2Fv2%2Fmedia&parent=68"}],"wp:term":[{"taxonomy":"category","embeddable":true,"href":"https:\/\/stansgar.katolsk.no\/index.php?rest_route=%2Fwp%2Fv2%2Fcategories&post=68"},{"taxonomy":"post_tag","embeddable":true,"href":"https:\/\/stansgar.katolsk.no\/index.php?rest_route=%2Fwp%2Fv2%2Ftags&post=68"}],"curies":[{"name":"wp","href":"https:\/\/api.w.org\/{rel}","templated":true}]}}