{"id":677,"date":"2014-08-30T07:50:00","date_gmt":"2014-08-30T05:50:00","guid":{"rendered":"http:\/\/stansgar.katolsk.no\/index.php\/2014\/08\/30\/verdt-sttte-opp-o\/"},"modified":"2018-10-12T09:12:45","modified_gmt":"2018-10-12T07:12:45","slug":"verdt-sttte-opp-o","status":"publish","type":"post","link":"https:\/\/stansgar.katolsk.no\/?p=677","title":{"rendered":"Verdt \u00e5 st\u00f8tte opp om!"},"content":{"rendered":"<p>St. Ansgar menighet har mottatt denne invitasjonen, og oppfordrer alle til \u00e5 st\u00f8tte opp om arrangementet!<\/p>\n<p>\nINVITASJON til demostrasjon mot terrorisme, Kristiansand,<\/p>\n<p>&nbsp;Tirsdag 02\/09\/14, kl. 17.30.<br style=\"background-color: white; color: #222222; font-family: Calibri, sans-serif; font-size: 21px;\" \/><br style=\"background-color: white; color: #222222; font-family: Calibri, sans-serif; font-size: 21px;\" \/>Vi alle er blitt kjent med terror og vold utf\u00f8rt av ekstreme grupper i midt\u00f8sten.<br style=\"background-color: white; color: #222222; font-family: Calibri, sans-serif; font-size: 21px;\" \/>Ugjerninger som ISIL sine medlemmer utf\u00f8rer er i strid med humanistiske og muslimske verdier og i strid med Islamsk l\u00e6re.&nbsp;<br style=\"background-color: white; color: #222222; font-family: Calibri, sans-serif; font-size: 21px;\" \/>De kj\u00f8rer propadandataler og vidoer p\u00e5 internet for \u00e5 p\u00e5virke s\u00e5rbare muslimske ungdommer.<br style=\"background-color: white; color: #222222; font-family: Calibri, sans-serif; font-size: 21px;\" \/>Vi f\u00e5r nyheter om stadig ny brutalitet mot uskyldige mennesker.<br \/>\n<br style=\"background-color: white; color: #222222; font-family: Calibri, sans-serif; font-size: 21px;\" \/><b style=\"background-color: white; color: #222222; font-family: Calibri, sans-serif; font-size: 21px;\">Derfor skal vi demonstrere mot terrorisme og mot ISIL sine overgrep.&nbsp;<\/b><br style=\"background-color: white; color: #222222; font-family: Calibri, sans-serif; font-size: 21px;\" \/>Vi skal markere v\u00e5r ford\u00f8mmelse av ekstremisme og vold.&nbsp;<br \/>\n<br style=\"background-color: white; color: #222222; font-family: Calibri, sans-serif; font-size: 21px;\" \/><b style=\"background-color: white; color: #222222; font-family: Calibri, sans-serif; font-size: 21px;\">Vi inviterer alle muslimer og ikke-muslimer til \u00e5 v\u00e6re med.<\/b><br \/>\n<b><br style=\"background-color: white; color: #222222; font-family: Calibri, sans-serif; font-size: 21px;\" \/><\/b>Vi oppfordrer ledere av alle religi\u00f8se og livsyns samfunn og ledere av alle politiske partier til \u00e5 delta.<br style=\"background-color: white; color: #222222; font-family: Calibri, sans-serif; font-size: 21px;\" \/>Vi oppfordrer ledere av alle frivillige organisasjnoer til \u00e5 delta.<br \/>\n<br style=\"background-color: white; color: #222222; font-family: Calibri, sans-serif; font-size: 21px;\" \/><b style=\"background-color: white; color: #222222; font-family: Calibri, sans-serif; font-size: 21px;\">V\u00e5r markering skal v\u00e6re p\u00e5 \u00d8vre torv i byen p\u00e5 tirsdag 02\/09\/14&nbsp; kl. 17.30 &#8211; 18.30.<\/b><br style=\"background-color: white; color: #222222; font-family: Calibri, sans-serif; font-size: 21px;\" \/><br style=\"background-color: white; color: #222222; font-family: Calibri, sans-serif; font-size: 21px;\" \/>De som \u00f8nsker \u00e5 tale i noen minutter kan gi beskjed til undertegnede.<br style=\"background-color: white; color: #222222; font-family: Calibri, sans-serif; font-size: 21px;\" \/><br style=\"background-color: white; color: #222222; font-family: Calibri, sans-serif; font-size: 21px;\" \/><br style=\"background-color: white; color: #222222; font-family: Calibri, sans-serif; font-size: 21px;\" \/>Med vennlig hilsen,<br style=\"background-color: white; color: #222222; font-family: Calibri, sans-serif; font-size: 21px;\" \/><br style=\"background-color: white; color: #222222; font-family: Calibri, sans-serif; font-size: 21px;\" \/>Muslimsk Union i Agder&nbsp; og&nbsp; Al-Rahma Islamic Center<br style=\"background-color: white; color: #222222; font-family: Calibri, sans-serif; font-size: 21px;\" \/><br style=\"background-color: white; color: #222222; font-family: Calibri, sans-serif; font-size: 21px;\" \/><b style=\"background-color: white; color: #222222; font-family: Calibri, sans-serif; font-size: 21px;\">Akmal Ali<\/b><br style=\"background-color: white; color: #222222; font-family: Calibri, sans-serif; font-size: 21px;\" \/>mobil: 40090546<\/p>\n","protected":false},"excerpt":{"rendered":"<p>St. Ansgar menighet har mottatt denne invitasjonen, og oppfordrer alle til \u00e5 st\u00f8tte opp om arrangementet! INVITASJON til demostrasjon mot terrorisme, Kristiansand, &nbsp;Tirsdag 02\/09\/14, kl. 17.30.Vi alle er blitt kjent med terror og vold utf\u00f8rt av ekstreme grupper i midt\u00f8sten.Ugjerninger&#8230;<br \/><a class=\"read-more-button\" href=\"https:\/\/stansgar.katolsk.no\/?p=677\">Read more<\/a><\/p>\n","protected":false},"author":3,"featured_media":0,"comment_status":"open","ping_status":"open","sticky":false,"template":"","format":"standard","meta":{"footnotes":""},"categories":[1],"tags":[],"class_list":["post-677","post","type-post","status-publish","format-standard","hentry","category-ukategorisert"],"_links":{"self":[{"href":"https:\/\/stansgar.katolsk.no\/index.php?rest_route=\/wp\/v2\/posts\/677","targetHints":{"allow":["GET"]}}],"collection":[{"href":"https:\/\/stansgar.katolsk.no\/index.php?rest_route=\/wp\/v2\/posts"}],"about":[{"href":"https:\/\/stansgar.katolsk.no\/index.php?rest_route=\/wp\/v2\/types\/post"}],"author":[{"embeddable":true,"href":"https:\/\/stansgar.katolsk.no\/index.php?rest_route=\/wp\/v2\/users\/3"}],"replies":[{"embeddable":true,"href":"https:\/\/stansgar.katolsk.no\/index.php?rest_route=%2Fwp%2Fv2%2Fcomments&post=677"}],"version-history":[{"count":1,"href":"https:\/\/stansgar.katolsk.no\/index.php?rest_route=\/wp\/v2\/posts\/677\/revisions"}],"predecessor-version":[{"id":2629,"href":"https:\/\/stansgar.katolsk.no\/index.php?rest_route=\/wp\/v2\/posts\/677\/revisions\/2629"}],"wp:attachment":[{"href":"https:\/\/stansgar.katolsk.no\/index.php?rest_route=%2Fwp%2Fv2%2Fmedia&parent=677"}],"wp:term":[{"taxonomy":"category","embeddable":true,"href":"https:\/\/stansgar.katolsk.no\/index.php?rest_route=%2Fwp%2Fv2%2Fcategories&post=677"},{"taxonomy":"post_tag","embeddable":true,"href":"https:\/\/stansgar.katolsk.no\/index.php?rest_route=%2Fwp%2Fv2%2Ftags&post=677"}],"curies":[{"name":"wp","href":"https:\/\/api.w.org\/{rel}","templated":true}]}}