{"id":675,"date":"2014-08-31T20:27:00","date_gmt":"2014-08-31T18:27:00","guid":{"rendered":"http:\/\/stansgar.katolsk.no\/index.php\/2014\/08\/31\/kunngjringer-sndag-31-august-2014\/"},"modified":"2018-10-12T09:12:45","modified_gmt":"2018-10-12T07:12:45","slug":"kunngjringer-sndag-31-august-2014","status":"publish","type":"post","link":"https:\/\/stansgar.katolsk.no\/?p=675","title":{"rendered":"Kunngj\u00f8ringer s\u00f8ndag 31. august  2014"},"content":{"rendered":"<div class=\"MsoNormal\" style=\"background-color: white; color: #222222; font-size: 11pt; line-height: 17px; margin: 0cm 0cm 10pt;\">\n<\/div>\n<div class=\"MsoNormal\" style=\"background-color: white; color: #222222; font-size: 11pt; line-height: 17px; margin: 0cm 0cm 10pt;\">\nDenne uken blir det <b>ikke messe tirsdag, onsdag og torsdag<\/b> p\u00e5 grunn av prestem\u00f8tet p\u00e5 Mariaholm for alle prestene i bisped\u00f8mmet.<u><\/u><u><\/u><\/div>\n<div class=\"MsoNormal\" style=\"background-color: white; color: #222222; font-size: 11pt; line-height: 17px; margin: 0cm 0cm 10pt;\">\n<\/div>\n<div class=\"MsoNormal\" style=\"background-color: white; color: #222222; font-size: 11pt; line-height: 17px; margin: 0cm 0cm 10pt;\">\n<b>Tirsdag 2. september<\/b> kl 17.30 til 18.30 er det demonstrasjon p\u00e5 torget mot ISIL og terrorisme. Det er islamsk union i Agder som har tatt initiativet og inviterer alle uansett religion eller livssyn til \u00e5 delta. St. Ansgar menighets medlemmer oppfordres til \u00e5 stille opp.<u><\/u><u><\/u><\/div>\n<div class=\"MsoNormal\" style=\"background-color: white; color: #222222; font-size: 11pt; line-height: 17px; margin: 0cm 0cm 10pt;\">\n<b>Fredag 5. september<\/b> er det sakramentstilbedelse og skriftem\u00e5l fra kl 17 til 17.45 og messe kl. 18<u><\/u><u><\/u><\/div>\n<div class=\"MsoNormal\" style=\"background-color: white; color: #222222; font-size: 11pt; line-height: 17px; margin: 0cm 0cm 10pt;\">\n<b>L\u00f8rdag 6. september blir det konfirmasjonsmesse kl. 11<\/b><u><\/u><u><\/u><\/div>\n<div class=\"MsoNormal\" style=\"background-color: white; color: #222222; font-size: 11pt; line-height: 17px; margin: 0cm 0cm 10pt;\">\nDet blir ingen messe kl. 13 denne l\u00f8rdagen, men det er messe p\u00e5 spansk kl. 14<u><\/u><u><\/u><\/div>\n<div class=\"MsoNormal\" style=\"background-color: white; color: #222222; font-size: 11pt; line-height: 17px; margin: 0cm 0cm 10pt;\">\n<b>S\u00f8ndag 7. september<\/b> er messer som vanlig i St. Ansgar. Dessuten er det messe i kapellet ved Lyngdal kirke kl. 15<u><\/u><u><\/u><\/div>\n<div class=\"MsoNormal\" style=\"background-color: white; color: #222222; font-size: 11pt; line-height: 17px; margin: 0cm 0cm 10pt;\">\n<\/div>\n<div class=\"MsoNormal\" style=\"background-color: white; color: #222222; font-size: 11pt; line-height: 17px; margin: 0cm 0cm 10pt;\">\n<b>Det nye menighetsr\u00e5det<\/b> hadde sitt f\u00f8rste m\u00f8te tirsdag 26. august. P\u00e5 dette m\u00f8tet ble Luan Van Nguyen valgt til ny leder og Elisabeth Vetland gjenvalgt som sekret\u00e6r. Luan Van Nguyen overtar etter Tore Heidenreich som har v\u00e6rt leder i to perioder. Luan Van Nguyen ble ogs\u00e5 valgt til menighetens representant i Pastoralr\u00e5det i Oslo katolske bisped\u00f8mme med Tore Heidenreich som vararepresentant.<u><\/u><u><\/u><\/div>\n<div class=\"MsoNormal\" style=\"background-color: white; color: #222222; font-size: 11pt; line-height: 17px; margin: 0cm 0cm 10pt;\">\n<\/div>\n<div class=\"MsoNormal\" style=\"background-color: white; color: #222222; font-size: 11pt; line-height: 17px; margin: 0cm 0cm 10pt;\">\nP\u00e5 menighetsr\u00e5dsm\u00f8tet tirsdag 26. august ble ogs\u00e5 en annen hastesak behandlet. Naboeiendommen, Kirkegata 5 er til salgs! Det var den for fire \u00e5r siden og vi lot den g\u00e5. N\u00e5 f\u00e5r vi sjansen igjen og menighetsr\u00e5det mener at vi m\u00e5 gj\u00f8re alt vi kan for \u00e5 sikre oss denne eiendommen for fremtiden. Bisped\u00f8mmet er kontaktet og de sender folk hit p\u00e5 mandag for \u00e5 befare eiendommen. Det er klart at bisped\u00f8mmet m\u00e5 hjelpe oss for at dette skal bli mulig, men vi m\u00e5 ogs\u00e5 bidra til finansieringen. Er du, eller kjenner du noen som er villige til \u00e5 stille midler til disposisjon, som gaver eller rentefrie l\u00e5n? Er du interessert i eller kjenner du noen som er interessert i \u00e5 bo i Kirkegata 5 n\u00e5r den er pusset opp? Flere leiligheter vil inng\u00e5 i planene. Ta kontakt med sognepresten eller Tore Heidenreich eller Phong Khac Mai fra menighetsr\u00e5det.<u><\/u><u><\/u><\/div>\n<div class=\"MsoNormal\" style=\"background-color: white; color: #222222; font-size: 11pt; line-height: 17px; margin: 0cm 0cm 10pt;\">\nOg sist men ikke minst: St. Ansgar menighet er n\u00e5 p\u00e5 Facebook! Bli venn med oss og f\u00e5 informasjon om det som skjer i menigheten<\/div>\n","protected":false},"excerpt":{"rendered":"<p>Denne uken blir det ikke messe tirsdag, onsdag og torsdag p\u00e5 grunn av prestem\u00f8tet p\u00e5 Mariaholm for alle prestene i bisped\u00f8mmet. Tirsdag 2. september kl 17.30 til 18.30 er det demonstrasjon p\u00e5 torget mot ISIL og terrorisme. Det er islamsk&#8230;<br \/><a class=\"read-more-button\" href=\"https:\/\/stansgar.katolsk.no\/?p=675\">Read more<\/a><\/p>\n","protected":false},"author":3,"featured_media":0,"comment_status":"open","ping_status":"open","sticky":false,"template":"","format":"standard","meta":{"footnotes":""},"categories":[1],"tags":[3],"class_list":["post-675","post","type-post","status-publish","format-standard","hentry","category-ukategorisert","tag-kunngjoringer"],"_links":{"self":[{"href":"https:\/\/stansgar.katolsk.no\/index.php?rest_route=\/wp\/v2\/posts\/675","targetHints":{"allow":["GET"]}}],"collection":[{"href":"https:\/\/stansgar.katolsk.no\/index.php?rest_route=\/wp\/v2\/posts"}],"about":[{"href":"https:\/\/stansgar.katolsk.no\/index.php?rest_route=\/wp\/v2\/types\/post"}],"author":[{"embeddable":true,"href":"https:\/\/stansgar.katolsk.no\/index.php?rest_route=\/wp\/v2\/users\/3"}],"replies":[{"embeddable":true,"href":"https:\/\/stansgar.katolsk.no\/index.php?rest_route=%2Fwp%2Fv2%2Fcomments&post=675"}],"version-history":[{"count":1,"href":"https:\/\/stansgar.katolsk.no\/index.php?rest_route=\/wp\/v2\/posts\/675\/revisions"}],"predecessor-version":[{"id":2627,"href":"https:\/\/stansgar.katolsk.no\/index.php?rest_route=\/wp\/v2\/posts\/675\/revisions\/2627"}],"wp:attachment":[{"href":"https:\/\/stansgar.katolsk.no\/index.php?rest_route=%2Fwp%2Fv2%2Fmedia&parent=675"}],"wp:term":[{"taxonomy":"category","embeddable":true,"href":"https:\/\/stansgar.katolsk.no\/index.php?rest_route=%2Fwp%2Fv2%2Fcategories&post=675"},{"taxonomy":"post_tag","embeddable":true,"href":"https:\/\/stansgar.katolsk.no\/index.php?rest_route=%2Fwp%2Fv2%2Ftags&post=675"}],"curies":[{"name":"wp","href":"https:\/\/api.w.org\/{rel}","templated":true}]}}