{"id":6721,"date":"2020-01-24T13:53:30","date_gmt":"2020-01-24T12:53:30","guid":{"rendered":"http:\/\/stansgar.katolsk.no\/?p=6721"},"modified":"2020-01-24T13:53:32","modified_gmt":"2020-01-24T12:53:32","slug":"plan-nabozenstw-dla-polakow-w-parafii-sw-ansgara-w-kristiansand-na-miesiac-luty-2020","status":"publish","type":"post","link":"https:\/\/stansgar.katolsk.no\/?p=6721","title":{"rendered":"Plan nabo\u017ce\u0144stw dla Polak\u00f3w w parafii \u015bw. Ansgara w Kristiansand  na miesi\u0105c luty 2020"},"content":{"rendered":"\n<p><strong>Sobota\n01.02. (1. Sobota miesi\u0105ca)<br>\n<\/strong><em>14.00\nkatecheza przed\u015blubna (cz. 2)<br>\n<\/em><strong>18.00\nMsza \u015bw<\/strong>.\ni nabo\u017ce\u0144stwo r\u00f3\u017ca\u0144cowe przed Naj\u015bw. Sakramentem i medytacja<\/p>\n\n\n\n<p class=\"has-text-color has-luminous-vivid-amber-color\"><strong>Niedziela 2.02. <\/strong><strong>(\u015awi\u0119to Ofiarowania Pa\u0144skiego) <\/strong><\/p>\n\n\n\n<p class=\"has-text-color has-luminous-vivid-amber-color\"><strong>9.00 Msza \u015bw.<\/strong> z po\u015bwi\u0119ceniem \u015bwiec<br>\n<br>\n<\/p>\n\n\n\n<p class=\"has-text-color has-luminous-vivid-amber-color\"><strong>Poniedzia\u0142ek 3.02.\n(Uroczysto\u015b\u0107 \u015bw. Ansgara \u2013 patrona naszej parafii)<\/strong><\/p>\n\n\n\n<p class=\"has-text-color has-luminous-vivid-amber-color\"><strong>18.00 Msza \u015bw.<\/strong> w jez. norweskim<\/p>\n\n\n\n<p><strong>Sobota 08.02. <\/strong><em><br> 10.00 \u2013 14.00 katecheza dla dzieci klas od 1. do 4.<br> <\/em><strong>13.00 Msza \u015bw. dla uczestnik\u00f3w katechezy<\/strong> <em>(jest to integralna cz\u0119\u015b\u0107 katechezy, dlatego uczniowie <br> i katecheci powinni w niej uczestniczy\u0107)<br> 13.00 \u2013 17.00 katecheza dla uczni\u00f3w klas od 5. do 9.<\/em><\/p>\n\n\n\n<p><em><br> <\/em><strong>18.00 Msza \u015bw. <\/strong>i nabo\u017ce\u0144stwo przed Naj\u015bw. Sakramentem<\/p>\n\n\n\n<p style=\"color:#4c9268\" class=\"has-text-color\"><strong>Niedziela 9.02. <\/strong><strong>(5. Niedziela Zwyk\u0142a \u2013 rok A)<br>\n<\/strong><strong>9.00\nMsza \u015bw<\/strong>.\n<\/p>\n\n\n\n<p class=\"has-text-color has-vivid-cyan-blue-color\"><strong>Wtorek 11.02. (Wspomnienie NMP z Lourdes \/ \u015awiatowy Dzie\u0144 Chorego)<br> 18.00 Msza \u015bw. w j\u0119z. norweskim z udzielaniem sakramentu namaszczenia chorych.<\/strong><strong><br> <\/strong>\u00a0\u00a0\u00a0\u00a0\u00a0\u00a0\u00a0\u00a0\u00a0\u00a0\u00a0 <em>(Do sakramentu chorych zach\u0119camy parafian, terminalnie chorych, oczekuj\u0105cych na powa\u017cny zabieg medyczny lub os\u0142abionych wiekiem)<\/em><\/p>\n\n\n\n<p><strong>Sobota\n15.02.<\/strong><em>\n<br>\n<\/em><em>14.00\nkatecheza przed\u015blubna (cz. 3)<br>\n<\/em><strong>18.00\nMsza \u015bw.<\/strong>\ni nabo\u017ce\u0144stwo uwielbienia przed Naj\u015bw. Sakramentem<\/p>\n\n\n\n<p style=\"color:#4c9268\" class=\"has-text-color\"><strong>Niedziela 16.02. <\/strong><strong>(6. Niedziela Zwyk\u0142a \u2013 rok A)<br>\n<\/strong><em>8.30\nR\u00f3\u017caniec (okazja do spowiedzi \u015bw.)<br>\n<\/em><strong>9.00\nMsza \u015bw. <\/strong><\/p>\n\n\n\n<p><strong>Sobota 22.02. <br>\n<\/strong><strong>18.00\nMsza \u015bw.<\/strong>\n(po mszy \u015bw. katecheza biblijna)<\/p>\n\n\n\n<p style=\"color:#4c9268\" class=\"has-text-color\"><strong>Niedziela 23.02. <\/strong><strong>(7. Niedziela Zwyk\u0142a \u2013 rok A)<br>\n<\/strong><em>8.30\nR\u00f3\u017caniec (okazja do spowiedzi \u015bw.)<br>\n<\/em><strong>9.00\nMsza \u015bw.<\/strong>\ndla dzieci (po mszy \u015bw. zapraszamy na kirkekaffe)<\/p>\n\n\n\n<p style=\"color:#510ea7\" class=\"has-text-color\"><strong>\u015aroda 26.02. Popielec (w tym dniu obowi\u0105zuje post \u015bcis\u0142y) <\/strong><strong><br> 18.00 msza \u015bw.<\/strong> w j\u0119z. norweskim z obrz\u0119dem posypania g\u0142owy popio\u0142em<\/p>\n\n\n\n<p style=\"color:#510ea7\" class=\"has-text-color\"><strong>Sobota 29.02. <br>\n<\/strong><strong>18.00\nmsza \u015bw.<\/strong>\n(po mszy \u015bw. nabo\u017ce\u0144stwo Drogi krzy\u017cowej)<\/p>\n\n\n\n<p style=\"color:#1389bb\" class=\"has-text-color\"><em>Zach\u0119camy do rejestrowania swojej\nprzynale\u017cno\u015bci do Ko\u015bcio\u0142a Katolickiego. Formularze s\u0105 <br>\nw przedsionku ko\u015bcio\u0142a obok \u015bpiewnik\u00f3w. Mo\u017cna rejestrowa\u0107 si\u0119 samemu wg podanej\ninstrukcji albo wypisane formularze przynie\u015b\u0107 do zakrystii po mszach \u015bw.<\/em><\/p>\n","protected":false},"excerpt":{"rendered":"<p>Sobota 01.02. (1. Sobota miesi\u0105ca) 14.00 katecheza przed\u015blubna (cz. 2) 18.00 Msza \u015bw. i nabo\u017ce\u0144stwo r\u00f3\u017ca\u0144cowe przed Naj\u015bw. Sakramentem i medytacja Niedziela 2.02. (\u015awi\u0119to Ofiarowania Pa\u0144skiego) 9.00 Msza \u015bw. z po\u015bwi\u0119ceniem \u015bwiec Poniedzia\u0142ek 3.02. (Uroczysto\u015b\u0107 \u015bw. Ansgara \u2013 patrona naszej&#8230;<br \/><a class=\"read-more-button\" href=\"https:\/\/stansgar.katolsk.no\/?p=6721\">Read more<\/a><\/p>\n","protected":false},"author":5,"featured_media":0,"comment_status":"open","ping_status":"open","sticky":false,"template":"","format":"standard","meta":{"footnotes":""},"categories":[204],"tags":[],"class_list":["post-6721","post","type-post","status-publish","format-standard","hentry","category-ukategorisert-nb"],"_links":{"self":[{"href":"https:\/\/stansgar.katolsk.no\/index.php?rest_route=\/wp\/v2\/posts\/6721","targetHints":{"allow":["GET"]}}],"collection":[{"href":"https:\/\/stansgar.katolsk.no\/index.php?rest_route=\/wp\/v2\/posts"}],"about":[{"href":"https:\/\/stansgar.katolsk.no\/index.php?rest_route=\/wp\/v2\/types\/post"}],"author":[{"embeddable":true,"href":"https:\/\/stansgar.katolsk.no\/index.php?rest_route=\/wp\/v2\/users\/5"}],"replies":[{"embeddable":true,"href":"https:\/\/stansgar.katolsk.no\/index.php?rest_route=%2Fwp%2Fv2%2Fcomments&post=6721"}],"version-history":[{"count":6,"href":"https:\/\/stansgar.katolsk.no\/index.php?rest_route=\/wp\/v2\/posts\/6721\/revisions"}],"predecessor-version":[{"id":6727,"href":"https:\/\/stansgar.katolsk.no\/index.php?rest_route=\/wp\/v2\/posts\/6721\/revisions\/6727"}],"wp:attachment":[{"href":"https:\/\/stansgar.katolsk.no\/index.php?rest_route=%2Fwp%2Fv2%2Fmedia&parent=6721"}],"wp:term":[{"taxonomy":"category","embeddable":true,"href":"https:\/\/stansgar.katolsk.no\/index.php?rest_route=%2Fwp%2Fv2%2Fcategories&post=6721"},{"taxonomy":"post_tag","embeddable":true,"href":"https:\/\/stansgar.katolsk.no\/index.php?rest_route=%2Fwp%2Fv2%2Ftags&post=6721"}],"curies":[{"name":"wp","href":"https:\/\/api.w.org\/{rel}","templated":true}]}}