{"id":671,"date":"2014-09-08T10:18:00","date_gmt":"2014-09-08T08:18:00","guid":{"rendered":"http:\/\/stansgar.katolsk.no\/index.php\/2014\/09\/08\/na-starter-katekeseare\/"},"modified":"2018-10-12T09:12:45","modified_gmt":"2018-10-12T07:12:45","slug":"na-starter-katekeseare","status":"publish","type":"post","link":"https:\/\/stansgar.katolsk.no\/?p=671","title":{"rendered":"N\u00e5 starter katekese\u00e5ret!"},"content":{"rendered":"<div class=\"MsoNormal\" style=\"background-color: white; color: #222222;\">\n<\/div>\n<div class=\"MsoNormal\" style=\"background-color: white; color: #222222; font-size: 13px;\">\n<b>KJ\u00c6RE ALLE BARN, UNGDOMMER&nbsp;&nbsp;OG FORELDRE!<u><\/u><u><\/u><\/b><\/div>\n<div class=\"MsoNormal\" style=\"background-color: white; color: #222222; font-size: 13px;\">\n<\/div>\n<div class=\"MsoNormal\" style=\"background-color: white; color: #222222; font-size: 13px;\">\nVelkommen til h\u00f8stens katekese i St. Ansgar menighet! Vi starter&nbsp;<b>l\u00f8rdag 13. september for alle klasser.&nbsp;<\/b>Katekesen foreg\u00e5r i menighetshuset \u201dKIGA\u201d i Kongensgate 17.<u><\/u><u><\/u><\/div>\n<div class=\"MsoNormal\" style=\"background-color: white; color: #222222; font-size: 13px;\">\n<\/div>\n<div class=\"MsoNormal\" style=\"background-color: white; color: #222222; font-size: 13px;\">\n<b>1.-5. klasse&nbsp;<\/b>har katekese<b>&nbsp;&nbsp;klokken 10.00 \u2013 14.00<\/b>&nbsp;Barna f\u00e5r servert mat og drikke i pausen. Barna har ikke lov til \u00e5 g\u00e5 ut i byen. Den f\u00f8rste katekesedagen blir det et kort foreldrem\u00f8te<b>&nbsp;kl. 10.00.<u><\/u><u><\/u><\/b><\/div>\n<div class=\"MsoNormal\" style=\"background-color: white; color: #222222; font-size: 13px;\">\n<\/div>\n<div class=\"MsoNormal\" style=\"background-color: white; color: #222222; font-size: 13px;\">\n<b>6. &#8211; 9. klasse&nbsp;<\/b>har katekese&nbsp;&nbsp;<b>kl 13.00 -17.00.&nbsp;<\/b>Mat og drikke serveres i pausen. Den f\u00f8rste katekesedagen blir det et kort&nbsp;<b>m\u00f8te sammen med foreldre kl 14.00.<\/b><u><\/u><u><\/u><\/div>\n<div class=\"MsoNormal\" style=\"background-color: white; color: #222222; font-size: 13px;\">\n<\/div>\n<div class=\"MsoNormal\" style=\"background-color: white; color: #222222; font-size: 13px;\">\n<b>Alle klassene deltar i en felles messe kl. 13 hver katekesel\u00f8rdag.<\/b><u><\/u><u><\/u><\/div>\n<div class=\"MsoNormal\" style=\"background-color: white; color: #222222; font-size: 13px;\">\nForeldre, s\u00f8sken og andre er hjertelig velkommen til \u00e5 v\u00e6re med i denne messen!<b><u><\/u><u><\/u><\/b><\/div>\n<div class=\"MsoNormal\" style=\"background-color: white; color: #222222; font-size: 13px;\">\n<\/div>\n<div class=\"MsoNormal\" style=\"background-color: white; color: #222222; font-size: 13px;\">\n<b>Konfirmasjonsforberedelsen er 2 \u00e5r.&nbsp;<\/b>8. klasse er f\u00f8rste \u00e5r av konfirmasjonsforberedelsen. De som \u00f8nsker \u00e5 bli konfirmert i september 2016 m\u00e5 bli med n\u00e5. Alle som melder seg, uansett alder, m\u00e5 g\u00e5 i to \u00e5r.<u><\/u><u><\/u><\/div>\n<div class=\"MsoNormal\" style=\"background-color: white; color: #222222; font-size: 13px;\">\n<\/div>\n<div class=\"MsoNormal\" style=\"background-color: white; color: #222222; font-size: 13px;\">\nDenne h\u00f8sten blir det ogs\u00e5 katekese l\u00f8rdagene&nbsp;<b>11. oktober, 8. november og 13.desember.<u><\/u><u><\/u><\/b><\/div>\n<div class=\"MsoNormal\" style=\"background-color: white; color: #222222; font-size: 13px;\">\n<\/div>\n<div class=\"MsoNormal\" style=\"background-color: white; color: #222222; font-size: 13px;\">\nKontingent for katekesen er 200 kr pr barn (maks 400,- pr familie)<u><\/u><u><\/u><\/div>\n<div class=\"MsoNormal\" style=\"background-color: white; color: #222222; font-size: 13px;\">\nDette kan betales kontant eller med kort, evt. med nettbank til menighetens konto 3000.16.55864. (husk \u00e5 merke betalingen med katekese og barnets navn og klasse)<u><\/u><u><\/u><\/div>\n<div class=\"MsoNormal\" style=\"background-color: white; color: #222222; font-size: 13px;\">\n<\/div>\n<div class=\"MsoNormal\" style=\"background-color: white; color: #222222; font-size: 13px;\">\nVelkommen alle sammen til h\u00f8stens katekese! Jeg gleder meg til \u00e5 se dere!<u><\/u><u><\/u><\/div>\n<div class=\"MsoNormal\" style=\"background-color: white; color: #222222; font-size: 13px;\">\n<\/div>\n<div class=\"MsoNormal\" style=\"background-color: white; color: #222222; font-size: 13px;\">\nKristiansand, 15. august&nbsp;&nbsp;2014<u><\/u><u><\/u><\/div>\n<div class=\"MsoNormal\" style=\"background-color: white; color: #222222; font-size: 13px;\">\n<\/div>\n<div class=\"MsoNormal\" style=\"background-color: white; color: #222222; font-size: 13px;\">\np.Frode Eikenes<u><\/u><u><\/u><\/div>\n<div class=\"MsoNormal\" style=\"background-color: white; color: #222222; font-size: 13px;\">\nSogneprest<\/div>\n","protected":false},"excerpt":{"rendered":"<p>KJ\u00c6RE ALLE BARN, UNGDOMMER&nbsp;&nbsp;OG FORELDRE! Velkommen til h\u00f8stens katekese i St. Ansgar menighet! Vi starter&nbsp;l\u00f8rdag 13. september for alle klasser.&nbsp;Katekesen foreg\u00e5r i menighetshuset \u201dKIGA\u201d i Kongensgate 17. 1.-5. klasse&nbsp;har katekese&nbsp;&nbsp;klokken 10.00 \u2013 14.00&nbsp;Barna f\u00e5r servert mat og drikke i pausen&#8230;.<br \/><a class=\"read-more-button\" href=\"https:\/\/stansgar.katolsk.no\/?p=671\">Read more<\/a><\/p>\n","protected":false},"author":3,"featured_media":0,"comment_status":"open","ping_status":"open","sticky":false,"template":"","format":"standard","meta":{"footnotes":""},"categories":[1],"tags":[10],"class_list":["post-671","post","type-post","status-publish","format-standard","hentry","category-ukategorisert","tag-katekese"],"_links":{"self":[{"href":"https:\/\/stansgar.katolsk.no\/index.php?rest_route=\/wp\/v2\/posts\/671","targetHints":{"allow":["GET"]}}],"collection":[{"href":"https:\/\/stansgar.katolsk.no\/index.php?rest_route=\/wp\/v2\/posts"}],"about":[{"href":"https:\/\/stansgar.katolsk.no\/index.php?rest_route=\/wp\/v2\/types\/post"}],"author":[{"embeddable":true,"href":"https:\/\/stansgar.katolsk.no\/index.php?rest_route=\/wp\/v2\/users\/3"}],"replies":[{"embeddable":true,"href":"https:\/\/stansgar.katolsk.no\/index.php?rest_route=%2Fwp%2Fv2%2Fcomments&post=671"}],"version-history":[{"count":1,"href":"https:\/\/stansgar.katolsk.no\/index.php?rest_route=\/wp\/v2\/posts\/671\/revisions"}],"predecessor-version":[{"id":2621,"href":"https:\/\/stansgar.katolsk.no\/index.php?rest_route=\/wp\/v2\/posts\/671\/revisions\/2621"}],"wp:attachment":[{"href":"https:\/\/stansgar.katolsk.no\/index.php?rest_route=%2Fwp%2Fv2%2Fmedia&parent=671"}],"wp:term":[{"taxonomy":"category","embeddable":true,"href":"https:\/\/stansgar.katolsk.no\/index.php?rest_route=%2Fwp%2Fv2%2Fcategories&post=671"},{"taxonomy":"post_tag","embeddable":true,"href":"https:\/\/stansgar.katolsk.no\/index.php?rest_route=%2Fwp%2Fv2%2Ftags&post=671"}],"curies":[{"name":"wp","href":"https:\/\/api.w.org\/{rel}","templated":true}]}}