{"id":669,"date":"2014-09-10T16:42:00","date_gmt":"2014-09-10T14:42:00","guid":{"rendered":"http:\/\/stansgar.katolsk.no\/index.php\/2014\/09\/10\/kunngjringer-7-14-september-2014\/"},"modified":"2018-10-12T09:12:45","modified_gmt":"2018-10-12T07:12:45","slug":"kunngjringer-7-14-september-2014","status":"publish","type":"post","link":"https:\/\/stansgar.katolsk.no\/?p=669","title":{"rendered":"Kunngj\u00f8ringer 7-14. september  2014"},"content":{"rendered":"<div class=\"MsoNormal\" style=\"background-color: white; color: #222222; font-size: 11pt; line-height: 17px; margin: 0cm 0cm 10pt;\">\n<\/div>\n<div class=\"MsoNormal\" style=\"background-color: white; color: #222222; font-size: 11pt; line-height: 17px; margin: 0cm 0cm 10pt;\">\n<b>Torsdag 11. september starter vi opp igjen med messe kl. 11<\/b>. Formiddagstreff med lunch etterp\u00e5. Alle er velkommen!<u><\/u><u><\/u><\/div>\n<div class=\"MsoNormal\" style=\"background-color: white; color: #222222; font-size: 11pt; line-height: 17px; margin: 0cm 0cm 10pt;\">\nDet blir messe som vanlig ogs\u00e5 kl. 18<u><\/u><u><\/u><\/div>\n<div class=\"MsoNormal\" style=\"background-color: white; color: #222222; font-size: 11pt; line-height: 17px; margin: 0cm 0cm 10pt;\">\n<\/div>\n<div class=\"MsoNormal\" style=\"background-color: white; color: #222222; font-size: 11pt; line-height: 17px; margin: 0cm 0cm 10pt;\">\n<b>L\u00f8rdag 13. september starter h\u00f8stens katekese.<\/b><u><\/u><u><\/u><\/div>\n<div class=\"MsoNormal\" style=\"background-color: white; color: #222222; font-size: 11pt; line-height: 17px; margin: 0cm 0cm 10pt;\">\n1.- 5. klasse fra kl 10 \u2013 14 og 6. \u2013 9. klasse fra kl. 13.00 \u2013 17.00.<u><\/u><u><\/u><\/div>\n<div class=\"MsoNormal\" style=\"background-color: white; color: #222222; font-size: 11pt; line-height: 17px; margin: 0cm 0cm 10pt;\">\nFelles messe for alle kl. 13<u><\/u><u><\/u><\/div>\n<div class=\"MsoNormal\" style=\"background-color: white; color: #222222; font-size: 11pt; line-height: 17px; margin: 0cm 0cm 10pt;\">\n<\/div>\n<div class=\"MsoNormal\" style=\"background-color: white; color: #222222; font-size: 11pt; line-height: 17px; margin: 0cm 0cm 10pt;\">\nP\u00e5 grunn av at antallet prester i St. Ansgar menighet er blitt redusert fra tre til to blir det endringer i tidspunktene for messe p\u00e5 Stella Maris i Mandal.<u><\/u><u><\/u><\/div>\n<div class=\"MsoNormal\" style=\"background-color: white; color: #222222; font-size: 11pt; line-height: 17px; margin: 0cm 0cm 10pt;\">\nDet blir messe p\u00e5 norsk 1. s\u00f8ndag i m\u00e5neden og p\u00e5 polsk 3. s\u00f8ndag i m\u00e5neden. Messene blir som f\u00f8r kl. 14. Dette gjelder fra oktober. F\u00f8rstkommende s\u00f8ndag, 14. september blir det ingen messe p\u00e5 Stella Maris.<u><\/u><u><\/u><\/div>\n<div class=\"MsoNormal\" style=\"background-color: white; color: #222222; font-size: 11pt; line-height: 17px; margin: 0cm 0cm 10pt;\">\nMessen i St. Ansgar kirke p\u00e5 s\u00f8ndag kl. 13 blir p\u00e5 vietnamesisk 1. s\u00f8ndag i m\u00e5neden og p\u00e5 vietnamesisk og norsk de andre s\u00f8ndagene. Det er p. Luis Tiens bes\u00f8k den f\u00f8rste s\u00f8ndag i m\u00e5neden som gj\u00f8r det mulig \u00e5 ha messe p\u00e5 Stella Maris den dagen.<u><\/u><u><\/u><\/div>\n<div>\n<\/div>\n","protected":false},"excerpt":{"rendered":"<p>Torsdag 11. september starter vi opp igjen med messe kl. 11. Formiddagstreff med lunch etterp\u00e5. Alle er velkommen! Det blir messe som vanlig ogs\u00e5 kl. 18 L\u00f8rdag 13. september starter h\u00f8stens katekese. 1.- 5. klasse fra kl 10 \u2013 14&#8230;<br \/><a class=\"read-more-button\" href=\"https:\/\/stansgar.katolsk.no\/?p=669\">Read more<\/a><\/p>\n","protected":false},"author":3,"featured_media":0,"comment_status":"open","ping_status":"open","sticky":false,"template":"","format":"standard","meta":{"footnotes":""},"categories":[1],"tags":[3],"class_list":["post-669","post","type-post","status-publish","format-standard","hentry","category-ukategorisert","tag-kunngjoringer"],"_links":{"self":[{"href":"https:\/\/stansgar.katolsk.no\/index.php?rest_route=\/wp\/v2\/posts\/669","targetHints":{"allow":["GET"]}}],"collection":[{"href":"https:\/\/stansgar.katolsk.no\/index.php?rest_route=\/wp\/v2\/posts"}],"about":[{"href":"https:\/\/stansgar.katolsk.no\/index.php?rest_route=\/wp\/v2\/types\/post"}],"author":[{"embeddable":true,"href":"https:\/\/stansgar.katolsk.no\/index.php?rest_route=\/wp\/v2\/users\/3"}],"replies":[{"embeddable":true,"href":"https:\/\/stansgar.katolsk.no\/index.php?rest_route=%2Fwp%2Fv2%2Fcomments&post=669"}],"version-history":[{"count":1,"href":"https:\/\/stansgar.katolsk.no\/index.php?rest_route=\/wp\/v2\/posts\/669\/revisions"}],"predecessor-version":[{"id":2619,"href":"https:\/\/stansgar.katolsk.no\/index.php?rest_route=\/wp\/v2\/posts\/669\/revisions\/2619"}],"wp:attachment":[{"href":"https:\/\/stansgar.katolsk.no\/index.php?rest_route=%2Fwp%2Fv2%2Fmedia&parent=669"}],"wp:term":[{"taxonomy":"category","embeddable":true,"href":"https:\/\/stansgar.katolsk.no\/index.php?rest_route=%2Fwp%2Fv2%2Fcategories&post=669"},{"taxonomy":"post_tag","embeddable":true,"href":"https:\/\/stansgar.katolsk.no\/index.php?rest_route=%2Fwp%2Fv2%2Ftags&post=669"}],"curies":[{"name":"wp","href":"https:\/\/api.w.org\/{rel}","templated":true}]}}