{"id":66,"date":"2018-09-08T08:39:00","date_gmt":"2018-09-08T06:39:00","guid":{"rendered":"http:\/\/stansgar.katolsk.no\/index.php\/2018\/09\/08\/kunngjringer-sndag-09-september\/"},"modified":"2018-10-12T09:12:13","modified_gmt":"2018-10-12T07:12:13","slug":"kunngjringer-sndag-09-september","status":"publish","type":"post","link":"https:\/\/stansgar.katolsk.no\/?p=66","title":{"rendered":"KUNNGJ\u00d8RINGER S\u00d8NDAG 09. SEPTEMBER"},"content":{"rendered":"<div class=\"MsoNormal\" style=\"line-height: 115%; margin-bottom: 6.0pt; margin-left: 106.5pt; margin-right: 0cm; margin-top: 0cm; text-indent: -106.5pt;\">\nTirsdag 11\/09&nbsp;&nbsp;&nbsp;&nbsp;&nbsp;&nbsp;&nbsp;&nbsp;&nbsp;&nbsp;&nbsp;&nbsp;&nbsp; kl. 18.00&nbsp;&nbsp;&nbsp;&nbsp;&nbsp;&nbsp;&nbsp;&nbsp; Messe<br \/>\n\u2013 etterfulgt av sakraments tilbedelse<\/div>\n<div class=\"MsoNormal\" style=\"margin-bottom: 6.0pt;\">\nOnsdag<br \/>\n12\/09&nbsp;&nbsp;&nbsp;&nbsp;&nbsp;&nbsp;&nbsp;&nbsp;&nbsp;&nbsp;&nbsp;&nbsp; kl. 18.00&nbsp;&nbsp;&nbsp;&nbsp;&nbsp;&nbsp;&nbsp;&nbsp; Messe<\/div>\n<div class=\"MsoNormal\" style=\"margin-bottom: 6.0pt;\">\nTorsdag<br \/>\n13\/09 &nbsp;&nbsp;&nbsp;&nbsp;&nbsp;&nbsp;&nbsp;&nbsp;&nbsp;&nbsp; kl. 11.00&nbsp;&nbsp;&nbsp;&nbsp;&nbsp;&nbsp;&nbsp;&nbsp; Messe \u2013 etterfulgt av felles lunsj i<br \/>\nKiga<\/div>\n<div class=\"MsoNormal\" style=\"margin-bottom: 6.0pt; margin-left: 106.2pt; margin-right: 0cm; margin-top: 0cm; text-indent: .3pt;\">\nkl.<br \/>\n18.00 &nbsp;&nbsp;&nbsp;&nbsp;&nbsp;&nbsp;&nbsp; Messe<\/div>\n<div class=\"MsoNormal\" style=\"margin-bottom: 6.0pt;\">\n<b>Fredag<br \/>\n14\/09 &nbsp;&nbsp;&nbsp;&nbsp;&nbsp;&nbsp;&nbsp;&nbsp;&nbsp;&nbsp;&nbsp;&nbsp; KORSETS OPPH\u00d8YELSE &#8211; &nbsp;Joh 3,13-17<\/b><\/div>\n<div class=\"MsoNormal\" style=\"margin-bottom: 6.0pt; margin-left: 70.8pt; margin-right: 0cm; margin-top: 0cm; text-indent: 35.4pt;\">\nkl.<br \/>\n18.00 &nbsp;&nbsp;&nbsp;&nbsp;&nbsp;&nbsp;&nbsp; Messe<\/div>\n<div class=\"MsoNormal\" style=\"line-height: 115%; margin-bottom: 6.0pt; margin-left: 106.5pt; margin-right: 0cm; margin-top: 0cm; text-indent: -106.5pt;\">\nL\u00f8rdag 15\/09&nbsp;&nbsp;&nbsp;&nbsp;&nbsp;&nbsp;&nbsp;&nbsp;&nbsp;&nbsp;&nbsp;&nbsp;&nbsp;&nbsp; kl. 13.00 &nbsp;&nbsp;&nbsp;&nbsp;&nbsp;&nbsp;&nbsp; Messe<\/div>\n<div class=\"MsoNormal\" style=\"line-height: 115%; margin-bottom: 6.0pt; margin-left: 106.5pt; margin-right: 0cm; margin-top: 0cm; text-indent: -106.5pt;\">\n&nbsp;&nbsp;&nbsp;&nbsp;&nbsp;&nbsp;&nbsp;&nbsp;&nbsp;&nbsp;&nbsp;&nbsp;&nbsp;&nbsp;&nbsp;&nbsp;&nbsp;&nbsp;&nbsp;&nbsp;&nbsp;&nbsp;&nbsp;&nbsp;&nbsp;&nbsp;&nbsp;&nbsp;&nbsp;&nbsp;&nbsp;&nbsp;&nbsp;&nbsp;&nbsp; kl.<br \/>\n14.00&nbsp;&nbsp;&nbsp;&nbsp;&nbsp;&nbsp;&nbsp;&nbsp; Messe p\u00e5 spansk<\/div>\n<div class=\"MsoNormal\" style=\"line-height: 115%; margin-bottom: 6.0pt; margin-left: 106.5pt; margin-right: 0cm; margin-top: 0cm; text-indent: -106.5pt;\">\n&nbsp;&nbsp;&nbsp;&nbsp;&nbsp;&nbsp;&nbsp;&nbsp;&nbsp;&nbsp;&nbsp;&nbsp;&nbsp;&nbsp;&nbsp;&nbsp;&nbsp;&nbsp;&nbsp;&nbsp;&nbsp;&nbsp;&nbsp;&nbsp;&nbsp;&nbsp;&nbsp;&nbsp;&nbsp;&nbsp;&nbsp;&nbsp;&nbsp;&nbsp;&nbsp; kl.<br \/>\n16.00&nbsp;&nbsp;&nbsp;&nbsp;&nbsp;&nbsp;&nbsp;&nbsp; Messe p\u00e5 litauisk<\/div>\n<div class=\"MsoNormal\" style=\"line-height: 115%; margin-bottom: 6.0pt; margin-left: 70.8pt; margin-right: 0cm; margin-top: 0cm; text-indent: 35.4pt;\">\nkl. 18.00&nbsp;&nbsp;&nbsp;&nbsp;&nbsp;&nbsp;&nbsp;&nbsp; Messe<br \/>\np\u00e5 polsk<\/div>\n<div class=\"MsoNormal\" style=\"line-height: 115%; margin-bottom: 6.0pt;\">\n<b>S\u00f8ndag 16\/09&nbsp; &nbsp;&nbsp;&nbsp;&nbsp;&nbsp;&nbsp;&nbsp;&nbsp;&nbsp;&nbsp;&nbsp; 24. S\u00d8NDAG I DET<br \/>\nALMINNELIGE KIRKE\u00c5R &#8211; &nbsp;Mark 8,27-35<\/b><\/div>\n<div class=\"MsoNormal\" style=\"line-height: 115%; margin-bottom: 6.0pt; margin-left: 70.8pt; margin-right: 0cm; margin-top: 0cm; text-indent: 35.4pt;\">\nkl. 09.00&nbsp;&nbsp;&nbsp;&nbsp;&nbsp;&nbsp;&nbsp;&nbsp; Messe<br \/>\np\u00e5 polsk<\/div>\n<div class=\"MsoNormal\" style=\"line-height: 115%; margin-bottom: 6.0pt;\">\n&nbsp;&nbsp;&nbsp;&nbsp;&nbsp;&nbsp;&nbsp;&nbsp;&nbsp;&nbsp;&nbsp;&nbsp;&nbsp;&nbsp;&nbsp;&nbsp;&nbsp;&nbsp;&nbsp;&nbsp;&nbsp;&nbsp;&nbsp;&nbsp;&nbsp;&nbsp;&nbsp;&nbsp;&nbsp;&nbsp;&nbsp;&nbsp;&nbsp;&nbsp; kl.<br \/>\n11.00&nbsp;&nbsp;&nbsp;&nbsp;&nbsp;&nbsp;&nbsp;&nbsp; Messe p\u00e5 norsk<\/div>\n<div class=\"MsoNormal\" style=\"line-height: 115%; margin-bottom: 6.0pt;\">\n&nbsp;&nbsp;&nbsp;&nbsp;&nbsp;&nbsp;&nbsp;&nbsp;&nbsp;&nbsp;&nbsp;&nbsp;&nbsp;&nbsp;&nbsp;&nbsp;&nbsp;&nbsp;&nbsp;&nbsp;&nbsp;&nbsp;&nbsp;&nbsp;&nbsp;&nbsp;&nbsp;&nbsp;&nbsp;&nbsp;&nbsp;&nbsp;&nbsp;&nbsp; kl.<br \/>\n13.00 &nbsp;&nbsp;&nbsp;&nbsp;&nbsp;&nbsp;&nbsp; Messe p\u00e5 vietnamesisk<\/div>\n<div class=\"MsoNormal\" style=\"line-height: 115%; margin-bottom: 6.0pt;\">\n<b style=\"mso-bidi-font-weight: normal;\">Annet:&nbsp;&nbsp;&nbsp;&nbsp;&nbsp;&nbsp;&nbsp;&nbsp;&nbsp;&nbsp; <\/b><\/div>\n<div class=\"MsoNormal\" style=\"line-height: 115%; margin-bottom: 6.0pt;\">\nFredag 14\/09&nbsp;&nbsp;&nbsp;&nbsp;&nbsp;&nbsp;&nbsp;&nbsp;&nbsp;&nbsp;&nbsp;&nbsp;&nbsp; kl. 19.00&nbsp;&nbsp;&nbsp;&nbsp;&nbsp;&nbsp;&nbsp;&nbsp; B\u00f8nn<br \/>\ni kirken og samv\u00e6r i Ungdomskjelleren etterp\u00e5<\/div>\n<div class=\"MsoNormal\" style=\"line-height: 115%; margin-bottom: 6.0pt;\">\n&nbsp;&nbsp;&nbsp;&nbsp;&nbsp;&nbsp;&nbsp;&nbsp;&nbsp;&nbsp;&nbsp;&nbsp;&nbsp;&nbsp;&nbsp;&nbsp;&nbsp;&nbsp;&nbsp;&nbsp;&nbsp;&nbsp;&nbsp;&nbsp;&nbsp;&nbsp;&nbsp;&nbsp;&nbsp;&nbsp;&nbsp;&nbsp;&nbsp;&nbsp; Kl.<br \/>\n19.00&nbsp;&nbsp;&nbsp;&nbsp;&nbsp;&nbsp;&nbsp; SAUL har samling i KIGA<\/div>\n<div class=\"MsoNormal\" style=\"line-height: 115%; margin-bottom: 6.0pt;\">\nS\u00f8ndag 16\/09&nbsp;&nbsp;&nbsp;&nbsp;&nbsp;&nbsp;&nbsp;&nbsp;&nbsp;&nbsp;&nbsp;&nbsp;&nbsp; kl. 18.00&nbsp;&nbsp;&nbsp;&nbsp;&nbsp;&nbsp;&nbsp;&nbsp; Unge<br \/>\nvoksne har samling i KIGA<\/div>\n<div class=\"MsoNormal\" style=\"line-height: 115%; margin-bottom: 6.0pt;\">\n<\/div>\n<div class=\"MsoNormal\" style=\"line-height: 115%; margin-bottom: 6.0pt;\">\n<\/div>\n<div class=\"MsoNormal\" style=\"line-height: 115%; margin-bottom: 6.0pt; text-indent: 35.4pt;\">\n<b>&#8211; L\u00f8rdag 22. sep.: Messene i Lyngdal og<br \/>\ni Flekkefjord er avlyst p\u00e5 grunn av ferieavvikling. <\/b><\/div>\n<div class=\"MsoNormal\" style=\"line-height: 115%; margin-bottom: 6.0pt; text-indent: 35.4pt;\">\n<b><br \/><\/b><\/div>\n<div class=\"MsoNoSpacing\" style=\"line-height: 115%; text-indent: 35.4pt;\">\n<b>&#8211; TROSKURS 2018-2019<\/b>: I \u00e5r begynner vi<br \/>\nmed troskurset 25. oktober. Hvert \u00e5r er troskurset \u00e5pent for alle b\u00e5de for<br \/>\nkatolikker som \u00f8nsker \u00e5 fordype seg i den katolske kirkes tro og liv og for<b style=\"mso-bidi-font-weight: normal;\"> <\/b>ikke-katolikker som \u00f8nsker \u00e5<br \/>\nkonvertere til den katolske tro og leve i felleskap med Gud i den Katolske Kirken.<br \/>\nFor dere som tar sikte p\u00e5 \u00e5 konvertere til den katolske tro, er kurset<br \/>\nforpliktende og grunnleggende i forberedelsen. Dere m\u00e5 komme til 34 m\u00f8ter p\u00e5<b style=\"mso-bidi-font-weight: normal;\"> <\/b>troskur<b style=\"mso-bidi-font-weight: normal;\">s<\/b>et.<b style=\"mso-bidi-font-weight: normal;\"><\/b><\/div>\n<div class=\"MsoNoSpacing\" style=\"line-height: 115%; text-indent: 35.4pt;\">\nP. Louis Tien Quang Dang, og P. Dawid<br \/>\nBana\u015b, er hovedansvarlige for kurset.&nbsp; <\/div>\n<div class=\"MsoNoSpacing\" style=\"line-height: 115%;\">\nUndervisningen<br \/>\ner for tiden delegert til: Monika \u00d8stensen, Maria Phan, Jeannine Teresa<br \/>\nLyngsv\u00e5g, Mogens Alb\u00e6k, Thang Tran og Frode Thorup.<\/div>\n<div class=\"MsoNoSpacing\" style=\"line-height: 115%; text-indent: 35.4pt;\">\nKurset holdes i St. Ansgars<br \/>\nmenighetssal, Kongens gata 13, to ganger i m\u00e5neden, p\u00e5 torsdager, fra kl. 18.45<br \/>\ntil ca. kl. 20.45. Oppstart av troskurset: 25. Oktober 2018<\/div>\n<div class=\"MsoNoSpacing\" style=\"line-height: 115%;\">\n<\/div>\n<div class=\"gmail-msonospacing\" style=\"line-height: 115%; margin-bottom: .0001pt; margin: 0cm;\">\n<b>&#8211; Kunngj\u00f8ring om bibelgruppe s\u00f8ndag 09.09.18<\/b><\/div>\n<div class=\"gmail-msonospacing\" style=\"line-height: 115%; margin-bottom: .0001pt; margin: 0cm; text-align: justify;\">\nVi skal starte en bibelgruppe i St. Ansgar menighet fra oktober 2018. Form\u00e5let med bibelgruppen er \u00e5<br \/>\nfordype oss i Evangeliets budskap. Gruppen m\u00f8tes i menighetssalen en gang i<br \/>\nm\u00e5neden p\u00e5 tirsdag kveld fra kl. 19.00. F\u00f8rste m\u00f8te er 23. oktober. Alle er<br \/>\nvelkommen.<\/div>\n<div class=\"MsoNormal\">\n<\/div>\n<div class=\"MsoNormal\">\n<\/div>\n<div class=\"MsoNoSpacing\" style=\"line-height: 115%;\">\n<b style=\"mso-bidi-font-weight: normal;\">Alle er hjertelig<br \/>\nvelkommen til kirkekaffe. \u00d8nsker dere en riktig god s\u00f8ndag!<\/b><\/div>\n<p><\/p>\n","protected":false},"excerpt":{"rendered":"<p>Tirsdag 11\/09&nbsp;&nbsp;&nbsp;&nbsp;&nbsp;&nbsp;&nbsp;&nbsp;&nbsp;&nbsp;&nbsp;&nbsp;&nbsp; kl. 18.00&nbsp;&nbsp;&nbsp;&nbsp;&nbsp;&nbsp;&nbsp;&nbsp; Messe \u2013 etterfulgt av sakraments tilbedelse Onsdag 12\/09&nbsp;&nbsp;&nbsp;&nbsp;&nbsp;&nbsp;&nbsp;&nbsp;&nbsp;&nbsp;&nbsp;&nbsp; kl. 18.00&nbsp;&nbsp;&nbsp;&nbsp;&nbsp;&nbsp;&nbsp;&nbsp; Messe Torsdag 13\/09 &nbsp;&nbsp;&nbsp;&nbsp;&nbsp;&nbsp;&nbsp;&nbsp;&nbsp;&nbsp; kl. 11.00&nbsp;&nbsp;&nbsp;&nbsp;&nbsp;&nbsp;&nbsp;&nbsp; Messe \u2013 etterfulgt av felles lunsj i Kiga kl. 18.00 &nbsp;&nbsp;&nbsp;&nbsp;&nbsp;&nbsp;&nbsp; Messe Fredag 14\/09 &nbsp;&nbsp;&nbsp;&nbsp;&nbsp;&nbsp;&nbsp;&nbsp;&nbsp;&nbsp;&nbsp;&nbsp; KORSETS OPPH\u00d8YELSE &#8211; &nbsp;Joh 3,13-17&#8230;<br \/><a class=\"read-more-button\" href=\"https:\/\/stansgar.katolsk.no\/?p=66\">Read more<\/a><\/p>\n","protected":false},"author":3,"featured_media":0,"comment_status":"open","ping_status":"open","sticky":false,"template":"","format":"standard","meta":{"footnotes":""},"categories":[1],"tags":[3],"class_list":["post-66","post","type-post","status-publish","format-standard","hentry","category-ukategorisert","tag-kunngjoringer"],"_links":{"self":[{"href":"https:\/\/stansgar.katolsk.no\/index.php?rest_route=\/wp\/v2\/posts\/66","targetHints":{"allow":["GET"]}}],"collection":[{"href":"https:\/\/stansgar.katolsk.no\/index.php?rest_route=\/wp\/v2\/posts"}],"about":[{"href":"https:\/\/stansgar.katolsk.no\/index.php?rest_route=\/wp\/v2\/types\/post"}],"author":[{"embeddable":true,"href":"https:\/\/stansgar.katolsk.no\/index.php?rest_route=\/wp\/v2\/users\/3"}],"replies":[{"embeddable":true,"href":"https:\/\/stansgar.katolsk.no\/index.php?rest_route=%2Fwp%2Fv2%2Fcomments&post=66"}],"version-history":[{"count":1,"href":"https:\/\/stansgar.katolsk.no\/index.php?rest_route=\/wp\/v2\/posts\/66\/revisions"}],"predecessor-version":[{"id":1514,"href":"https:\/\/stansgar.katolsk.no\/index.php?rest_route=\/wp\/v2\/posts\/66\/revisions\/1514"}],"wp:attachment":[{"href":"https:\/\/stansgar.katolsk.no\/index.php?rest_route=%2Fwp%2Fv2%2Fmedia&parent=66"}],"wp:term":[{"taxonomy":"category","embeddable":true,"href":"https:\/\/stansgar.katolsk.no\/index.php?rest_route=%2Fwp%2Fv2%2Fcategories&post=66"},{"taxonomy":"post_tag","embeddable":true,"href":"https:\/\/stansgar.katolsk.no\/index.php?rest_route=%2Fwp%2Fv2%2Ftags&post=66"}],"curies":[{"name":"wp","href":"https:\/\/api.w.org\/{rel}","templated":true}]}}