{"id":6597,"date":"2019-12-24T09:53:01","date_gmt":"2019-12-24T08:53:01","guid":{"rendered":"http:\/\/stansgar.katolsk.no\/?p=6597"},"modified":"2019-12-24T09:53:53","modified_gmt":"2019-12-24T08:53:53","slug":"julehilsen-fra-katekesen","status":"publish","type":"post","link":"https:\/\/stansgar.katolsk.no\/?p=6597","title":{"rendered":"Julehilsen fra katekesen"},"content":{"rendered":"\n<p>Vi vil gjerne takke dere foreldre som sender barna deres til katekesen, og dere barn og ungdommer som kommer til katekesen. I St. Ansgar menighetshistorie har det aldri v\u00e6rt s\u00e5 mange i katekesen som n\u00e5. Over 270 barn og ungdommer er innmeldt i h\u00f8st. Det er vi veldig takknemlige for. Det er menighetssekret\u00e6ren som registrerer alle barna og ungdommene i katekesen. I menigheten er det 51 frivillige som hjelper til slik at det blir katekese den andre l\u00f8rdagen i m\u00e5neden. Da stiller 36 kateketer og hjelpekateketer opp. Barna f\u00e5r ogs\u00e5 \u00abverdens beste katekesep\u00f8lser\u00bb til lunsj. De blir tilberedt av opptil ni frivillige som steller i stand lunsjen p\u00e5 formiddagen og ettermiddagen. I tillegg er det noen som gj\u00f8r i stand kirken til katekesemessen, og for ikke \u00e5 glemme jentene som er ansvarlige for \u00e5 sette opp julespill og p\u00e5skespill i katekesemessen hvert \u00e5r. Julespillet f\u00e5r dessuten alle glede av \u00e5 se i familiemessen 24. desember kl. 15.00. Tusen hjertelig takk til dere alle.<\/p>\n\n\n\n<p>Litt om hva som har skjedd i katekesen i h\u00f8st. 11. oktober hadde\nvi bes\u00f8k av p. Hallvard Hole som er teologiske r\u00e5dgiver. Han holdt seminar om\nBlilys, <a href=\"http:\/\/www.blilys.no\">www.blilys.no<\/a>, som er den katolske\nkirkes ressursbank for kateketer og familier. P\u00e5 den m\u00e5ten fikk vi kateketer\nfaglig p\u00e5fyll (Se bildet under). <br>\nDagen etter i katekesen sang og spilte pater Hallvard gitar i alle klassene.\nHan svarte ogs\u00e5 p\u00e5 mange sp\u00f8rsm\u00e5l, for det var veldig lenge siden vi hadde hatt\nen fransiskanermunk p\u00e5 bes\u00f8k i katekesen. I forbindelse med alle sjelers dag\nvar f\u00f8rste- og andre\u00e5rskonfirmantene sammen med kateketene sine og pater Dawid\np\u00e5 Kristiansand kirkeg\u00e5rd for \u00e5 velsigne katolske graver (Se bildet under).\nSist men ikke minst hadde vi en uforglemmelig katekesemesse 14. desember. Da\nframf\u00f8rte barn julespillet, og St. Nikolas kom p\u00e5 bes\u00f8k. <\/p>\n\n\n\n<p>Vi \u00f8nsker alle barn, ungdommer, foreldre og hele menigheten\nen velsignet juleh\u00f8ytid og et fredfylt nytt \u00e5r!<\/p>\n\n\n\n<p>Fred og alt godt!<\/p>\n\n\n\n<p>P. Tien og Mona<\/p>\n\n\n\n<ul class=\"wp-block-gallery columns-2 is-cropped wp-block-gallery-1 is-layout-flex wp-block-gallery-is-layout-flex\"><li class=\"blocks-gallery-item\"><figure><img loading=\"lazy\" decoding=\"async\" width=\"610\" height=\"457\" src=\"http:\/\/stansgar.katolsk.no\/wp-content\/uploads\/2019\/12\/P.Hallvard-002.jpg\" alt=\"\" data-id=\"6600\" data-link=\"http:\/\/stansgar.katolsk.no\/?attachment_id=6600\" class=\"wp-image-6600\" srcset=\"https:\/\/stansgar.katolsk.no\/wp-content\/uploads\/2019\/12\/P.Hallvard-002.jpg 610w, https:\/\/stansgar.katolsk.no\/wp-content\/uploads\/2019\/12\/P.Hallvard-002-300x225.jpg 300w\" sizes=\"auto, (max-width: 610px) 100vw, 610px\" \/><\/figure><\/li><li class=\"blocks-gallery-item\"><figure><img loading=\"lazy\" decoding=\"async\" width=\"907\" height=\"442\" src=\"http:\/\/stansgar.katolsk.no\/wp-content\/uploads\/2019\/12\/Alle-sjeler_Kirkeg\u00e5rd.jpg\" alt=\"\" data-id=\"6601\" data-link=\"http:\/\/stansgar.katolsk.no\/?attachment_id=6601\" class=\"wp-image-6601\" srcset=\"https:\/\/stansgar.katolsk.no\/wp-content\/uploads\/2019\/12\/Alle-sjeler_Kirkeg\u00e5rd.jpg 907w, https:\/\/stansgar.katolsk.no\/wp-content\/uploads\/2019\/12\/Alle-sjeler_Kirkeg\u00e5rd-300x146.jpg 300w, https:\/\/stansgar.katolsk.no\/wp-content\/uploads\/2019\/12\/Alle-sjeler_Kirkeg\u00e5rd-768x374.jpg 768w\" sizes=\"auto, (max-width: 907px) 100vw, 907px\" \/><\/figure><\/li><\/ul>\n","protected":false},"excerpt":{"rendered":"<p>Vi vil gjerne takke dere foreldre som sender barna deres til katekesen, og dere barn og ungdommer som kommer til katekesen. I St. Ansgar menighetshistorie har det aldri v\u00e6rt s\u00e5 mange i katekesen som n\u00e5. Over 270 barn og ungdommer&#8230;<br \/><a class=\"read-more-button\" href=\"https:\/\/stansgar.katolsk.no\/?p=6597\">Read more<\/a><\/p>\n","protected":false},"author":1,"featured_media":6599,"comment_status":"open","ping_status":"open","sticky":false,"template":"","format":"standard","meta":{"footnotes":""},"categories":[204],"tags":[],"class_list":["post-6597","post","type-post","status-publish","format-standard","has-post-thumbnail","hentry","category-ukategorisert-nb"],"_links":{"self":[{"href":"https:\/\/stansgar.katolsk.no\/index.php?rest_route=\/wp\/v2\/posts\/6597","targetHints":{"allow":["GET"]}}],"collection":[{"href":"https:\/\/stansgar.katolsk.no\/index.php?rest_route=\/wp\/v2\/posts"}],"about":[{"href":"https:\/\/stansgar.katolsk.no\/index.php?rest_route=\/wp\/v2\/types\/post"}],"author":[{"embeddable":true,"href":"https:\/\/stansgar.katolsk.no\/index.php?rest_route=\/wp\/v2\/users\/1"}],"replies":[{"embeddable":true,"href":"https:\/\/stansgar.katolsk.no\/index.php?rest_route=%2Fwp%2Fv2%2Fcomments&post=6597"}],"version-history":[{"count":2,"href":"https:\/\/stansgar.katolsk.no\/index.php?rest_route=\/wp\/v2\/posts\/6597\/revisions"}],"predecessor-version":[{"id":6603,"href":"https:\/\/stansgar.katolsk.no\/index.php?rest_route=\/wp\/v2\/posts\/6597\/revisions\/6603"}],"wp:featuredmedia":[{"embeddable":true,"href":"https:\/\/stansgar.katolsk.no\/index.php?rest_route=\/wp\/v2\/media\/6599"}],"wp:attachment":[{"href":"https:\/\/stansgar.katolsk.no\/index.php?rest_route=%2Fwp%2Fv2%2Fmedia&parent=6597"}],"wp:term":[{"taxonomy":"category","embeddable":true,"href":"https:\/\/stansgar.katolsk.no\/index.php?rest_route=%2Fwp%2Fv2%2Fcategories&post=6597"},{"taxonomy":"post_tag","embeddable":true,"href":"https:\/\/stansgar.katolsk.no\/index.php?rest_route=%2Fwp%2Fv2%2Ftags&post=6597"}],"curies":[{"name":"wp","href":"https:\/\/api.w.org\/{rel}","templated":true}]}}