{"id":6575,"date":"2019-12-12T09:51:49","date_gmt":"2019-12-12T08:51:49","guid":{"rendered":"http:\/\/stansgar.katolsk.no\/?p=6575"},"modified":"2019-12-12T09:51:49","modified_gmt":"2019-12-12T08:51:49","slug":"julemesser-i-st-ansgar-2019-2","status":"publish","type":"post","link":"https:\/\/stansgar.katolsk.no\/?p=6575","title":{"rendered":"Julemesser i St. Ansgar 2019"},"content":{"rendered":"<p style=\"text-align: center\"><a href=\"http:\/\/stansgar.blogspot.com\/2014\/12\/julen-2014-i-stansgar.html\"><span style=\"font-family:Times New Roman;font-size:12pt\"><strong>JULEMESSER 2019 I ST.ANSGAR<\/strong><\/span><\/a><span style=\"font-family:Times New Roman;font-size:12pt\"><strong><br \/>\n\t\t\t<\/strong><\/span><\/p>\n<div>\n<table style=\"border-collapse:collapse\" border=\"0\">\n<colgroup>\n<col style=\"width:104px\" \/>\n<col style=\"width:472px\" \/><\/colgroup>\n<tbody valign=\"top\">\n<tr>\n<td colspan=\"2\" style=\"padding-left: 7px;padding-right: 7px\">\n<p><span style=\"font-family:Times New Roman;font-size:12pt\"><strong>Julaften, tirsdag 24. desember<\/strong><\/span><\/p>\n<\/td>\n<\/tr>\n<tr>\n<td style=\"padding-left: 7px;padding-right: 7px\">\n<p><span style=\"font-family:Times New Roman;font-size:12pt\">kl. 15.00<\/span><\/p>\n<\/td>\n<td style=\"padding-left: 7px;padding-right: 7px\">\n<p><span style=\"font-family:Times New Roman;font-size:12pt\">Barnemesse<\/span><\/p>\n<\/td>\n<\/tr>\n<tr>\n<td style=\"padding-left: 7px;padding-right: 7px\">\n<p><span style=\"font-family:Times New Roman;font-size:12pt\">kl. 17.00<\/span><\/p>\n<\/td>\n<td style=\"padding-left: 7px;padding-right: 7px\">\n<p><span style=\"font-family:Times New Roman;font-size:12pt\">Messe p\u00e5 vietnamesisk<\/span><\/p>\n<\/td>\n<\/tr>\n<tr>\n<td style=\"padding-left: 7px;padding-right: 7px\">\n<p><span style=\"font-family:Times New Roman;font-size:12pt\">kl. 23.00<\/span><\/p>\n<\/td>\n<td style=\"padding-left: 7px;padding-right: 7px\">\n<p><span style=\"font-family:Times New Roman;font-size:12pt\">Midnattsmessen<\/span><\/p>\n<\/td>\n<\/tr>\n<tr>\n<td colspan=\"2\" style=\"padding-left: 7px;padding-right: 7px\">\u00a0<\/td>\n<\/tr>\n<tr>\n<td colspan=\"2\" style=\"padding-left: 7px;padding-right: 7px\">\n<p><span style=\"font-family:Times New Roman;font-size:12pt\"><strong>Juledagen, onsdag 25. desember<\/strong><\/span><\/p>\n<\/td>\n<\/tr>\n<tr>\n<td colspan=\"2\" style=\"padding-left: 7px;padding-right: 7px\">\u00a0<\/td>\n<\/tr>\n<tr>\n<td style=\"padding-left: 7px;padding-right: 7px\">\n<p><span style=\"font-family:Times New Roman;font-size:12pt\">kl. 09.00<\/span><\/p>\n<\/td>\n<td style=\"padding-left: 7px;padding-right: 7px\">\n<p><span style=\"font-family:Times New Roman;font-size:12pt\">Messe p\u00e5 polsk<\/span><\/p>\n<\/td>\n<\/tr>\n<tr>\n<td style=\"padding-left: 7px;padding-right: 7px\">\n<p><span style=\"font-family:Times New Roman;font-size:12pt\">kl. 11.00<\/span><\/p>\n<\/td>\n<td style=\"padding-left: 7px;padding-right: 7px\">\n<p><span style=\"font-family:Times New Roman;font-size:12pt\">Juledagens H\u00f8ymesse<\/span><\/p>\n<\/td>\n<\/tr>\n<tr>\n<td style=\"padding-left: 7px;padding-right: 7px\">\n<p><span style=\"font-family:Times New Roman;font-size:12pt\">kl. 13.00<\/span><\/p>\n<\/td>\n<td style=\"padding-left: 7px;padding-right: 7px\">\n<p><span style=\"font-family:Times New Roman;font-size:12pt\">Messe p\u00e5 vietnamesisk<\/span><\/p>\n<\/td>\n<\/tr>\n<tr>\n<td colspan=\"2\" style=\"padding-left: 7px;padding-right: 7px\">\u00a0<\/td>\n<\/tr>\n<tr>\n<td colspan=\"2\" style=\"padding-left: 7px;padding-right: 7px\">\n<p><span style=\"font-family:Times New Roman;font-size:12pt\"><strong>2. juledag, torsdag 26. desember, St. Stefanus<\/strong><\/span><\/p>\n<\/td>\n<\/tr>\n<tr>\n<td style=\"padding-left: 7px;padding-right: 7px\">\n<p><span style=\"font-family:Times New Roman;font-size:12pt\">kl. 09.00<\/span><\/p>\n<\/td>\n<td style=\"padding-left: 7px;padding-right: 7px\">\n<p><span style=\"font-family:Times New Roman;font-size:12pt\">Messe p\u00e5 polsk<\/span><\/p>\n<\/td>\n<\/tr>\n<tr>\n<td style=\"padding-left: 7px;padding-right: 7px\">\n<p><span style=\"font-family:Times New Roman;font-size:12pt\">kl. 11.00<\/span><\/p>\n<\/td>\n<td style=\"padding-left: 7px;padding-right: 7px\">\n<p><span style=\"font-family:Times New Roman;font-size:12pt\">Messe p\u00e5 norsk<\/span><\/p>\n<\/td>\n<\/tr>\n<tr>\n<td style=\"padding-left: 7px;padding-right: 7px\">\n<p><span style=\"font-family:Times New Roman;font-size:12pt\">kl. 15.00<\/span><\/p>\n<\/td>\n<td style=\"padding-left: 7px;padding-right: 7px\">\n<p><span style=\"font-family:Times New Roman;font-size:12pt\">Messe p\u00e5 litauisk<\/span><\/p>\n<\/td>\n<\/tr>\n<tr>\n<td style=\"padding-left: 7px;padding-right: 7px\">\u00a0<\/td>\n<td style=\"padding-left: 7px;padding-right: 7px\">\u00a0<\/td>\n<\/tr>\n<tr>\n<td colspan=\"2\" style=\"padding-left: 7px;padding-right: 7px\">\n<p><span style=\"font-family:Times New Roman;font-size:12pt\"><strong>L\u00f8rdag 28. desember<\/strong><\/span><\/p>\n<\/td>\n<\/tr>\n<tr>\n<td style=\"padding-left: 7px;padding-right: 7px\">\n<p><span style=\"font-family:Times New Roman;font-size:12pt\">kl. 13.00<\/span><\/p>\n<\/td>\n<td style=\"padding-left: 7px;padding-right: 7px\">\n<p><span style=\"font-family:Times New Roman;font-size:12pt\">Messe <\/span><\/p>\n<\/td>\n<\/tr>\n<tr>\n<td style=\"padding-left: 7px;padding-right: 7px\">\n<p><span style=\"font-family:Times New Roman;font-size:12pt\">kl. 18.00<\/span><\/p>\n<\/td>\n<td style=\"padding-left: 7px;padding-right: 7px\">\n<p><span style=\"font-family:Times New Roman;font-size:12pt\">Messe p\u00e5 polsk<\/span><\/p>\n<\/td>\n<\/tr>\n<tr>\n<td style=\"padding-left: 7px;padding-right: 7px\">\n<p><span style=\"font-family:Times New Roman;font-size:12pt\">kl. 14.00<\/span><\/p>\n<\/td>\n<td style=\"padding-left: 7px;padding-right: 7px\">\n<p><span style=\"font-family:Times New Roman;font-size:12pt\"><strong>Messe i Sta. Katarina kapell, Vetlandsveien 167, 4560 Vanse<\/strong><\/span><\/p>\n<\/td>\n<\/tr>\n<tr>\n<td style=\"padding-left: 7px;padding-right: 7px\">\n<p><span style=\"font-family:Times New Roman;font-size:12pt\">kl. 17.00<\/span><\/p>\n<\/td>\n<td style=\"padding-left: 7px;padding-right: 7px\">\n<p><span style=\"font-family:Times New Roman;font-size:12pt\">Messe i Flekkefjord<\/span><\/p>\n<\/td>\n<\/tr>\n<tr>\n<td style=\"padding-left: 7px;padding-right: 7px\">\n<p><span style=\"font-family:Times New Roman;font-size:12pt\">kl. 14.00<\/span><\/p>\n<\/td>\n<td style=\"padding-left: 7px;padding-right: 7px\">\n<p><span style=\"font-family:Times New Roman;font-size:12pt\">Messe p\u00e5 filippinsk<\/span><\/p>\n<\/td>\n<\/tr>\n<tr>\n<td style=\"padding-left: 7px;padding-right: 7px\">\n<p><span style=\"font-family:Times New Roman;font-size:12pt\">kl. 16.00<\/span><\/p>\n<\/td>\n<td style=\"padding-left: 7px;padding-right: 7px\">\n<p><span style=\"font-family:Times New Roman;font-size:12pt\">Messe p\u00e5 fransk<\/span><\/p>\n<\/td>\n<\/tr>\n<tr>\n<td colspan=\"2\" style=\"padding-left: 7px;padding-right: 7px\">\u00a0<\/td>\n<\/tr>\n<tr>\n<td colspan=\"2\" style=\"padding-left: 7px;padding-right: 7px\">\n<p><span style=\"font-family:Times New Roman;font-size:12pt\"><strong>S\u00f8ndag, 29. desember, Den hellige familie<\/strong><\/span><\/p>\n<\/td>\n<\/tr>\n<tr>\n<td style=\"padding-left: 7px;padding-right: 7px\">\n<p><span style=\"font-family:Times New Roman;font-size:12pt\">kl. 09.00<\/span><\/p>\n<\/td>\n<td style=\"padding-left: 7px;padding-right: 7px\">\n<p><span style=\"font-family:Times New Roman;font-size:12pt\">Messe p\u00e5 polsk<\/span><\/p>\n<\/td>\n<\/tr>\n<tr>\n<td style=\"padding-left: 7px;padding-right: 7px\">\n<p><span style=\"font-family:Times New Roman;font-size:12pt\">kl. 11.00<\/span><\/p>\n<\/td>\n<td style=\"padding-left: 7px;padding-right: 7px\">\n<p><span style=\"font-family:Times New Roman;font-size:12pt\">H\u00f8ymesse<\/span><\/p>\n<\/td>\n<\/tr>\n<tr>\n<td style=\"padding-left: 7px;padding-right: 7px\">\n<p><span style=\"font-family:Times New Roman;font-size:12pt\">kl. 13.00<\/span><\/p>\n<\/td>\n<td style=\"padding-left: 7px;padding-right: 7px\">\n<p><span style=\"font-family:Times New Roman;font-size:12pt\">Messe p\u00e5 vietnamesisk<\/span><\/p>\n<\/td>\n<\/tr>\n<tr>\n<td style=\"padding-left: 7px;padding-right: 7px\">\u00a0<\/td>\n<td style=\"padding-left: 7px;padding-right: 7px\">\u00a0<\/td>\n<\/tr>\n<tr>\n<td colspan=\"2\" style=\"padding-left: 7px;padding-right: 7px\">\n<p><span style=\"font-family:Times New Roman;font-size:12pt\"><strong>Nytt\u00e5rsaften, tirsdag 31. desember<\/strong><\/span><\/p>\n<\/td>\n<\/tr>\n<tr>\n<td style=\"padding-left: 7px;padding-right: 7px\">\n<p><span style=\"font-family:Times New Roman;font-size:12pt\">kl. 16.00<\/span><\/p>\n<\/td>\n<td style=\"padding-left: 7px;padding-right: 7px\">\n<p><span style=\"font-family:Times New Roman;font-size:12pt\">Takkemesse for \u00e5ret som har g\u00e5tt<\/span><\/p>\n<\/td>\n<\/tr>\n<tr style=\"height: 13px\">\n<td colspan=\"2\" style=\"padding-left: 7px;padding-right: 7px\">\u00a0<\/td>\n<\/tr>\n<tr>\n<td colspan=\"2\" style=\"padding-left: 7px;padding-right: 7px\">\n<p><span style=\"font-family:Times New Roman;font-size:12pt\"><strong>Nytt\u00e5rsdag, onsdag 1. januar, Guds hellige Mor Maria<\/strong><\/span><\/p>\n<\/td>\n<\/tr>\n<tr>\n<td style=\"padding-left: 7px;padding-right: 7px\">\n<p><span style=\"font-family:Times New Roman;font-size:12pt\">kl. 11.00<\/span><\/p>\n<\/td>\n<td style=\"padding-left: 7px;padding-right: 7px\">\n<p><span style=\"font-family:Times New Roman;font-size:12pt\">H\u00f8ymesse<\/span><\/p>\n<\/td>\n<\/tr>\n<tr>\n<td style=\"padding-left: 7px;padding-right: 7px\">\n<p><span style=\"font-family:Times New Roman;font-size:12pt\">kl. 13.00<\/span><\/p>\n<\/td>\n<td style=\"padding-left: 7px;padding-right: 7px\">\n<p><span style=\"font-family:Times New Roman;font-size:12pt\">Messe p\u00e5 vietnamesisk<\/span><\/p>\n<\/td>\n<\/tr>\n<tr>\n<td style=\"padding-left: 7px;padding-right: 7px\">\n<p><span style=\"font-family:Times New Roman;font-size:12pt\">kl. 18.00<\/span><\/p>\n<\/td>\n<td style=\"padding-left: 7px;padding-right: 7px\">\n<p><span style=\"font-family:Times New Roman;font-size:12pt\">Messe p\u00e5 polsk<\/span><\/p>\n<\/td>\n<\/tr>\n<tr>\n<td style=\"padding-left: 7px;padding-right: 7px\">\u00a0<\/td>\n<td style=\"padding-left: 7px;padding-right: 7px\">\u00a0<\/td>\n<\/tr>\n<tr style=\"height: 22px\">\n<td colspan=\"2\" style=\"padding-left: 7px;padding-right: 7px\">\n<p><span style=\"font-family:Times;font-size:12pt\"><strong>2. s\u00f8ndag etter jul, s\u00f8ndag 5. januar<\/strong><\/span><\/p>\n<\/td>\n<\/tr>\n<tr>\n<td style=\"padding-left: 7px;padding-right: 7px\">\n<p><span style=\"font-family:Times New Roman;font-size:12pt\">kl. 09.00<\/span><\/p>\n<\/td>\n<td style=\"padding-left: 7px;padding-right: 7px\">\n<p><span style=\"font-family:Times New Roman;font-size:12pt\">Messe p\u00e5 polsk<\/span><\/p>\n<\/td>\n<\/tr>\n<tr>\n<td style=\"padding-left: 7px;padding-right: 7px\">\n<p><span style=\"font-family:Times New Roman;font-size:12pt\">kl. 11.00<\/span><\/p>\n<\/td>\n<td style=\"padding-left: 7px;padding-right: 7px\">\n<p><span style=\"font-family:Times New Roman;font-size:12pt\">H\u00f8ymesse<\/span><\/p>\n<\/td>\n<\/tr>\n<tr>\n<td style=\"padding-left: 7px;padding-right: 7px\">\n<p><span style=\"font-family:Times New Roman;font-size:12pt\">kl. 13.00<\/span><\/p>\n<\/td>\n<td style=\"padding-left: 7px;padding-right: 7px\">\n<p><span style=\"font-family:Times New Roman;font-size:12pt\">Messe p\u00e5 vietnamesisk<\/span><\/p>\n<\/td>\n<\/tr>\n<tr>\n<td colspan=\"2\" style=\"padding-left: 7px;padding-right: 7px\">\u00a0<\/td>\n<\/tr>\n<tr>\n<td colspan=\"2\" style=\"padding-left: 7px;padding-right: 7px\">\n<p><span style=\"font-family:Times;font-size:12pt\"><strong>Herrens \u00e5penbaring (Epifania), mandag 6. januar<\/strong><\/span><\/p>\n<\/td>\n<\/tr>\n<tr>\n<td style=\"padding-left: 7px;padding-right: 7px\">\n<p><span style=\"font-family:Times New Roman;font-size:12pt\">kl. 18.00<\/span><\/p>\n<\/td>\n<td style=\"padding-left: 7px;padding-right: 7px\">\n<p><span style=\"font-family:Times New Roman;font-size:12pt\">H\u00f8ymesse<\/span><\/p>\n<\/td>\n<\/tr>\n<\/tbody>\n<\/table>\n<\/div>\n","protected":false},"excerpt":{"rendered":"<p>JULEMESSER 2019 I ST.ANSGAR Julaften, tirsdag 24. desember kl. 15.00 Barnemesse kl. 17.00 Messe p\u00e5 vietnamesisk kl. 23.00 Midnattsmessen \u00a0 Juledagen, onsdag 25. desember \u00a0 kl. 09.00 Messe p\u00e5 polsk kl. 11.00 Juledagens H\u00f8ymesse kl. 13.00 Messe p\u00e5 vietnamesisk \u00a0&#8230;<br \/><a class=\"read-more-button\" href=\"https:\/\/stansgar.katolsk.no\/?p=6575\">Read more<\/a><\/p>\n","protected":false},"author":5,"featured_media":0,"comment_status":"open","ping_status":"open","sticky":false,"template":"","format":"standard","meta":{"footnotes":""},"categories":[204],"tags":[],"class_list":["post-6575","post","type-post","status-publish","format-standard","hentry","category-ukategorisert-nb"],"_links":{"self":[{"href":"https:\/\/stansgar.katolsk.no\/index.php?rest_route=\/wp\/v2\/posts\/6575","targetHints":{"allow":["GET"]}}],"collection":[{"href":"https:\/\/stansgar.katolsk.no\/index.php?rest_route=\/wp\/v2\/posts"}],"about":[{"href":"https:\/\/stansgar.katolsk.no\/index.php?rest_route=\/wp\/v2\/types\/post"}],"author":[{"embeddable":true,"href":"https:\/\/stansgar.katolsk.no\/index.php?rest_route=\/wp\/v2\/users\/5"}],"replies":[{"embeddable":true,"href":"https:\/\/stansgar.katolsk.no\/index.php?rest_route=%2Fwp%2Fv2%2Fcomments&post=6575"}],"version-history":[{"count":1,"href":"https:\/\/stansgar.katolsk.no\/index.php?rest_route=\/wp\/v2\/posts\/6575\/revisions"}],"predecessor-version":[{"id":6576,"href":"https:\/\/stansgar.katolsk.no\/index.php?rest_route=\/wp\/v2\/posts\/6575\/revisions\/6576"}],"wp:attachment":[{"href":"https:\/\/stansgar.katolsk.no\/index.php?rest_route=%2Fwp%2Fv2%2Fmedia&parent=6575"}],"wp:term":[{"taxonomy":"category","embeddable":true,"href":"https:\/\/stansgar.katolsk.no\/index.php?rest_route=%2Fwp%2Fv2%2Fcategories&post=6575"},{"taxonomy":"post_tag","embeddable":true,"href":"https:\/\/stansgar.katolsk.no\/index.php?rest_route=%2Fwp%2Fv2%2Ftags&post=6575"}],"curies":[{"name":"wp","href":"https:\/\/api.w.org\/{rel}","templated":true}]}}