{"id":6539,"date":"2019-11-26T08:29:27","date_gmt":"2019-11-26T07:29:27","guid":{"rendered":"http:\/\/stansgar.katolsk.no\/?p=6539"},"modified":"2019-11-26T08:32:14","modified_gmt":"2019-11-26T07:32:14","slug":"referat-menighetsradsmote-20-11-19","status":"publish","type":"post","link":"https:\/\/stansgar.katolsk.no\/?p=6539","title":{"rendered":"Referat menighetsr\u00e5dsm\u00f8te 20.11.19"},"content":{"rendered":"\n<p>M\u00f8te i St. Ansgar menighetsr\u00e5d i Kiga onsdag 20.11.19 kl. 1845<\/p>\n\n\n\n<p>Tilstede&nbsp;&nbsp;&nbsp;&nbsp;&nbsp;&nbsp;&nbsp;&nbsp;&nbsp;&nbsp;&nbsp;&nbsp;&nbsp;&nbsp; P. Quang Tien Dang, P. Dawid Banas, Luan Van Nguyen,    Tinh Van Doan, John Arngrim Hunnes, Daniel Habtay, Ane Ugland Alb\u00e6k<\/p>\n\n\n\n<p>Ikke tilstede &nbsp;&nbsp;&nbsp;&nbsp; Joanna\nRodziewicz, Wlodzimierz Dyzma, Xuat Minh Dang, Kristian Teofilovic, Jocelyn Augland<\/p>\n\n\n\n<p><strong>Sak 41\/19 Godkjenning av innkallelse og saksliste<\/strong><\/p>\n\n\n\n<p>Innkalling og saksliste godkjent.<\/p>\n\n\n\n<p><strong>Sak 42\/19 Informasjon<\/strong><\/p>\n\n\n\n<p>V\u00e5r\nnye menighetssekret\u00e6r, Elzbieta Klamrowska, har takket ja til stillingen og\nbegynner 1. januar. Vi lager en plan for hennes oppl\u00e6ring i samarbeid med\nRagnhild.<\/p>\n\n\n\n<p>Den\nnye Caritas-gruppen er konstituert og har valgt Mogens Alb\u00e6k som sin\nkoordinator. De vil lage en plan for neste \u00e5rs Caritas-arbeid som vil bli\ndr\u00f8ftet p\u00e5 menighetsr\u00e5dsm\u00f8tet 15. januar. <\/p>\n\n\n\n<p>Trosfordypningskvelder\nfor menighetens medlemmer er planlagt og i gang. Vi h\u00e5per dette vil bli et\ntiltak som samler mange i menigheten og bygger fellesskap, samtidig som det\nstyrker oss i troen.<\/p>\n\n\n\n<p>Pastoralsr\u00e5dsm\u00f8te\n25-27 oktober p\u00e5 Mariaholm inneholdt som vanlig orientering fra OKB. Sentral\ninformasjon: OKB melder om betydelige \u00f8konomiske instramminger p\u00e5 grunn av\ntilbakebetalinger etter medlemssaken. Prestene endrer sitt l\u00f8nnssystem slik at naturalia-l\u00f8nn\n(ex losji og bil) omgj\u00f8res til ordin\u00e6r l\u00f8nn hvorav de betaler f.eks husleie. Dette\ner pga UDIs krav til minstel\u00f8nn for arbeidsinnvandrere. Nytt kull diakonutdannelse\np\u00e5 deltid starter etter nytt\u00e5r. Prestene oppfordres til \u00e5 finne egnede\nkandidater.<\/p>\n\n\n\n<p><strong>Sak 35\/19 Mandat for menighetsr\u00e5det<\/strong><\/p>\n\n\n\n<p>Foresl\u00e5tte mandat ble vedtatt med en tilf\u00f8yelse: at menighetsr\u00e5det har et\ns\u00e6rlig ansvar for barne-og ungdomsarbeidet.<\/p>\n\n\n\n<p><strong>Sak 36\/19 Giverkampanje i menighet<\/strong><\/p>\n\n\n\n<p>Menigheten har fortsatt et\nbyggel\u00e5n p\u00e5 ca 14,5 millioner kroner. Bare renter og avdrag p\u00e5 dette l\u00e5net\nutgj\u00f8r ca 95,000 kr i m\u00e5nedlige utgifter for menigheten. Samtidig f\u00e5r vi lavere\ninntekter fra offentlig st\u00f8tte som resultat av tilbakebetaling etter\nmedlemssaken. Faste bidrag (avtalegiro) til byggel\u00e5net har falt betydelig de\nsiste \u00e5rene og i tillegg synker kollektbidragene.<\/p>\n\n\n\n<p>Finansr\u00e5det har tatt initiativ\ntil \u00e5 organisere en giveraksjon for \u00e5 rekruttere flere faste givere til \u00e5 dekke\nmenighetens byggel\u00e5n. Dersom alle medlemmer bidrar med litt hver vil vi kunne\nbetale v\u00e5re faste utgifter og kanskje ogs\u00e5 betale ned l\u00e5net slik at vi slipper\nde h\u00f8ye rentekostnadene.<\/p>\n\n\n\n<p>Vedtak: finansr\u00e5det tar initiativ\ntil \u00e5 lage plakater og flyers med informasjon om kampanjen og hvordan man blir\ngiver. Vi (Ane) legger ut informasjon p\u00e5 menighetens nettside. I tillegg f\u00e5r vi\nhjelp til \u00e5 oversette informasjonen til ulike spr\u00e5k. Id\u00e9 til neste \u00e5r er\nkalenderlotteri.<\/p>\n\n\n\n<p><strong>Sak 38\/19 Vedlikehold, rydding og nedvasking i Kiga\/kirken. Avtale tidspunkt og ansvarlige.<\/strong><\/p>\n\n\n\n<p>Vedtak fra sist: Det skal arrangeres et felles m\u00f8te om vasking med alle\nsom leier Kiga fast. P\u00e5 m\u00f8tet skal det tas opp dugnad, nytt reglement (m\/\nsanksjoner), dugnadskomit\u00e9, pris for privat leie. I tillegg skal alle grupper\nsom leie Kiga eller ungdomskjelleren sette opp 2 kontaktpersoner som er\nansvarlige for rydding\/vasking etter bruk. Det vil etter m\u00f8tet ikke lenger v\u00e6re\nanledning til \u00e5 leie f\u00f8r vi har f\u00e5tt p\u00e5 plass kontaktpersonene!<\/p>\n\n\n\n<p>N\u00e5r det gjelder vasking etter katekesen skal det settes opp plan for\nvasking etter rulleringsprinsippet slik at arbeidet fordeles p\u00e5 flere mennesker.<\/p>\n\n\n\n<p>Vedtak: vi (P Tien og Ane) nedsetter en dugnadskommit\u00e9 som innkaller til\ndette m\u00f8tet i januar.<\/p>\n\n\n\n<p><strong>Sak 39\/19 Innkj\u00f8p av utstyr til kj\u00f8kkenet i Kiga<\/strong><\/p>\n\n\n\n<p>Vedtak: vi (Luan) kj\u00f8per inn 3\ndoble vaffeljern, 6 store pumpekanner til kaffe og en h\u00e5ndmikser snarest. Dette\nfor \u00e5 forenkle servering i kirkekaffe og for \u00e5 sikre utstyr til ungdommenes arbeid\nfor adventsaksjonen.<\/p>\n\n\n\n<p><strong>Sak 43\/19 Julefeiring i St Ansgar<\/strong><\/p>\n\n\n\n<p>Julekrybben i kirken har v\u00e6rt uendret i mange \u00e5r. Dersom det er en\nnasjonal gruppe som \u00f8nsker \u00e5 ta ansvar for \u00e5 sette opp julekrybbe i kirken i \u00e5r\nkan de si fra. De kan da bruke alt, noe eller ingenting av den krybben vi har,\nlage alt selv, og de kan pynte som de selv \u00f8nsker.<\/p>\n\n\n\n<p>Vi inviterer alle til \u00e5 pynte Kiga med julekrybber fra ulike land. Og vi (Tinh)\nordner juletre i Kiga, og vi organiserer juleoverraskelse til katekesen.<\/p>\n\n\n\n<p>Fredag 13. desember arrangerer vi julebord for representanter for grupper\ni menigheten.<\/p>\n\n\n\n<p>Kateketene vil ha juleavslutning etter katekesemessen som i fjor.<\/p>\n\n\n\n<p><strong>Sak 44\/19 Feiring av St. Ansgar menighetens helgen 1.februar?<\/strong><\/p>\n\n\n\n<p>Vi \u00f8nsker \u00e5 arrangere fest for alle menighetens medlemmer i anledning feiringen\nav v\u00e5r skytshelgen St. Ansgar 1. februar. Siden dette er p\u00e5 vinteren m\u00e5 vi leie\net lokale som kan romme oss alle i byen. Vi begynner forsiktig planlegging og tar\nsikte p\u00e5 stor menighetsfest for St. Ansgar rundt 1. februar 2021.<\/p>\n\n\n\n<p><strong>Sak 45\/19 M\u00f8teplan v\u00e5ren 2020<\/strong><\/p>\n\n\n\n<p>M\u00f8teplan vedtatt: <\/p>\n\n\n\n<p>Onsdag 15.januar<\/p>\n\n\n\n<p>Onsdag 11. mars<\/p>\n\n\n\n<p>Onsdag 22. april<\/p>\n\n\n\n<p>Onsdag 20 mai. Med nasjonale grupper (planlegge Corpus Christi og internasjonal dag)<\/p>\n\n\n\n<p><strong>Sak 46\/19 Eventuelt<\/strong><\/p>\n\n\n\n<p>Vi f\u00e5r en oppdatering om hvordan\ndet g\u00e5r med SAUL. Luan van Ngyen og Marit Hunnes er voksenleder og skal hjelpe ungdommene\nmed \u00e5 komme i gang og med driften av SAUL. De har n\u00e5 f\u00e5tt 7 ungdommer til \u00e5\nv\u00e6re ledere. De planlegger 1 m\u00f8te i m\u00e5neden for \u00e5 sikre at alle samlingene blir\ngodt planlagt og har h\u00f8y kvalitet. SAUL har begrensede midler n\u00e5 p\u00e5 grunn av lav\naktivitet og manglende s\u00f8knad om offentlige midler. Nye SAUL planlegger\noppstart etter nytt\u00e5r. De vil likevel bidra aktivt til \u00e5rets adventsaksjon. Vi oppfordrer\nalle til \u00e5 st\u00f8tte dem og \u00e5 handle ved deres vaffelbord i Markens l\u00f8rdager i\ndesember.<\/p>\n\n\n\n<p>Vedtak: Menigheten bidrar med\nmidler for \u00e5 sikre videre drift av SAUL.<\/p>\n\n\n\n<p>Forslag om \u00e5 etablere en\nforslagskasse til menighetsr\u00e5det. Vi pr\u00f8ver gjerne det.<\/p>\n\n\n\n<p>\u00d8nske om at nettsiden har en\noversikt over kontaktpersoner i alle grupper i menigheten.<\/p>\n\n\n\n<p>Forslag om en ekstra kalender p\u00e5\nnettsiden med oversikt over booking\/bruk av menighetens lokaler. God id\u00e9. Vi ser\np\u00e5 dette etter nytt\u00e5r.<\/p>\n\n\n\n<p>Ane Ugland Alb\u00e6k<br>\nSign.<\/p>\n","protected":false},"excerpt":{"rendered":"<p>M\u00f8te i St. Ansgar menighetsr\u00e5d i Kiga onsdag 20.11.19 kl. 1845 Tilstede&nbsp;&nbsp;&nbsp;&nbsp;&nbsp;&nbsp;&nbsp;&nbsp;&nbsp;&nbsp;&nbsp;&nbsp;&nbsp;&nbsp; P. Quang Tien Dang, P. Dawid Banas, Luan Van Nguyen, Tinh Van Doan, John Arngrim Hunnes, Daniel Habtay, Ane Ugland Alb\u00e6k Ikke tilstede &nbsp;&nbsp;&nbsp;&nbsp; Joanna Rodziewicz, Wlodzimierz Dyzma,&#8230;<br \/><a class=\"read-more-button\" href=\"https:\/\/stansgar.katolsk.no\/?p=6539\">Read more<\/a><\/p>\n","protected":false},"author":1,"featured_media":0,"comment_status":"open","ping_status":"open","sticky":false,"template":"","format":"standard","meta":{"footnotes":""},"categories":[204],"tags":[],"class_list":["post-6539","post","type-post","status-publish","format-standard","hentry","category-ukategorisert-nb"],"_links":{"self":[{"href":"https:\/\/stansgar.katolsk.no\/index.php?rest_route=\/wp\/v2\/posts\/6539","targetHints":{"allow":["GET"]}}],"collection":[{"href":"https:\/\/stansgar.katolsk.no\/index.php?rest_route=\/wp\/v2\/posts"}],"about":[{"href":"https:\/\/stansgar.katolsk.no\/index.php?rest_route=\/wp\/v2\/types\/post"}],"author":[{"embeddable":true,"href":"https:\/\/stansgar.katolsk.no\/index.php?rest_route=\/wp\/v2\/users\/1"}],"replies":[{"embeddable":true,"href":"https:\/\/stansgar.katolsk.no\/index.php?rest_route=%2Fwp%2Fv2%2Fcomments&post=6539"}],"version-history":[{"count":3,"href":"https:\/\/stansgar.katolsk.no\/index.php?rest_route=\/wp\/v2\/posts\/6539\/revisions"}],"predecessor-version":[{"id":6542,"href":"https:\/\/stansgar.katolsk.no\/index.php?rest_route=\/wp\/v2\/posts\/6539\/revisions\/6542"}],"wp:attachment":[{"href":"https:\/\/stansgar.katolsk.no\/index.php?rest_route=%2Fwp%2Fv2%2Fmedia&parent=6539"}],"wp:term":[{"taxonomy":"category","embeddable":true,"href":"https:\/\/stansgar.katolsk.no\/index.php?rest_route=%2Fwp%2Fv2%2Fcategories&post=6539"},{"taxonomy":"post_tag","embeddable":true,"href":"https:\/\/stansgar.katolsk.no\/index.php?rest_route=%2Fwp%2Fv2%2Ftags&post=6539"}],"curies":[{"name":"wp","href":"https:\/\/api.w.org\/{rel}","templated":true}]}}