{"id":6484,"date":"2019-10-25T13:50:00","date_gmt":"2019-10-25T11:50:00","guid":{"rendered":"http:\/\/stansgar.katolsk.no\/?p=6484"},"modified":"2019-10-25T13:50:00","modified_gmt":"2019-10-25T11:50:00","slug":"kunngjoring-27-oktober","status":"publish","type":"post","link":"https:\/\/stansgar.katolsk.no\/?p=6484","title":{"rendered":"Kunngj\u00f8ring 27. oktober"},"content":{"rendered":"<p><span style=\"font-family:Times New Roman;font-size:12pt\">\u00a0\u00a0\u00a0\u00a0\u00a0\u00a0\u00a0\u00a0 <strong>KUNNGJ\u00d8RINGER S\u00d8NDAG 27. OKTOBER 2019<br \/>\n<\/strong><\/span><\/p>\n<p style=\"margin-left: 106pt\">\n\u00a0<\/p>\n<div style=\"margin-left: 13pt\">\n<table style=\"border-collapse:collapse\" border=\"0\">\n<colgroup>\n<col style=\"width:67px\" \/>\n<col style=\"width:56px\" \/>\n<col style=\"width:31px\" \/>\n<col style=\"width:64px\" \/>\n<col style=\"width:444px\" \/><\/colgroup>\n<tbody valign=\"top\">\n<tr style=\"height: 25px\">\n<td style=\"padding-left: 7px;padding-right: 7px\">\n<p><span style=\"font-family:Times New Roman;font-size:12pt\">Tirsdag<\/span><\/p>\n<\/td>\n<td style=\"padding-left: 7px;padding-right: 7px\">\n<p><span style=\"font-family:Times New Roman;font-size:12pt\">29.10.<\/span><\/p>\n<\/td>\n<td style=\"padding-left: 7px;padding-right: 7px\">\n<p><span style=\"font-family:Times New Roman;font-size:12pt\">kl.<\/span><\/p>\n<\/td>\n<td style=\"padding-left: 7px;padding-right: 7px\">\n<p><span style=\"font-family:Times New Roman;font-size:12pt\">17.30<\/span><\/p>\n<\/td>\n<td style=\"padding-left: 7px;padding-right: 7px\">\n<p><span style=\"font-family:Times New Roman;font-size:12pt\">Vesper<\/span><\/p>\n<\/td>\n<\/tr>\n<tr style=\"height: 25px\">\n<td style=\"padding-left: 7px;padding-right: 7px\">\u00a0<\/td>\n<td style=\"padding-left: 7px;padding-right: 7px\">\u00a0<\/td>\n<td style=\"padding-left: 7px;padding-right: 7px\">\n<p><span style=\"font-family:Times New Roman;font-size:12pt\">kl.<\/span><\/p>\n<\/td>\n<td style=\"padding-left: 7px;padding-right: 7px\">\n<p><span style=\"font-family:Times New Roman;font-size:12pt\">18.00<\/span><\/p>\n<\/td>\n<td style=\"padding-left: 7px;padding-right: 7px\">\n<p><span style=\"font-family:Times New Roman;font-size:12pt\">Messe &#8211; etterfulgt av sakramentstilbedelse<\/span><\/p>\n<\/td>\n<\/tr>\n<tr style=\"height: 25px\">\n<td style=\"padding-left: 7px;padding-right: 7px\">\n<p><span style=\"font-family:Times New Roman;font-size:12pt\">Onsdag<\/span><\/p>\n<\/td>\n<td style=\"padding-left: 7px;padding-right: 7px\">\n<p><span style=\"font-family:Times New Roman;font-size:12pt\">30.10.<\/span><\/p>\n<\/td>\n<td style=\"padding-left: 7px;padding-right: 7px\">\n<p><span style=\"font-family:Times New Roman;font-size:12pt\">kl. <\/span><\/p>\n<\/td>\n<td style=\"padding-left: 7px;padding-right: 7px\">\n<p><span style=\"font-family:Times New Roman;font-size:12pt\">18.00<\/span><\/p>\n<\/td>\n<td style=\"padding-left: 7px;padding-right: 7px\">\n<p><span style=\"font-family:Times New Roman;font-size:12pt\">Messe<\/span><\/p>\n<\/td>\n<\/tr>\n<tr style=\"height: 24px\">\n<td style=\"padding-left: 7px;padding-right: 7px\">\n<p><span style=\"font-family:Times New Roman;font-size:12pt\">Torsdag<\/span><\/p>\n<\/td>\n<td style=\"padding-left: 7px;padding-right: 7px\">\n<p><span style=\"font-family:Times New Roman;font-size:12pt\">31.10.<\/span><\/p>\n<\/td>\n<td style=\"padding-left: 7px;padding-right: 7px\">\n<p><span style=\"font-family:Times New Roman;font-size:12pt\">kl.<\/span><\/p>\n<\/td>\n<td style=\"padding-left: 7px;padding-right: 7px\">\n<p><span style=\"font-family:Times New Roman;font-size:12pt\">11.00<\/span><\/p>\n<\/td>\n<td style=\"padding-left: 7px;padding-right: 7px\">\n<p><span style=\"font-family:Times New Roman;font-size:12pt\">Messe &#8211; etterfulgt av felles lunsj i Kiga. <\/span><\/p>\n<\/td>\n<\/tr>\n<tr style=\"height: 24px\">\n<td style=\"padding-left: 7px;padding-right: 7px\">\u00a0<\/td>\n<td style=\"padding-left: 7px;padding-right: 7px\">\u00a0<\/td>\n<td style=\"padding-left: 7px;padding-right: 7px\">\n<p><span style=\"font-family:Times New Roman;font-size:12pt\">kl.<\/span><\/p>\n<\/td>\n<td style=\"padding-left: 7px;padding-right: 7px\">\n<p><span style=\"font-family:Times New Roman;font-size:12pt\">18.00<\/span><\/p>\n<\/td>\n<td style=\"padding-left: 7px;padding-right: 7px\">\n<p><span style=\"font-family:Times New Roman;font-size:12pt\">Messe<\/span><\/p>\n<\/td>\n<\/tr>\n<tr>\n<td style=\"padding-left: 7px;padding-right: 7px\">\n<p><span style=\"font-family:Times New Roman;font-size:12pt\">Fredag<\/span><\/p>\n<\/td>\n<td style=\"padding-left: 7px;padding-right: 7px\">\n<p><span style=\"font-family:Times New Roman;font-size:12pt\">01.11.<\/span><\/p>\n<\/td>\n<td style=\"padding-left: 7px;padding-right: 7px\">\n<p><span style=\"font-family:Times New Roman;font-size:12pt\">kl.<\/span><\/p>\n<\/td>\n<td style=\"padding-left: 7px;padding-right: 7px\">\n<p><span style=\"font-family:Times New Roman;font-size:12pt\">18.00<\/span><\/p>\n<\/td>\n<td style=\"padding-left: 7px;padding-right: 7px\">\n<p><span style=\"font-family:Times New Roman;font-size:12pt\">H\u00f8ytid: ALLEHELGENSDAG<\/span><\/p>\n<\/td>\n<\/tr>\n<tr style=\"height: 27px\">\n<td style=\"padding-left: 7px;padding-right: 7px\">\n<p><span style=\"font-family:Times New Roman;font-size:12pt\">L\u00f8rdag<\/span><\/p>\n<\/td>\n<td style=\"padding-left: 7px;padding-right: 7px\">\n<p><span style=\"font-family:Times New Roman;font-size:12pt\">02.11.<\/span><\/p>\n<\/td>\n<td style=\"padding-left: 7px;padding-right: 7px\">\n<p><span style=\"font-family:Times New Roman;font-size:12pt\">kl.<\/span><\/p>\n<\/td>\n<td style=\"padding-left: 7px;padding-right: 7px\">\n<p><span style=\"font-family:Times New Roman;font-size:12pt\">13.00<\/span><\/p>\n<\/td>\n<td style=\"padding-left: 7px;padding-right: 7px\">\n<p style=\"margin-left: 106pt\"><span style=\"font-family:Times New Roman;font-size:12pt\">Requiemmesse: Allesjelersdag<\/span><\/p>\n<\/td>\n<\/tr>\n<tr style=\"height: 27px\">\n<td style=\"padding-left: 7px;padding-right: 7px\">\u00a0<\/td>\n<td style=\"padding-left: 7px;padding-right: 7px\">\u00a0<\/td>\n<td style=\"padding-left: 7px;padding-right: 7px\">\n<p><span style=\"font-family:Times New Roman;font-size:12pt\">kl.<\/span><\/p>\n<\/td>\n<td style=\"padding-left: 7px;padding-right: 7px\">\n<p><span style=\"font-family:Times New Roman;font-size:12pt\">18.00<\/span><\/p>\n<\/td>\n<td style=\"padding-left: 7px;padding-right: 7px\">\n<p style=\"margin-left: 106pt\"><span style=\"font-family:Times New Roman;font-size:12pt\">Messe p\u00e5 polsk<\/span><\/p>\n<\/td>\n<\/tr>\n<tr style=\"height: 25px\">\n<td style=\"padding-left: 7px;padding-right: 7px\">\n<p><span style=\"font-family:Times New Roman;font-size:12pt\">S\u00f8ndag<\/span><\/p>\n<\/td>\n<td style=\"padding-left: 7px;padding-right: 7px\">\n<p><span style=\"font-family:Times New Roman;font-size:12pt\">03.11.<\/span><\/p>\n<\/td>\n<td colspan=\"3\" style=\"padding-left: 7px;padding-right: 7px\">\n<p><span style=\"font-family:Times New Roman;font-size:12pt\">31. S\u00d8NDAG I DET ALMINNELIGE KIRKE\u00c5R<\/span><\/p>\n<\/td>\n<\/tr>\n<tr style=\"height: 33px\">\n<td style=\"padding-left: 7px;padding-right: 7px\">\u00a0<\/td>\n<td style=\"padding-left: 7px;padding-right: 7px\">\u00a0<\/td>\n<td style=\"padding-left: 7px;padding-right: 7px\">\n<p><span style=\"font-family:Times New Roman;font-size:12pt\">kl.<\/span><\/p>\n<\/td>\n<td style=\"padding-left: 7px;padding-right: 7px\">\n<p><span style=\"font-family:Times New Roman;font-size:12pt\">09.00<\/span><\/p>\n<\/td>\n<td style=\"padding-left: 7px;padding-right: 7px\">\n<p><span style=\"font-family:Times New Roman;font-size:12pt\">Messe p\u00e5 polsk<\/span><\/p>\n<\/td>\n<\/tr>\n<tr style=\"height: 33px\">\n<td style=\"padding-left: 7px;padding-right: 7px\">\u00a0<\/td>\n<td style=\"padding-left: 7px;padding-right: 7px\">\u00a0<\/td>\n<td style=\"padding-left: 7px;padding-right: 7px\">\n<p><span style=\"font-family:Times New Roman;font-size:12pt\">kl.<\/span><\/p>\n<\/td>\n<td style=\"padding-left: 7px;padding-right: 7px\">\n<p><span style=\"font-family:Times New Roman;font-size:12pt\">11.00<\/span><\/p>\n<\/td>\n<td style=\"padding-left: 7px;padding-right: 7px\">\n<p><span style=\"font-family:Times New Roman;font-size:12pt\">H\u00f8ymesse p\u00e5 norsk<\/span><\/p>\n<\/td>\n<\/tr>\n<tr style=\"height: 33px\">\n<td style=\"padding-left: 7px;padding-right: 7px\">\u00a0<\/td>\n<td style=\"padding-left: 7px;padding-right: 7px\">\u00a0<\/td>\n<td style=\"padding-left: 7px;padding-right: 7px\">\n<p><span style=\"font-family:Times New Roman;font-size:12pt\">kl.<br \/>\n<\/span><\/p>\n<p><span style=\"font-family:Times New Roman;font-size:12pt\">kl. <\/span><\/p>\n<\/td>\n<td style=\"padding-left: 7px;padding-right: 7px\">\n<p><span style=\"font-family:Times New Roman;font-size:12pt\">13.00<br \/>\n<\/span><\/p>\n<p><span style=\"font-family:Times New Roman;font-size:12pt\">15.00<\/span><\/p>\n<\/td>\n<td style=\"padding-left: 7px;padding-right: 7px\">\n<p><span style=\"font-family:Times New Roman;font-size:12pt\">Messe p\u00e5 vietnamesisk<br \/>\n<\/span><\/p>\n<p><span style=\"font-family:Times New Roman;font-size:12pt\">Messe p\u00e5 kaldeisk<\/span><\/p>\n<\/td>\n<\/tr>\n<\/tbody>\n<\/table>\n<\/div>\n<p><span style=\"font-family:Times New Roman;font-size:12pt\"><strong>\u00a0\u00a0\u00a0\u00a0<br \/>\n<\/strong><\/span><\/p>\n<p><span style=\"font-family:Times New Roman;font-size:12pt\"><strong>Annet:<br \/>\n<\/strong><\/span><\/p>\n<ul>\n<li>\n<div><span style=\"font-family:Times New Roman;font-size:12pt\">Torsdag 31.10  kl. 18.30 er det troskurs<br \/>\n<\/span><\/div>\n<p>\n\u00a0<\/p>\n<\/li>\n<li>\n<div><span style=\"font-family:Times New Roman;font-size:12pt\">L\u00f8rdag  02.11  kl. 14.15 er det andakt p\u00e5 Kristiansand kirkeg\u00e5rd,  og samme dag<br \/>\n<\/span><\/div>\n<p><span style=\"font-family:Times New Roman;font-size:12pt\">er det andakt p\u00e5 Oddernes kirkeg\u00e5rd kl. 15.15.\u00a0\u00a0\u00a0\u00a0<br \/>\n<\/span><\/p>\n<p><span style=\"font-family:Times New Roman;font-size:12pt\">I requiemmessen ber vi for alle de avd\u00f8de, og s\u00e6rlig for menighetens avd\u00f8de det siste \u00e5ret. I forb\u00f8nnsboken kan alle som vil skrive navnene p\u00e5 sine kj\u00e6re avd\u00f8de. Messen bes for dem ogs\u00e5.<br \/>\n<\/span><\/p>\n<p><span style=\"font-family:Times New Roman;font-size:12pt\">Etter gammel katolsk tradisjon oppfordres vi til \u00e5 bes\u00f8ke kirkeg\u00e5rden den f\u00f8rste uken i november, og be for de avd\u00f8de der.<br \/>\n<\/span><\/p>\n<p>\n\u00a0<\/p>\n<\/li>\n<\/ul>\n<p><span style=\"font-family:Times New Roman;font-size:12pt\">       &#8211;\u00a0\u00a0\u00a0\u00a0S\u00f8ndag 03.11. kl. 16.00 har kaldeerne kirkekaffe i Kiga<br \/>\n<\/span><\/p>\n<p style=\"margin-left: 35pt\"><span style=\"font-family:Times New Roman;font-size:12pt\">&#8211;\u00a0\u00a0\u00a0\u00a0Vi minner om at forberedelsen til konfirmasjonen er to \u00e5r. Alle nye konfirmasjonskandidater m\u00e5 begynne p\u00e5 konfirmasjonskurs for f\u00f8rste\u00e5rskonfirmanter (8 klasse). Etter 9 november tar vi ikke imot nye konfirmantkadidater. Det betyr at de m\u00e5 vente til september 2020 for \u00e5 begynne p\u00e5 konfirmasjonskurs for f\u00f8rste\u00e5rskonfirmanter.<br \/>\n<\/span><\/p>\n<p>\n\u00a0<\/p>\n<p>\n\u00a0<\/p>\n<p><span style=\"color:#c00000;font-family:Times New Roman;font-size:14pt\">         Alle er hjertelig velkommen til kirkekaffe. \u00d8nsker dere en riktig god s\u00f8ndag!<\/span><\/p>\n","protected":false},"excerpt":{"rendered":"<p>\u00a0\u00a0\u00a0\u00a0\u00a0\u00a0\u00a0\u00a0 KUNNGJ\u00d8RINGER S\u00d8NDAG 27. OKTOBER 2019 \u00a0 Tirsdag 29.10. kl. 17.30 Vesper \u00a0 \u00a0 kl. 18.00 Messe &#8211; etterfulgt av sakramentstilbedelse Onsdag 30.10. kl. 18.00 Messe Torsdag 31.10. kl. 11.00 Messe &#8211; etterfulgt av felles lunsj i Kiga. \u00a0 \u00a0&#8230;<br \/><a class=\"read-more-button\" href=\"https:\/\/stansgar.katolsk.no\/?p=6484\">Read more<\/a><\/p>\n","protected":false},"author":5,"featured_media":0,"comment_status":"open","ping_status":"open","sticky":false,"template":"","format":"standard","meta":{"footnotes":""},"categories":[204],"tags":[],"class_list":["post-6484","post","type-post","status-publish","format-standard","hentry","category-ukategorisert-nb"],"_links":{"self":[{"href":"https:\/\/stansgar.katolsk.no\/index.php?rest_route=\/wp\/v2\/posts\/6484","targetHints":{"allow":["GET"]}}],"collection":[{"href":"https:\/\/stansgar.katolsk.no\/index.php?rest_route=\/wp\/v2\/posts"}],"about":[{"href":"https:\/\/stansgar.katolsk.no\/index.php?rest_route=\/wp\/v2\/types\/post"}],"author":[{"embeddable":true,"href":"https:\/\/stansgar.katolsk.no\/index.php?rest_route=\/wp\/v2\/users\/5"}],"replies":[{"embeddable":true,"href":"https:\/\/stansgar.katolsk.no\/index.php?rest_route=%2Fwp%2Fv2%2Fcomments&post=6484"}],"version-history":[{"count":1,"href":"https:\/\/stansgar.katolsk.no\/index.php?rest_route=\/wp\/v2\/posts\/6484\/revisions"}],"predecessor-version":[{"id":6485,"href":"https:\/\/stansgar.katolsk.no\/index.php?rest_route=\/wp\/v2\/posts\/6484\/revisions\/6485"}],"wp:attachment":[{"href":"https:\/\/stansgar.katolsk.no\/index.php?rest_route=%2Fwp%2Fv2%2Fmedia&parent=6484"}],"wp:term":[{"taxonomy":"category","embeddable":true,"href":"https:\/\/stansgar.katolsk.no\/index.php?rest_route=%2Fwp%2Fv2%2Fcategories&post=6484"},{"taxonomy":"post_tag","embeddable":true,"href":"https:\/\/stansgar.katolsk.no\/index.php?rest_route=%2Fwp%2Fv2%2Ftags&post=6484"}],"curies":[{"name":"wp","href":"https:\/\/api.w.org\/{rel}","templated":true}]}}