{"id":6477,"date":"2019-10-24T13:41:25","date_gmt":"2019-10-24T11:41:25","guid":{"rendered":"http:\/\/stansgar.katolsk.no\/?p=6477"},"modified":"2019-10-24T13:45:46","modified_gmt":"2019-10-24T11:45:46","slug":"referat-fra-menighetsradsmotet-09-10-19","status":"publish","type":"post","link":"https:\/\/stansgar.katolsk.no\/?p=6477","title":{"rendered":"Referat fra menighetsr\u00e5dsm\u00f8tet 09.10.19"},"content":{"rendered":"\n<p>Her kommer referat fra v\u00e5rt m\u00f8te i menighetsr\u00e5det 9. oktober.<br><\/p>\n\n\n\n<h2 class=\"wp-block-heading\">M\u00f8tereferat St.Ansgar menighetsr\u00e5d<\/h2>\n\n\n\n<p>09.10.19 kl. 1845<\/p>\n\n\n\n<table class=\"wp-block-table\"><tbody><tr><td>Tilstede:    <\/td><td>\n  P. Quang Tien Dang,\n  P. Dawid Bana\u015b, Joanna Rodziewicz,\n  Wlodzimierz Dyzma, Ane Ugland Alb\u00e6k, Luan Van Nguyen, Jocelyn Augland, Xuat\n  Minh Dang, Tinh Van Doan, Kristian Teofilovic\n  Anna Dan Vy Vu deltok under sak 29\/19\n  <\/td><\/tr><tr><td>Ikke  tilstede:    <\/td><td>\n  John\n  Arngrim Hunnes, Daniel Habtay\n  <\/td><\/tr><tr><td>Neste m\u00f8te    <\/td><td>\n  Onsdag 20.11.19, kl. 1845, KIGA\n  <\/td><\/tr><\/tbody><\/table>\n\n\n\n<p>Sak 36\/19 Godkjenning av innkallelse og saksliste<\/p>\n\n\n\n<p>Innkallelse og\nsaksliste godkjent.<\/p>\n\n\n\n<p>Sak 37\/19 Informasjon<\/p>\n\n\n\n<p>Ny\nmenighetssekret\u00e6r: Det var to s\u00f8kere til stillingen som menighetssekret\u00e6r. Intervjuer\ner gjennomf\u00f8rt og det er fattet beslutning om \u00e5 tilby stillingen til \u00e9n av dem.<\/p>\n\n\n\n<p>Sak 29\/19 Menighetens\nungdomsarbeid SAUL<\/p>\n\n\n\n<p>Anna Vu fra SAUL orienterte\nmenighetsr\u00e5det om hvordan SAUL har fungert tidligere og hva ungdommene \u00f8nsker\nseg fremover. Vi dr\u00f8ftet mulige endringer og tiltak for \u00e5 sikre en god opstart\nav nye SAUL og god rekruttering av menighetens ungdommer.<\/p>\n\n\n\n<p>Vedtak: For \u00e5 f\u00e5 i gang\nSAUL igjen etter nytt\u00e5r er det flere tiltak som skal gjennomf\u00f8res:<\/p>\n\n\n\n<p>Vi engasjerer noen voksne som er ansvarlige for \u00e5 hjelpe ungdommene med planlegging og tilrettelegging av aktiviteter. Marit Hunnes og Luan Van Nguyen har sagt ja til denne rollen. Vi \u00f8nsker ogs\u00e5 en polsk voksen. Joanna Rodziewicz jobber videre med \u00e5 finne rett person. Inntil videre kan Joanna inviteres til m\u00f8ter.<br> Vi starter helt p\u00e5 nytt for \u00e5 markere et skille mellom det gamle og nye, dette inkluderer f. eks. ny FB-gruppe<br> De voksne hjelper med \u00e5 lage rullerende ryddekomit\u00e9 \u2013 for \u00e5 unng\u00e5 overbelastning p\u00e5 enkelte<br> Tiden fremover brukes til \u00e5 planlegge gode aktiviteter og det er viktig \u00e5 fokusere p\u00e5 kvalitet fremfor kvantitet. Forslag til aktiviteter inkluderer LAN, jentekveld, matlaging, overnatting\u2026<\/p>\n\n\n\n<p>Sak\n30\/19 Natteravner 19. oktober<\/p>\n\n\n\n<p>Vedtak: Vi pr\u00f8ver \u00e5\nfinne flere.&nbsp; \u2013 oppm\u00f8te kl. 2230 p\u00e5 Thon\nhotell Kristiansand.<\/p>\n\n\n\n<p>Sak\n31\/19 Caritas<\/p>\n\n\n\n<p>Vi ble enige om hvem\nsom vi \u00f8nsker skal utgj\u00f8re menighetens Caritas-gruppe. Ane sp\u00f8r de aktuelle\nkandidatene og forh\u00e5pentligvis er gruppen klar i n\u00e6rmeste fremtid.<\/p>\n\n\n\n<p>Sak\n35\/19 Mandat for menighetsr\u00e5det<\/p>\n\n\n\n<p>Saken utsettes til\nneste m\u00f8te<\/p>\n\n\n\n<p>Sak\n36\/19 Giverkampanje i menigheten<\/p>\n\n\n\n<p>Saken utsettes til\nneste m\u00f8te<\/p>\n\n\n\n<p>Sak\n37\/19 St. Ansgar meninghetsblad<\/p>\n\n\n\n<p>Bakgrunn for saken:\nflere i menigheten har etterlyst et menighetsblad med litt skriftlig\ninformasjon om hva som skjer i menigheten.<\/p>\n\n\n\n<p>Vedtak: M\u00e5let er at vi\nskal f\u00e5 laget et blad f\u00f8r jul. De ulike gruppene i menigheten inviteres til \u00e5\nskrive litt om sin aktivitet, og eventuelt ta med et bilde. Det skal ikke\nsendes i posten og skal trykkes i menigheten for \u00e5 unng\u00e5 store porto- og\ntrykkeriutgifter. Ansvarlig redakt\u00f8r: Kristian Teofilovic.<\/p>\n\n\n\n<p>Sak\n38\/19 Vedlikehold, rydding og nedvasking i Kiga\/kirken<\/p>\n\n\n\n<p>Vedtak: Det skal\narrangeres et felles m\u00f8te om vasking med alle som leier Kiga fast. P\u00e5 m\u00f8tet\nskal det tas opp dugnad, nytt reglement (m\/ sanksjoner), dugnadskomit\u00e9, pris\nfor privat leie. I tillegg skal alle grupper som leie Kiga sette opp 2\nkontaktpersoner som er ansvarlige for rydding\/vasking etter bruk. Det vil etter\nm\u00f8tet ikke lenger v\u00e6re anledning til \u00e5 leie f\u00f8r vi har f\u00e5tt p\u00e5 plass kontaktpersonene!<\/p>\n\n\n\n<p>N\u00e5r det gjelder vasking\netter katekesen skal det settes opp plan for vasking etter rulleringsprinsippet\nslik at arbeidet fordeles p\u00e5 flere mennesker.<\/p>\n\n\n\n<p>Sak\n39\/19 Innkj\u00f8p av utstyr til kj\u00f8kkenet i Kiga<\/p>\n\n\n\n<p>Saken utsettes til neste m\u00f8te.<\/p>\n\n\n\n<p>Sak\n40\/19 Eventuelt<\/p>\n\n\n\n<p>P\u00e5 sak 33\/19, evaluering av Internasjonal dag, under \u00abdette kan forbedres til neste gang\u00bb, legges f\u00f8lgende til:<\/p>\n\n\n\n<p>Underholdningsprogrammet kan deles opp i to bolker.<\/p>\n\n\n\n<p>Fors\u00f8ke \u00e5 lage program i forkant slik at alle vet n\u00e5r de skal opptre.<\/p>\n\n\n\n<p>Stoler rundt \u00abdansegulvet\u00bb slik at flere kan se de som opptrer.<br>Fikse Vipps-problemer<\/p>\n\n\n\n<p>Kristian Teofilovic<br>\nSign.\n\n\n\n\n\n\n\n\\<\/p>\n","protected":false},"excerpt":{"rendered":"<p>Her kommer referat fra v\u00e5rt m\u00f8te i menighetsr\u00e5det 9. oktober. M\u00f8tereferat St.Ansgar menighetsr\u00e5d 09.10.19 kl. 1845 Tilstede: P. Quang Tien Dang, P. Dawid Bana\u015b, Joanna Rodziewicz, Wlodzimierz Dyzma, Ane Ugland Alb\u00e6k, Luan Van Nguyen, Jocelyn Augland, Xuat Minh Dang, Tinh&#8230;<br \/><a class=\"read-more-button\" href=\"https:\/\/stansgar.katolsk.no\/?p=6477\">Read more<\/a><\/p>\n","protected":false},"author":1,"featured_media":0,"comment_status":"open","ping_status":"open","sticky":false,"template":"","format":"standard","meta":{"footnotes":""},"categories":[204],"tags":[],"class_list":["post-6477","post","type-post","status-publish","format-standard","hentry","category-ukategorisert-nb"],"_links":{"self":[{"href":"https:\/\/stansgar.katolsk.no\/index.php?rest_route=\/wp\/v2\/posts\/6477","targetHints":{"allow":["GET"]}}],"collection":[{"href":"https:\/\/stansgar.katolsk.no\/index.php?rest_route=\/wp\/v2\/posts"}],"about":[{"href":"https:\/\/stansgar.katolsk.no\/index.php?rest_route=\/wp\/v2\/types\/post"}],"author":[{"embeddable":true,"href":"https:\/\/stansgar.katolsk.no\/index.php?rest_route=\/wp\/v2\/users\/1"}],"replies":[{"embeddable":true,"href":"https:\/\/stansgar.katolsk.no\/index.php?rest_route=%2Fwp%2Fv2%2Fcomments&post=6477"}],"version-history":[{"count":3,"href":"https:\/\/stansgar.katolsk.no\/index.php?rest_route=\/wp\/v2\/posts\/6477\/revisions"}],"predecessor-version":[{"id":6481,"href":"https:\/\/stansgar.katolsk.no\/index.php?rest_route=\/wp\/v2\/posts\/6477\/revisions\/6481"}],"wp:attachment":[{"href":"https:\/\/stansgar.katolsk.no\/index.php?rest_route=%2Fwp%2Fv2%2Fmedia&parent=6477"}],"wp:term":[{"taxonomy":"category","embeddable":true,"href":"https:\/\/stansgar.katolsk.no\/index.php?rest_route=%2Fwp%2Fv2%2Fcategories&post=6477"},{"taxonomy":"post_tag","embeddable":true,"href":"https:\/\/stansgar.katolsk.no\/index.php?rest_route=%2Fwp%2Fv2%2Ftags&post=6477"}],"curies":[{"name":"wp","href":"https:\/\/api.w.org\/{rel}","templated":true}]}}