{"id":6411,"date":"2019-10-04T12:29:24","date_gmt":"2019-10-04T10:29:24","guid":{"rendered":"http:\/\/stansgar.katolsk.no\/?p=6411"},"modified":"2019-10-04T12:29:24","modified_gmt":"2019-10-04T10:29:24","slug":"kunngjoringer-6-oktober","status":"publish","type":"post","link":"https:\/\/stansgar.katolsk.no\/?p=6411","title":{"rendered":"Kunngj\u00f8ringer 6. oktober"},"content":{"rendered":"<p><span style=\"font-family:Times New Roman;font-size:12pt\">\u00a0\u00a0\u00a0\u00a0\u00a0\u00a0\u00a0\u00a0 <strong>KUNNGJ\u00d8RINGER S\u00d8NDAG 6. OKTOBER 2019<br \/>\n<\/strong><\/span><\/p>\n<p style=\"margin-left: 106pt\">\n\u00a0<\/p>\n<div style=\"margin-left: 13pt\">\n<table style=\"border-collapse:collapse\" border=\"0\">\n<colgroup>\n<col style=\"width:67px\" \/>\n<col style=\"width:56px\" \/>\n<col style=\"width:31px\" \/>\n<col style=\"width:64px\" \/>\n<col style=\"width:444px\" \/><\/colgroup>\n<tbody valign=\"top\">\n<tr style=\"height: 25px\">\n<td style=\"padding-left: 7px;padding-right: 7px\">\n<p><span style=\"font-family:Times New Roman;font-size:12pt\">Tirsdag<\/span><\/p>\n<\/td>\n<td style=\"padding-left: 7px;padding-right: 7px\">\n<p><span style=\"font-family:Times New Roman;font-size:12pt\">8.10.<\/span><\/p>\n<\/td>\n<td style=\"padding-left: 7px;padding-right: 7px\">\n<p><span style=\"font-family:Times New Roman;font-size:12pt\">kl.<\/span><\/p>\n<\/td>\n<td style=\"padding-left: 7px;padding-right: 7px\">\n<p><span style=\"font-family:Times New Roman;font-size:12pt\">17.30<\/span><\/p>\n<\/td>\n<td style=\"padding-left: 7px;padding-right: 7px\">\n<p><span style=\"font-family:Times New Roman;font-size:12pt\">Vesper<\/span><\/p>\n<\/td>\n<\/tr>\n<tr style=\"height: 25px\">\n<td style=\"padding-left: 7px;padding-right: 7px\">\u00a0<\/td>\n<td style=\"padding-left: 7px;padding-right: 7px\">\u00a0<\/td>\n<td style=\"padding-left: 7px;padding-right: 7px\">\n<p><span style=\"font-family:Times New Roman;font-size:12pt\">kl.<\/span><\/p>\n<\/td>\n<td style=\"padding-left: 7px;padding-right: 7px\">\n<p><span style=\"font-family:Times New Roman;font-size:12pt\">18.00<\/span><\/p>\n<\/td>\n<td style=\"padding-left: 7px;padding-right: 7px\">\n<p><span style=\"font-family:Times New Roman;font-size:12pt\">Messe &#8211; etterfulgt av sakramentstilbedelse<\/span><\/p>\n<\/td>\n<\/tr>\n<tr style=\"height: 25px\">\n<td style=\"padding-left: 7px;padding-right: 7px\">\n<p><span style=\"font-family:Times New Roman;font-size:12pt\">Onsdag<br \/>\n<\/span><\/p>\n<\/td>\n<td style=\"padding-left: 7px;padding-right: 7px\">\n<p><span style=\"font-family:Times New Roman;font-size:12pt\">9.10.<\/span><\/p>\n<\/td>\n<td style=\"padding-left: 7px;padding-right: 7px\">\n<p><span style=\"font-family:Times New Roman;font-size:12pt\">kl.<br \/>\n<\/span><\/p>\n<p><span style=\"font-family:Times New Roman;font-size:12pt\">kl. <\/span><\/p>\n<\/td>\n<td style=\"padding-left: 7px;padding-right: 7px\">\n<p><span style=\"font-family:Times New Roman;font-size:12pt\">17.30<br \/>\n<\/span><\/p>\n<p><span style=\"font-family:Times New Roman;font-size:12pt\">18.00<\/span><\/p>\n<\/td>\n<td style=\"padding-left: 7px;padding-right: 7px\">\n<p><span style=\"font-family:Times New Roman;font-size:12pt\">Rosenkransandakt p\u00e5 vietnamesisk<br \/>\n<\/span><\/p>\n<p><span style=\"font-family:Times New Roman;font-size:12pt\">Messe<\/span><\/p>\n<\/td>\n<\/tr>\n<tr style=\"height: 24px\">\n<td style=\"padding-left: 7px;padding-right: 7px\">\n<p><span style=\"font-family:Times New Roman;font-size:12pt\">Torsdag<\/span><\/p>\n<\/td>\n<td style=\"padding-left: 7px;padding-right: 7px\">\n<p><span style=\"font-family:Times New Roman;font-size:12pt\">10.10.<\/span><\/p>\n<\/td>\n<td style=\"padding-left: 7px;padding-right: 7px\">\n<p><span style=\"font-family:Times New Roman;font-size:12pt\">kl.<br \/>\n<\/span><\/p>\n<p><span style=\"font-family:Times New Roman;font-size:12pt\">kl.<\/span><\/p>\n<\/td>\n<td style=\"padding-left: 7px;padding-right: 7px\">\n<p><span style=\"font-family:Times New Roman;font-size:12pt\">11.00<br \/>\n<\/span><\/p>\n<p><span style=\"font-family:Times New Roman;font-size:12pt\">17.30<\/span><\/p>\n<\/td>\n<td style=\"padding-left: 7px;padding-right: 7px\">\n<p><span style=\"font-family:Times New Roman;font-size:12pt\">Messe &#8211; etterfulgt av felles lunsj i Kiga.<br \/>\n<\/span><\/p>\n<p><span style=\"font-family:Times New Roman;font-size:12pt\">Rosenkransandakt p\u00e5 norsk<\/span><\/p>\n<\/td>\n<\/tr>\n<tr style=\"height: 24px\">\n<td style=\"padding-left: 7px;padding-right: 7px\">\u00a0<\/td>\n<td style=\"padding-left: 7px;padding-right: 7px\">\u00a0<\/td>\n<td style=\"padding-left: 7px;padding-right: 7px\">\n<p><span style=\"font-family:Times New Roman;font-size:12pt\">kl.<\/span><\/p>\n<\/td>\n<td style=\"padding-left: 7px;padding-right: 7px\">\n<p><span style=\"font-family:Times New Roman;font-size:12pt\">18.00<\/span><\/p>\n<\/td>\n<td style=\"padding-left: 7px;padding-right: 7px\">\n<p><span style=\"font-family:Times New Roman;font-size:12pt\">Messe<\/span><\/p>\n<\/td>\n<\/tr>\n<tr>\n<td style=\"padding-left: 7px;padding-right: 7px\">\n<p><span style=\"font-family:Times New Roman;font-size:12pt\">Fredag<\/span><\/p>\n<\/td>\n<td style=\"padding-left: 7px;padding-right: 7px\">\n<p><span style=\"font-family:Times New Roman;font-size:12pt\">11.10.<br \/>\n<\/span><\/p>\n<\/td>\n<td style=\"padding-left: 7px;padding-right: 7px\">\n<p><span style=\"font-family:Times New Roman;font-size:12pt\">kl.<br \/>\n<\/span><\/p>\n<p><span style=\"font-family:Times New Roman;font-size:12pt\">kl. <\/span><\/p>\n<\/td>\n<td style=\"padding-left: 7px;padding-right: 7px\">\n<p><span style=\"font-family:Times New Roman;font-size:12pt\">17.30<br \/>\n<\/span><\/p>\n<p><span style=\"font-family:Times New Roman;font-size:12pt\">18.00<\/span><\/p>\n<\/td>\n<td style=\"padding-left: 7px;padding-right: 7px\">\n<p><span style=\"font-family:Times New Roman;font-size:12pt\">Rosenkransandakt p\u00e5 norsk<br \/>\n<\/span><\/p>\n<p><span style=\"font-family:Times New Roman;font-size:12pt\">Messe<\/span><\/p>\n<\/td>\n<\/tr>\n<tr style=\"height: 27px\">\n<td style=\"padding-left: 7px;padding-right: 7px\">\n<p><span style=\"font-family:Times New Roman;font-size:12pt\">L\u00f8rdag<\/span><\/p>\n<\/td>\n<td style=\"padding-left: 7px;padding-right: 7px\">\n<p><span style=\"font-family:Times New Roman;font-size:12pt\">12.10.<\/span><\/p>\n<\/td>\n<td style=\"padding-left: 7px;padding-right: 7px\">\n<p><span style=\"font-family:Times New Roman;font-size:12pt\">kl.<\/span><\/p>\n<\/td>\n<td style=\"padding-left: 7px;padding-right: 7px\">\n<p><span style=\"font-family:Times New Roman;font-size:12pt\">17.00<\/span><\/p>\n<\/td>\n<td style=\"padding-left: 7px;padding-right: 7px\">\n<p style=\"margin-left: 106pt\"><span style=\"font-family:Times New Roman;font-size:12pt\">Messe: Maria av Fatima \u2013<br \/>\n<\/span><\/p>\n<p style=\"margin-left: 106pt\"><span style=\"font-family:Times New Roman;font-size:12pt\">etterfulgt av Maria prosesjon gjennom byens gater<\/span><\/p>\n<\/td>\n<\/tr>\n<tr style=\"height: 25px\">\n<td style=\"padding-left: 7px;padding-right: 7px\">\n<p><span style=\"font-family:Times New Roman;font-size:12pt\">S\u00f8ndag<\/span><\/p>\n<\/td>\n<td style=\"padding-left: 7px;padding-right: 7px\">\n<p><span style=\"font-family:Times New Roman;font-size:12pt\">13.10.<\/span><\/p>\n<\/td>\n<td colspan=\"3\" style=\"padding-left: 7px;padding-right: 7px\">\n<p><span style=\"font-family:Times New Roman;font-size:12pt\">28. S\u00d8NDAG I DET ALMINNELIGE KIRKE\u00c5R<\/span><\/p>\n<\/td>\n<\/tr>\n<tr style=\"height: 33px\">\n<td style=\"padding-left: 7px;padding-right: 7px\">\u00a0<\/td>\n<td style=\"padding-left: 7px;padding-right: 7px\">\u00a0<\/td>\n<td style=\"padding-left: 7px;padding-right: 7px\">\n<p><span style=\"font-family:Times New Roman;font-size:12pt\">kl.<\/span><\/p>\n<\/td>\n<td style=\"padding-left: 7px;padding-right: 7px\">\n<p><span style=\"font-family:Times New Roman;font-size:12pt\">09.00<\/span><\/p>\n<\/td>\n<td style=\"padding-left: 7px;padding-right: 7px\">\n<p><span style=\"font-family:Times New Roman;font-size:12pt\">Messe p\u00e5 polsk &#8211; Rosenkransandakt p\u00e5 polsk<\/span><\/p>\n<\/td>\n<\/tr>\n<tr style=\"height: 33px\">\n<td style=\"padding-left: 7px;padding-right: 7px\">\u00a0<\/td>\n<td style=\"padding-left: 7px;padding-right: 7px\">\u00a0<\/td>\n<td style=\"padding-left: 7px;padding-right: 7px\">\n<p><span style=\"font-family:Times New Roman;font-size:12pt\">kl.<\/span><\/p>\n<\/td>\n<td style=\"padding-left: 7px;padding-right: 7px\">\n<p><span style=\"font-family:Times New Roman;font-size:12pt\">11.00<\/span><\/p>\n<\/td>\n<td style=\"padding-left: 7px;padding-right: 7px\">\n<p><span style=\"font-family:Times New Roman;font-size:12pt\">H\u00f8ymesse p\u00e5 norsk<\/span><\/p>\n<\/td>\n<\/tr>\n<tr style=\"height: 33px\">\n<td style=\"padding-left: 7px;padding-right: 7px\">\u00a0<\/td>\n<td style=\"padding-left: 7px;padding-right: 7px\">\u00a0<\/td>\n<td style=\"padding-left: 7px;padding-right: 7px\">\n<p><span style=\"font-family:Times New Roman;font-size:12pt\">kl.<br \/>\n<\/span><\/p>\n<p><span style=\"font-family:Times New Roman;font-size:12pt\">kl. <\/span><\/p>\n<\/td>\n<td style=\"padding-left: 7px;padding-right: 7px\">\n<p><span style=\"font-family:Times New Roman;font-size:12pt\">13.00<br \/>\n<\/span><\/p>\n<p><span style=\"font-family:Times New Roman;font-size:12pt\">17.00<\/span><\/p>\n<\/td>\n<td style=\"padding-left: 7px;padding-right: 7px\">\n<p><span style=\"font-family:Times New Roman;font-size:12pt\">Messe p\u00e5 vietnamesisk<br \/>\n<\/span><\/p>\n<p><span style=\"font-family:Times New Roman;font-size:12pt\">Messe p\u00e5 Stella Maris i Mandal.<\/span><\/p>\n<\/td>\n<\/tr>\n<\/tbody>\n<\/table>\n<\/div>\n<p><span style=\"font-family:Times New Roman;font-size:12pt\"><strong>Annet:<br \/>\n<\/strong><\/span><\/p>\n<p><span style=\"font-family:Times New Roman;font-size:12pt\">&#8211; Vi fortsetter tradisjonen med \u00e5 \u00e6re Jomfru Maria. S\u00e5 l\u00f8rdag 12. oktober klokken 17.00 har vi messe til \u00e6re for Jomfru Maria av Fatima. Etter messen er det Maria prosesjon gjennom byens gater.  Alle er velkommen for \u00e5 \u00e6re Jomfru Maria, v\u00e5r Mor, og for \u00e5 be fred for verden.<br \/>\n<\/span><\/p>\n<p><span style=\"font-family:Times New Roman;font-size:12pt\">L\u00f8rdag 12.10. er b\u00e5de katekesemessen kl. 13.00 og messen p\u00e5 polsk kl. 18.00 avlyst.<br \/>\n<\/span><\/p>\n<p>\n\u00a0<\/p>\n<p><span style=\"font-family:Times New Roman;font-size:12pt\">&#8211; Det er katekese l\u00f8rdag 12. oktober.<br \/>\n<\/span><\/p>\n<p><span style=\"font-family:Times New Roman;font-size:12pt\">1. klasse til 4. klasse har katekese fra klokken 10.00 til klokken 12.45<br \/>\n<\/span><\/p>\n<p><span style=\"font-family:Times New Roman;font-size:12pt\">Foreldre m\u00e5 hente barna kl. 12.45 fordi katekesemessen kl. 13.00 er avlyst.<br \/>\n<\/span><\/p>\n<p><span style=\"font-family:Times New Roman;font-size:12pt\">5. klasse til 9. klasse har katekese fra klokken 14.00 til klokken 16.45.<br \/>\n<\/span><\/p>\n<p><span style=\"font-family:Times New Roman;font-size:12pt\">Klokken 14.00 er det m\u00f8te for andre\u00e5rskonfirmanter (9. klasse) og foreldre i menighetssalen.<br \/>\n<\/span><\/p>\n<p>\n\u00a0<\/p>\n<p><span style=\"font-family:Times New Roman;font-size:12pt\">&#8211; Fredag 11. oktober holder pater Hallvard Hole seminar for kateketene i menigheten. Alle kateketer av de nasjonale gruppene er velkommen.<br \/>\n<\/span><\/p>\n<p><span style=\"font-family:Times New Roman;font-size:12pt\">Program:<br \/>\n<\/span><\/p>\n<p><span style=\"font-family:Times New Roman;font-size:12pt\">17.00 -17.45 Innf\u00f8ring i katekese nettressursen BLILYS<br \/>\n<\/span><\/p>\n<p><span style=\"font-family:Times New Roman;font-size:12pt\">18.00 Messe<br \/>\n<\/span><\/p>\n<p><span style=\"font-family:Times New Roman;font-size:12pt\">18.30 Matpause<br \/>\n<\/span><\/p>\n<p><span style=\"font-family:Times New Roman;font-size:12pt\">19.00 \u00c5rsplaner, konfirmantkatekese, sang og musikk<br \/>\n<\/span><\/p>\n<p><span style=\"font-family:Times New Roman;font-size:12pt\">20.00 &#8211; 21.15 Om katekesemessen, liturgi med barn, sang og musikk<br \/>\n<\/span><\/p>\n<p>\n\u00a0<\/p>\n<p><span style=\"color:#c00000;font-family:Times New Roman;font-size:14pt\">Alle er hjertelig velkommen til kirkekaffe. \u00d8nsker dere en riktig god s\u00f8ndag!<\/span><\/p>\n","protected":false},"excerpt":{"rendered":"<p>\u00a0\u00a0\u00a0\u00a0\u00a0\u00a0\u00a0\u00a0 KUNNGJ\u00d8RINGER S\u00d8NDAG 6. OKTOBER 2019 \u00a0 Tirsdag 8.10. kl. 17.30 Vesper \u00a0 \u00a0 kl. 18.00 Messe &#8211; etterfulgt av sakramentstilbedelse Onsdag 9.10. kl. kl. 17.30 18.00 Rosenkransandakt p\u00e5 vietnamesisk Messe Torsdag 10.10. kl. kl. 11.00 17.30 Messe &#8211; etterfulgt&#8230;<br \/><a class=\"read-more-button\" href=\"https:\/\/stansgar.katolsk.no\/?p=6411\">Read more<\/a><\/p>\n","protected":false},"author":5,"featured_media":0,"comment_status":"open","ping_status":"open","sticky":false,"template":"","format":"standard","meta":{"footnotes":""},"categories":[204],"tags":[],"class_list":["post-6411","post","type-post","status-publish","format-standard","hentry","category-ukategorisert-nb"],"_links":{"self":[{"href":"https:\/\/stansgar.katolsk.no\/index.php?rest_route=\/wp\/v2\/posts\/6411","targetHints":{"allow":["GET"]}}],"collection":[{"href":"https:\/\/stansgar.katolsk.no\/index.php?rest_route=\/wp\/v2\/posts"}],"about":[{"href":"https:\/\/stansgar.katolsk.no\/index.php?rest_route=\/wp\/v2\/types\/post"}],"author":[{"embeddable":true,"href":"https:\/\/stansgar.katolsk.no\/index.php?rest_route=\/wp\/v2\/users\/5"}],"replies":[{"embeddable":true,"href":"https:\/\/stansgar.katolsk.no\/index.php?rest_route=%2Fwp%2Fv2%2Fcomments&post=6411"}],"version-history":[{"count":1,"href":"https:\/\/stansgar.katolsk.no\/index.php?rest_route=\/wp\/v2\/posts\/6411\/revisions"}],"predecessor-version":[{"id":6412,"href":"https:\/\/stansgar.katolsk.no\/index.php?rest_route=\/wp\/v2\/posts\/6411\/revisions\/6412"}],"wp:attachment":[{"href":"https:\/\/stansgar.katolsk.no\/index.php?rest_route=%2Fwp%2Fv2%2Fmedia&parent=6411"}],"wp:term":[{"taxonomy":"category","embeddable":true,"href":"https:\/\/stansgar.katolsk.no\/index.php?rest_route=%2Fwp%2Fv2%2Fcategories&post=6411"},{"taxonomy":"post_tag","embeddable":true,"href":"https:\/\/stansgar.katolsk.no\/index.php?rest_route=%2Fwp%2Fv2%2Ftags&post=6411"}],"curies":[{"name":"wp","href":"https:\/\/api.w.org\/{rel}","templated":true}]}}