{"id":64,"date":"2018-09-23T08:42:00","date_gmt":"2018-09-23T06:42:00","guid":{"rendered":"http:\/\/stansgar.katolsk.no\/index.php\/2018\/09\/23\/kunngjringer-sndag-23-september\/"},"modified":"2018-10-12T09:12:13","modified_gmt":"2018-10-12T07:12:13","slug":"kunngjringer-sndag-23-september","status":"publish","type":"post","link":"https:\/\/stansgar.katolsk.no\/?p=64","title":{"rendered":"KUNNGJ\u00d8RINGER S\u00d8NDAG 23. SEPTEMBER"},"content":{"rendered":"<p><\/p>\n<div class=\"MsoNormal\" style=\"line-height: 115%; margin-bottom: 6.0pt; margin-left: 70.8pt; margin-right: 0cm; margin-top: 0cm; text-indent: 35.4pt;\">\nTirsdag 25\/09&nbsp;&nbsp;&nbsp;&nbsp;&nbsp;&nbsp;&nbsp;&nbsp;&nbsp;&nbsp;&nbsp;&nbsp;&nbsp; kl. 18.00&nbsp;&nbsp;&nbsp;&nbsp;&nbsp;&nbsp;&nbsp;&nbsp; Messe<br \/>\n\u2013 etterfulgt av sakramentstilbedelse<\/div>\n<div class=\"MsoNormal\" style=\"margin-bottom: 6.0pt;\">\nOnsdag<br \/>\n26\/09&nbsp;&nbsp;&nbsp;&nbsp;&nbsp;&nbsp;&nbsp;&nbsp;&nbsp;&nbsp;&nbsp;&nbsp; kl. 18.00&nbsp;&nbsp;&nbsp;&nbsp;&nbsp;&nbsp;&nbsp;&nbsp; Messe<\/div>\n<div class=\"MsoNormal\" style=\"margin-bottom: 6.0pt;\">\nTorsdag<br \/>\n27\/09 &nbsp;&nbsp;&nbsp;&nbsp;&nbsp;&nbsp;&nbsp;&nbsp;&nbsp;&nbsp; kl. 11.00&nbsp;&nbsp;&nbsp;&nbsp;&nbsp;&nbsp;&nbsp;&nbsp; Messe \u2013 etterfulgt av felles lunsj i<br \/>\nKiga<\/div>\n<div class=\"MsoNormal\" style=\"margin-bottom: 6.0pt; margin-left: 106.2pt; margin-right: 0cm; margin-top: 0cm; text-indent: .3pt;\">\nkl.<br \/>\n18.00 &nbsp;&nbsp;&nbsp;&nbsp;&nbsp;&nbsp;&nbsp; Messe<\/div>\n<div class=\"MsoNormal\" style=\"margin-bottom: 6.0pt;\">\nFredag<br \/>\n28\/09 &nbsp;&nbsp;&nbsp;&nbsp;&nbsp;&nbsp;&nbsp;&nbsp;&nbsp;&nbsp;&nbsp;&nbsp; kl. 18.00 &nbsp;&nbsp;&nbsp;&nbsp;&nbsp;&nbsp;&nbsp; Messe<\/div>\n<div class=\"MsoNormal\" style=\"line-height: 115%; margin-bottom: 6.0pt; margin-left: 106.5pt; margin-right: 0cm; margin-top: 0cm; text-indent: -106.5pt;\">\nL\u00f8rdag 29\/09&nbsp;&nbsp;&nbsp;&nbsp;&nbsp;&nbsp;&nbsp;&nbsp;&nbsp;&nbsp;&nbsp;&nbsp;&nbsp;&nbsp; kl. 13.00 &nbsp;&nbsp;&nbsp;&nbsp;&nbsp;&nbsp;&nbsp; Messe<\/div>\n<div class=\"MsoNormal\" style=\"line-height: 115%; margin-bottom: 6.0pt; margin-left: 70.8pt; margin-right: 0cm; margin-top: 0cm; text-indent: 35.4pt;\">\nkl. 18.00&nbsp;&nbsp;&nbsp;&nbsp;&nbsp;&nbsp;&nbsp;&nbsp; Messe<br \/>\np\u00e5 polsk<\/div>\n<div class=\"MsoNormal\" style=\"line-height: 115%; margin-bottom: 6.0pt;\">\n<b>S\u00f8ndag 30\/09&nbsp; &nbsp;&nbsp;&nbsp;&nbsp;&nbsp;&nbsp;&nbsp;&nbsp;&nbsp;&nbsp;&nbsp; 26. S\u00d8NDAG I DET<br \/>\nALMINNELIGE KIRKE\u00c5R &#8211; &nbsp;Mark<br \/>\n9,38-43.45.47-48<\/b><\/div>\n<div class=\"MsoNormal\" style=\"line-height: 115%; margin-bottom: 6.0pt; margin-left: 70.8pt; margin-right: 0cm; margin-top: 0cm; text-indent: 35.4pt;\">\nkl. 09.00&nbsp;&nbsp;&nbsp;&nbsp;&nbsp;&nbsp;&nbsp;&nbsp; Messe<br \/>\np\u00e5 polsk<\/div>\n<div class=\"MsoNormal\" style=\"line-height: 115%; margin-bottom: 6.0pt;\">\n&nbsp;&nbsp;&nbsp;&nbsp;&nbsp;&nbsp;&nbsp;&nbsp;&nbsp;&nbsp;&nbsp;&nbsp;&nbsp;&nbsp;&nbsp;&nbsp;&nbsp;&nbsp;&nbsp;&nbsp;&nbsp;&nbsp;&nbsp;&nbsp;&nbsp;&nbsp;&nbsp;&nbsp;&nbsp;&nbsp;&nbsp;&nbsp;&nbsp;&nbsp; kl.<br \/>\n11.00&nbsp;&nbsp;&nbsp;&nbsp;&nbsp;&nbsp;&nbsp;&nbsp; Messe p\u00e5 norsk<\/div>\n<div class=\"MsoNormal\" style=\"line-height: 115%; margin-bottom: 6.0pt;\">\n&nbsp;&nbsp;&nbsp;&nbsp;&nbsp;&nbsp;&nbsp;&nbsp;&nbsp;&nbsp;&nbsp;&nbsp;&nbsp;&nbsp;&nbsp;&nbsp;&nbsp;&nbsp;&nbsp;&nbsp;&nbsp;&nbsp;&nbsp;&nbsp;&nbsp;&nbsp;&nbsp;&nbsp;&nbsp;&nbsp;&nbsp;&nbsp;&nbsp;&nbsp; kl.<br \/>\n13.00 &nbsp;&nbsp;&nbsp;&nbsp;&nbsp;&nbsp;&nbsp; Messe p\u00e5 vietnamesisk<\/div>\n<div class=\"MsoNormal\" style=\"line-height: 115%; margin-bottom: 6.0pt;\">\n&nbsp;&nbsp;&nbsp;&nbsp;&nbsp;&nbsp;&nbsp;&nbsp;&nbsp;&nbsp;&nbsp;&nbsp;&nbsp;&nbsp;&nbsp;&nbsp;&nbsp;&nbsp;&nbsp;&nbsp;&nbsp;&nbsp;&nbsp;&nbsp;&nbsp;&nbsp;&nbsp;&nbsp;&nbsp;&nbsp;&nbsp;&nbsp;&nbsp;&nbsp; <\/div>\n<div class=\"MsoNormal\" style=\"line-height: 115%; margin-bottom: 6.0pt;\">\n<b style=\"mso-bidi-font-weight: normal;\">Annet:<\/b><\/div>\n<div class=\"MsoNormal\" style=\"line-height: 115%; margin-bottom: 6.0pt;\">\nFredag 28\/09&nbsp;&nbsp;&nbsp;&nbsp;&nbsp;&nbsp;&nbsp;&nbsp;&nbsp;&nbsp;&nbsp;&nbsp;&nbsp; kl. 19.00&nbsp;&nbsp;&nbsp;&nbsp;&nbsp;&nbsp;&nbsp;&nbsp; SAUL<br \/>\nsamles i KIGA<\/div>\n<div class=\"MsoNormal\" style=\"line-height: 115%; margin-bottom: 6.0pt;\">\n<\/div>\n<div class=\"MsoNormal\" style=\"line-height: 115%; margin-bottom: 6.0pt;\">\nS\u00f8ndag 30\/09&nbsp;&nbsp;&nbsp;&nbsp;&nbsp;&nbsp;&nbsp;&nbsp;&nbsp;&nbsp;&nbsp;&nbsp;&nbsp; CARITASS\u00d8NDAG \u2013 all kollekt p\u00e5 denne s\u00f8ndagen g\u00e5r til<br \/>\nCaritas Norge <\/div>\n<div class=\"MsoNormal\" style=\"line-height: 115%; margin-bottom: 6.0pt;\">\n<\/div>\n<div class=\"m8674392872933367555ingenmellomrom1\" style=\"line-height: 115%; margin-bottom: 6.0pt;\">\n<\/div>\n<div class=\"m8674392872933367555ingenmellomrom1\" style=\"line-height: 115%; margin-bottom: 6.0pt;\">\n&nbsp;&nbsp;&nbsp;&nbsp;&nbsp;&nbsp;&nbsp;&nbsp;&nbsp;&nbsp;&nbsp;&nbsp;&nbsp;&nbsp;&nbsp;&nbsp;&nbsp;&nbsp;&nbsp;&nbsp;&nbsp;&nbsp; <b>Alle er hjertelig velkommen til<br \/>\nkirkekaffe!<\/b><\/div>\n<div class=\"m8674392872933367555ingenmellomrom1\" style=\"line-height: 115%; margin-bottom: 6.0pt; margin-left: 35.4pt; margin-right: 0cm; margin-top: 5.0pt; text-indent: 35.4pt;\">\n<b>&nbsp;&nbsp;&nbsp;&nbsp;<br \/>\n\u00d8nsker dere en riktig god s\u00f8ndag!<\/b><\/div>\n<div class=\"Ingenmellomrom1\" style=\"line-height: 115%; margin-bottom: 6.0pt; margin-left: 35.4pt; margin-right: 0cm; margin-top: 0cm; text-indent: 35.4pt;\">\n<\/div>\n<p><\/p>\n","protected":false},"excerpt":{"rendered":"<p>Tirsdag 25\/09&nbsp;&nbsp;&nbsp;&nbsp;&nbsp;&nbsp;&nbsp;&nbsp;&nbsp;&nbsp;&nbsp;&nbsp;&nbsp; kl. 18.00&nbsp;&nbsp;&nbsp;&nbsp;&nbsp;&nbsp;&nbsp;&nbsp; Messe \u2013 etterfulgt av sakramentstilbedelse Onsdag 26\/09&nbsp;&nbsp;&nbsp;&nbsp;&nbsp;&nbsp;&nbsp;&nbsp;&nbsp;&nbsp;&nbsp;&nbsp; kl. 18.00&nbsp;&nbsp;&nbsp;&nbsp;&nbsp;&nbsp;&nbsp;&nbsp; Messe Torsdag 27\/09 &nbsp;&nbsp;&nbsp;&nbsp;&nbsp;&nbsp;&nbsp;&nbsp;&nbsp;&nbsp; kl. 11.00&nbsp;&nbsp;&nbsp;&nbsp;&nbsp;&nbsp;&nbsp;&nbsp; Messe \u2013 etterfulgt av felles lunsj i Kiga kl. 18.00 &nbsp;&nbsp;&nbsp;&nbsp;&nbsp;&nbsp;&nbsp; Messe Fredag 28\/09 &nbsp;&nbsp;&nbsp;&nbsp;&nbsp;&nbsp;&nbsp;&nbsp;&nbsp;&nbsp;&nbsp;&nbsp; kl. 18.00 &nbsp;&nbsp;&nbsp;&nbsp;&nbsp;&nbsp;&nbsp; Messe L\u00f8rdag 29\/09&nbsp;&nbsp;&nbsp;&nbsp;&nbsp;&nbsp;&nbsp;&nbsp;&nbsp;&nbsp;&nbsp;&nbsp;&nbsp;&nbsp;&#8230;<br \/><a class=\"read-more-button\" href=\"https:\/\/stansgar.katolsk.no\/?p=64\">Read more<\/a><\/p>\n","protected":false},"author":3,"featured_media":0,"comment_status":"open","ping_status":"open","sticky":false,"template":"","format":"standard","meta":{"footnotes":""},"categories":[1],"tags":[3],"class_list":["post-64","post","type-post","status-publish","format-standard","hentry","category-ukategorisert","tag-kunngjoringer"],"_links":{"self":[{"href":"https:\/\/stansgar.katolsk.no\/index.php?rest_route=\/wp\/v2\/posts\/64","targetHints":{"allow":["GET"]}}],"collection":[{"href":"https:\/\/stansgar.katolsk.no\/index.php?rest_route=\/wp\/v2\/posts"}],"about":[{"href":"https:\/\/stansgar.katolsk.no\/index.php?rest_route=\/wp\/v2\/types\/post"}],"author":[{"embeddable":true,"href":"https:\/\/stansgar.katolsk.no\/index.php?rest_route=\/wp\/v2\/users\/3"}],"replies":[{"embeddable":true,"href":"https:\/\/stansgar.katolsk.no\/index.php?rest_route=%2Fwp%2Fv2%2Fcomments&post=64"}],"version-history":[{"count":1,"href":"https:\/\/stansgar.katolsk.no\/index.php?rest_route=\/wp\/v2\/posts\/64\/revisions"}],"predecessor-version":[{"id":1512,"href":"https:\/\/stansgar.katolsk.no\/index.php?rest_route=\/wp\/v2\/posts\/64\/revisions\/1512"}],"wp:attachment":[{"href":"https:\/\/stansgar.katolsk.no\/index.php?rest_route=%2Fwp%2Fv2%2Fmedia&parent=64"}],"wp:term":[{"taxonomy":"category","embeddable":true,"href":"https:\/\/stansgar.katolsk.no\/index.php?rest_route=%2Fwp%2Fv2%2Fcategories&post=64"},{"taxonomy":"post_tag","embeddable":true,"href":"https:\/\/stansgar.katolsk.no\/index.php?rest_route=%2Fwp%2Fv2%2Ftags&post=64"}],"curies":[{"name":"wp","href":"https:\/\/api.w.org\/{rel}","templated":true}]}}