{"id":6391,"date":"2019-09-26T10:27:52","date_gmt":"2019-09-26T08:27:52","guid":{"rendered":"http:\/\/stansgar.katolsk.no\/?p=6391"},"modified":"2019-09-26T10:27:52","modified_gmt":"2019-09-26T08:27:52","slug":"kunngjoringer-29-september","status":"publish","type":"post","link":"https:\/\/stansgar.katolsk.no\/?p=6391","title":{"rendered":"Kunngj\u00f8ringer 29. september"},"content":{"rendered":"<p style=\"text-align: center\"><span style=\"font-family:Times New Roman;font-size:12pt\"><strong> KUNNGJ\u00d8RINGER S\u00d8NDAG 29. SEPTEMBER 2019<br \/>\n<\/strong><\/span><\/p>\n<p style=\"margin-left: 106pt\">\n\u00a0<\/p>\n<p style=\"margin-left: 106pt\">\n\u00a0<\/p>\n<div style=\"margin-left: 13pt\">\n<table style=\"border-collapse:collapse\" border=\"0\">\n<colgroup>\n<col style=\"width:67px\" \/>\n<col style=\"width:56px\" \/>\n<col style=\"width:31px\" \/>\n<col style=\"width:64px\" \/>\n<col style=\"width:444px\" \/><\/colgroup>\n<tbody valign=\"top\">\n<tr>\n<td colspan=\"5\" style=\"padding-left: 7px;padding-right: 7px\">\n<p><span style=\"font-family:Times New Roman;font-size:12pt\">Fra mandag 30. september til 3.oktober er det prestem\u00f8te i Mariaholm. P\u00e5 disse dagene er det ingen messer i St. Ansgar kirke. Vi ber for biskopen og prestene i v\u00e5rt katolske bisped\u00f8mme.<\/span><\/p>\n<\/td>\n<\/tr>\n<tr>\n<td style=\"padding-left: 7px;padding-right: 7px\">\n<p><span style=\"font-family:Times New Roman;font-size:12pt\">Fredag<\/span><\/p>\n<\/td>\n<td style=\"padding-left: 7px;padding-right: 7px\">\n<p><span style=\"font-family:Times New Roman;font-size:12pt\">4.10<\/span><\/p>\n<\/td>\n<td style=\"padding-left: 7px;padding-right: 7px\">\n<p><span style=\"font-family:Times New Roman;font-size:12pt\">kl.<\/span><\/p>\n<\/td>\n<td style=\"padding-left: 7px;padding-right: 7px\">\n<p><span style=\"font-family:Times New Roman;font-size:12pt\">17.00<\/span><\/p>\n<\/td>\n<td style=\"padding-left: 7px;padding-right: 7px\">\n<p><span style=\"font-family:Times New Roman;font-size:12pt\">Sakramentstilbedelse \u2013 Skriftem\u00e5l under tilbedelsen <\/span><\/p>\n<\/td>\n<\/tr>\n<tr>\n<td style=\"padding-left: 7px;padding-right: 7px\">\u00a0<\/td>\n<td style=\"padding-left: 7px;padding-right: 7px\">\n<p><span style=\"font-family:Times New Roman;font-size:12pt\">4.10.<\/span><\/p>\n<\/td>\n<td style=\"padding-left: 7px;padding-right: 7px\">\n<p><span style=\"font-family:Times New Roman;font-size:12pt\">kl.<\/span><\/p>\n<\/td>\n<td style=\"padding-left: 7px;padding-right: 7px\">\n<p><span style=\"font-family:Times New Roman;font-size:12pt\">18.00<\/span><\/p>\n<\/td>\n<td style=\"padding-left: 7px;padding-right: 7px\">\n<p><span style=\"font-family:Times New Roman;font-size:12pt\">Messe<\/span><\/p>\n<\/td>\n<\/tr>\n<tr style=\"height: 27px\">\n<td style=\"padding-left: 7px;padding-right: 7px\">\n<p><span style=\"font-family:Times New Roman;font-size:12pt\">L\u00f8rdag<\/span><\/p>\n<\/td>\n<td style=\"padding-left: 7px;padding-right: 7px\">\n<p><span style=\"font-family:Times New Roman;font-size:12pt\">5.10.<\/span><\/p>\n<\/td>\n<td style=\"padding-left: 7px;padding-right: 7px\">\n<p><span style=\"font-family:Times New Roman;font-size:12pt\">kl.<\/span><\/p>\n<\/td>\n<td style=\"padding-left: 7px;padding-right: 7px\">\n<p><span style=\"font-family:Times New Roman;font-size:12pt\">13.00<\/span><\/p>\n<\/td>\n<td style=\"padding-left: 7px;padding-right: 7px\">\n<p style=\"margin-left: 106pt\"><span style=\"font-family:Times New Roman;font-size:12pt\">Messe<\/span><\/p>\n<\/td>\n<\/tr>\n<tr style=\"height: 27px\">\n<td style=\"padding-left: 7px;padding-right: 7px\">\u00a0<\/td>\n<td style=\"padding-left: 7px;padding-right: 7px\">\u00a0<\/td>\n<td style=\"padding-left: 7px;padding-right: 7px\">\n<p><span style=\"font-family:Times New Roman;font-size:12pt\">kl.<\/span><\/p>\n<\/td>\n<td style=\"padding-left: 7px;padding-right: 7px\">\n<p><span style=\"font-family:Times New Roman;font-size:12pt\">18.00<\/span><\/p>\n<\/td>\n<td style=\"padding-left: 7px;padding-right: 7px\">\n<p style=\"margin-left: 106pt\"><span style=\"font-family:Times New Roman;font-size:12pt\">Messe p\u00e5 polsk<\/span><\/p>\n<\/td>\n<\/tr>\n<tr style=\"height: 25px\">\n<td style=\"padding-left: 7px;padding-right: 7px\">\n<p><span style=\"font-family:Times New Roman;font-size:12pt\">S\u00f8ndag<\/span><\/p>\n<\/td>\n<td style=\"padding-left: 7px;padding-right: 7px\">\n<p><span style=\"font-family:Times New Roman;font-size:12pt\">6.10.<\/span><\/p>\n<\/td>\n<td colspan=\"3\" style=\"padding-left: 7px;padding-right: 7px\">\n<p><span style=\"font-family:Times New Roman;font-size:12pt\">27. S\u00d8NDAG I DET ALMINNELIGE KIRKE\u00c5R<\/span><\/p>\n<\/td>\n<\/tr>\n<tr style=\"height: 33px\">\n<td style=\"padding-left: 7px;padding-right: 7px\">\u00a0<\/td>\n<td style=\"padding-left: 7px;padding-right: 7px\">\u00a0<\/td>\n<td style=\"padding-left: 7px;padding-right: 7px\">\n<p><span style=\"font-family:Times New Roman;font-size:12pt\">kl.<\/span><\/p>\n<\/td>\n<td style=\"padding-left: 7px;padding-right: 7px\">\n<p><span style=\"font-family:Times New Roman;font-size:12pt\">09.00<\/span><\/p>\n<\/td>\n<td style=\"padding-left: 7px;padding-right: 7px\">\n<p><span style=\"font-family:Times New Roman;font-size:12pt\">Messe p\u00e5 polsk<\/span><\/p>\n<\/td>\n<\/tr>\n<tr style=\"height: 33px\">\n<td style=\"padding-left: 7px;padding-right: 7px\">\u00a0<\/td>\n<td style=\"padding-left: 7px;padding-right: 7px\">\u00a0<\/td>\n<td style=\"padding-left: 7px;padding-right: 7px\">\n<p><span style=\"font-family:Times New Roman;font-size:12pt\">kl.<\/span><\/p>\n<\/td>\n<td style=\"padding-left: 7px;padding-right: 7px\">\n<p><span style=\"font-family:Times New Roman;font-size:12pt\">11.00<\/span><\/p>\n<\/td>\n<td style=\"padding-left: 7px;padding-right: 7px\">\n<p><span style=\"font-family:Times New Roman;font-size:12pt\">H\u00f8ymesse p\u00e5 norsk<\/span><\/p>\n<\/td>\n<\/tr>\n<tr style=\"height: 33px\">\n<td style=\"padding-left: 7px;padding-right: 7px\">\u00a0<\/td>\n<td style=\"padding-left: 7px;padding-right: 7px\">\u00a0<\/td>\n<td style=\"padding-left: 7px;padding-right: 7px\">\n<p><span style=\"font-family:Times New Roman;font-size:12pt\">kl.<\/span><\/p>\n<\/td>\n<td style=\"padding-left: 7px;padding-right: 7px\">\n<p><span style=\"font-family:Times New Roman;font-size:12pt\">13.00<\/span><\/p>\n<\/td>\n<td style=\"padding-left: 7px;padding-right: 7px\">\n<p><span style=\"font-family:Times New Roman;font-size:12pt\">Messe p\u00e5 vietnamesisk<\/span><\/p>\n<\/td>\n<\/tr>\n<\/tbody>\n<\/table>\n<\/div>\n<p><span style=\"font-family:Times New Roman;font-size:12pt\">Annet:<br \/>\n<\/span><\/p>\n<p><span style=\"font-family:Times New Roman;font-size:12pt\">&#8211; I oktober blir v\u00e5r menighet med p\u00e5 en ekstraordin\u00e6re m\u00e5neden for misjon if\u00f8lge Pave Frans invitasjon og v\u00e5r hyrde biskop Bernts \u00f8nsker:<br \/>\n<\/span><\/p>\n<ul>\n<li><span style=\"font-family:Times New Roman;font-size:12pt\">Vi ber rosenkransen i kirken: onsdag p\u00e5 vietnamesisk, torsdag og fredag p\u00e5 norsk, l\u00f8rdag p\u00e5 polsk.<br \/>\n<\/span><\/li>\n<li><span style=\"font-family:Times New Roman;font-size:12pt\">Vi ber \u00abB\u00f8nn for misjon\u00bb skrevet av Pave Frans, etter kommunionen i hver messe.<br \/>\n<\/span><\/li>\n<li><span style=\"font-family:Times New Roman;font-size:12pt\">Alle oppfordres til \u00e5 be rosenkransen i familien, grupper, katekesen og individuelt.<br \/>\n<\/span><\/li>\n<\/ul>\n<p><span style=\"font-family:Times New Roman;font-size:12pt\">&#8211; 29. september er det igjen klart for den \u00e5rlige Caritas-s\u00f8ndagen. All kollekt p\u00e5 Caritas-s\u00f8ndagen g\u00e5r til Caritas sitt arbeid.<br \/>\n<\/span><\/p>\n<p><span style=\"font-family:Times New Roman;font-size:12pt\">&#8211; Tirsdag 1. oktober klokken 19.00 er det bibelgruppe i Kiga.<br \/>\n<\/span><\/p>\n<p><span style=\"font-family:Times New Roman;font-size:12pt\">&#8211; Torsdag 3. oktober er det troskurs kl. 18.45.<br \/>\n<\/span><\/p>\n<p style=\"background: white\"><span style=\"font-family:Times New Roman\"><span style=\"font-size:12pt\">&#8211; Vi minner om at forberedelsen til konfirmasjonen er to \u00e5r. Alle nye konfirmasjonskandidater m\u00e5 begynne p\u00e5 konfirmasjonskurs for f\u00f8rste\u00e5rskonfirmanter (8. klasse). <\/span>Etter 9. november tar vi ikke imot nye konfirmantkandidater. Det betyr at de m\u00e5 vente til september 2020 for \u00e5 begynne p\u00e5 konfirmasjonskurs for<strong><br \/>\n\t\t\t<\/strong>f\u00f8rste\u00e5rskonfirmanter.<br \/>\n<\/span><\/p>\n<p>\n\u00a0<\/p>\n<p>\n\u00a0<\/p>\n<p><span style=\"color:#c00000;font-family:Times New Roman;font-size:12pt\">Alle er hjertelig velkommen til kirkekaffe. \u00d8nsker dere en riktig god s\u00f8ndag!<\/span><\/p>\n","protected":false},"excerpt":{"rendered":"<p>KUNNGJ\u00d8RINGER S\u00d8NDAG 29. SEPTEMBER 2019 \u00a0 \u00a0 Fra mandag 30. september til 3.oktober er det prestem\u00f8te i Mariaholm. P\u00e5 disse dagene er det ingen messer i St. Ansgar kirke. Vi ber for biskopen og prestene i v\u00e5rt katolske bisped\u00f8mme. Fredag&#8230;<br \/><a class=\"read-more-button\" href=\"https:\/\/stansgar.katolsk.no\/?p=6391\">Read more<\/a><\/p>\n","protected":false},"author":5,"featured_media":0,"comment_status":"open","ping_status":"open","sticky":false,"template":"","format":"standard","meta":{"footnotes":""},"categories":[204],"tags":[],"class_list":["post-6391","post","type-post","status-publish","format-standard","hentry","category-ukategorisert-nb"],"_links":{"self":[{"href":"https:\/\/stansgar.katolsk.no\/index.php?rest_route=\/wp\/v2\/posts\/6391","targetHints":{"allow":["GET"]}}],"collection":[{"href":"https:\/\/stansgar.katolsk.no\/index.php?rest_route=\/wp\/v2\/posts"}],"about":[{"href":"https:\/\/stansgar.katolsk.no\/index.php?rest_route=\/wp\/v2\/types\/post"}],"author":[{"embeddable":true,"href":"https:\/\/stansgar.katolsk.no\/index.php?rest_route=\/wp\/v2\/users\/5"}],"replies":[{"embeddable":true,"href":"https:\/\/stansgar.katolsk.no\/index.php?rest_route=%2Fwp%2Fv2%2Fcomments&post=6391"}],"version-history":[{"count":1,"href":"https:\/\/stansgar.katolsk.no\/index.php?rest_route=\/wp\/v2\/posts\/6391\/revisions"}],"predecessor-version":[{"id":6392,"href":"https:\/\/stansgar.katolsk.no\/index.php?rest_route=\/wp\/v2\/posts\/6391\/revisions\/6392"}],"wp:attachment":[{"href":"https:\/\/stansgar.katolsk.no\/index.php?rest_route=%2Fwp%2Fv2%2Fmedia&parent=6391"}],"wp:term":[{"taxonomy":"category","embeddable":true,"href":"https:\/\/stansgar.katolsk.no\/index.php?rest_route=%2Fwp%2Fv2%2Fcategories&post=6391"},{"taxonomy":"post_tag","embeddable":true,"href":"https:\/\/stansgar.katolsk.no\/index.php?rest_route=%2Fwp%2Fv2%2Ftags&post=6391"}],"curies":[{"name":"wp","href":"https:\/\/api.w.org\/{rel}","templated":true}]}}