{"id":6378,"date":"2019-09-19T11:10:46","date_gmt":"2019-09-19T09:10:46","guid":{"rendered":"http:\/\/stansgar.katolsk.no\/?p=6378"},"modified":"2019-09-19T11:10:46","modified_gmt":"2019-09-19T09:10:46","slug":"messetider-i-vest","status":"publish","type":"post","link":"https:\/\/stansgar.katolsk.no\/?p=6378","title":{"rendered":"Messetider i vest"},"content":{"rendered":"<p style=\"text-align: center\"><span style=\"font-size:12pt\"><strong>ST ANSGAR KATOLSK MENIGHET<br \/>\n<\/strong><\/span><\/p>\n<p style=\"text-align: center\"><span style=\"font-size:12pt\">Kirkegata 3, 4610 Kristiansand<br \/>\n<\/span><\/p>\n<p><span style=\"font-size:12pt\">\u00a0\u00a0\u00a0\u00a0\u00a0\u00a0\u00a0\u00a0\u00a0\u00a0\u00a0\u00a0\u00a0\u00a0\u00a0\u00a0\u00a0\u00a0\u00a0\u00a0\u00a0\u00a0\u00a0\u00a0\u00a0\u00a0\u00a0\u00a0\u00a0\u00a0\u00a0\u00a0\u00a0\u00a0\u00a0\u00a0\u00a0\u00a0\u00a0\u00a0        Kristiansand, 19.09.19<br \/>\n<\/span><\/p>\n<p><span style=\"font-size:12pt\">Kj\u00e6re katolikker i vest,<br \/>\n<\/span><\/p>\n<p><span style=\"font-size:12pt\">her er en liste over messene h\u00f8sten 2019. Det er mulighet for skriftem\u00e5l en halv time f\u00f8r messen.<br \/>\n<\/span><\/p>\n<p>\n\u00a0<\/p>\n<div>\n<table style=\"border-collapse:collapse\" border=\"0\">\n<colgroup>\n<col style=\"width:315px\" \/>\n<col style=\"width:312px\" \/><\/colgroup>\n<tbody valign=\"top\">\n<tr>\n<td style=\"padding-left: 7px;padding-right: 7px\">\n<p><span style=\"font-size:12pt\"><strong><span style=\"text-decoration:underline\">STELLA MARIS I MANDAL<\/span> &#8211; Leirvikveien 16<\/strong><\/span><\/p>\n<\/td>\n<td style=\"padding-left: 7px;padding-right: 7px\">\n<p><span style=\"font-size:12pt\"><strong>Messe andre s\u00f8ndag i m\u00e5neden<\/strong><\/span><\/p>\n<\/td>\n<\/tr>\n<tr>\n<td style=\"padding-left: 7px;padding-right: 7px\">\n<p>\n\u00a0<\/p>\n<p><span style=\"font-size:12pt\">S\u00f8ndag 8. september kl. 17.00<br \/>\n<\/span><\/p>\n<\/td>\n<td style=\"padding-left: 7px;padding-right: 7px\">\u00a0<\/td>\n<\/tr>\n<tr>\n<td style=\"padding-left: 7px;padding-right: 7px\">\n<p><span style=\"font-size:12pt\">S\u00f8ndag 13. oktober kl. 17.00<br \/>\n<\/span><\/p>\n<\/td>\n<td style=\"padding-left: 7px;padding-right: 7px\">\u00a0<\/td>\n<\/tr>\n<tr>\n<td style=\"padding-left: 7px;padding-right: 7px\">\n<p><span style=\"font-size:12pt\">S\u00f8ndag 17. november kl. 17.00<\/span><\/p>\n<\/td>\n<td style=\"padding-left: 7px;padding-right: 7px\">\n<p><span style=\"font-size:12pt\">OBS! Messen er 3. s\u00f8ndag i m\u00e5neden &#8211; Ny dag!!!<\/span><\/p>\n<\/td>\n<\/tr>\n<tr>\n<td style=\"padding-left: 7px;padding-right: 7px\">\n<p>\n\u00a0<\/p>\n<p><span style=\"font-size:12pt\">S\u00f8ndag 08. desember kl. 17.00<br \/>\n<\/span><\/p>\n<\/td>\n<td style=\"padding-left: 7px;padding-right: 7px\">\u00a0<\/td>\n<\/tr>\n<tr>\n<td style=\"padding-left: 7px;padding-right: 7px\">\u00a0<\/td>\n<td style=\"padding-left: 7px;padding-right: 7px\">\u00a0<\/td>\n<\/tr>\n<tr>\n<td style=\"padding-left: 7px;padding-right: 7px\">\n<p><span style=\"font-size:12pt\"><strong><span style=\"text-decoration:underline\">LYNGDAL NYE KIRKESENTER<\/span> &#8211; Fiboveien 32<br \/>\n<\/strong><\/span><\/p>\n<p><span style=\"font-size:12pt\"><strong>\u00a0\u00a0\u00a0\u00a0<\/strong><\/span><\/p>\n<\/td>\n<td style=\"padding-left: 7px;padding-right: 7px\">\n<p><span style=\"font-size:12pt\"><strong>Messe fjerde l\u00f8rdag i m\u00e5neden\u00a0\u00a0\u00a0\u00a0<\/strong><\/span><\/p>\n<\/td>\n<\/tr>\n<tr>\n<td style=\"padding-left: 7px;padding-right: 7px\">\n<p><span style=\"font-size:12pt\">L\u00f8rdag 28. september kl. 14.00<br \/>\n<\/span><\/p>\n<\/td>\n<td style=\"padding-left: 7px;padding-right: 7px\">\u00a0<\/td>\n<\/tr>\n<tr>\n<td style=\"padding-left: 7px;padding-right: 7px\">\n<p><span style=\"font-size:12pt\">L\u00f8rdag 26. oktober \u00a0\u00a0\u00a0\u00a0<\/span><\/p>\n<\/td>\n<td style=\"padding-left: 7px;padding-right: 7px\">\n<p><span style=\"font-size:12pt\">OBS! IKKE MESSE!<\/span><\/p>\n<\/td>\n<\/tr>\n<tr>\n<td style=\"padding-left: 7px;padding-right: 7px\">\n<p>\n\u00a0<\/p>\n<p><span style=\"font-size:12pt\">L\u00f8rdag 23. november kl. 14.00<br \/>\n<\/span><\/p>\n<\/td>\n<td style=\"padding-left: 7px;padding-right: 7px\">\u00a0<\/td>\n<\/tr>\n<tr>\n<td style=\"padding-left: 7px;padding-right: 7px\">\n<p><span style=\"font-size:12pt\">L\u00f8rdag 28. desember kl. 14.00<br \/>\n<\/span><\/p>\n<\/td>\n<td style=\"padding-left: 7px;padding-right: 7px\">\u00a0<\/td>\n<\/tr>\n<tr>\n<td style=\"padding-left: 7px;padding-right: 7px\">\u00a0<\/td>\n<td style=\"padding-left: 7px;padding-right: 7px\">\u00a0<\/td>\n<\/tr>\n<tr>\n<td style=\"padding-left: 7px;padding-right: 7px\">\n<p><span style=\"font-size:12pt\"><strong><span style=\"text-decoration:underline\">FLEKKEFJORD<\/span> &#8211; Nygaten 7\u00a0\u00a0\u00a0\u00a0<br \/><\/strong><\/span><\/p>\n<\/td>\n<td style=\"padding-left: 7px;padding-right: 7px\">\n<p><span style=\"font-size:12pt\"><strong>Messe fjerde l\u00f8rdag i m\u00e5neden<\/strong><\/span><\/p>\n<\/td>\n<\/tr>\n<tr>\n<td style=\"padding-left: 7px;padding-right: 7px\">\n<p><span style=\"font-size:12pt\">L\u00f8rdag 28. september kl. 17.00<br \/>\n<\/span><\/p>\n<\/td>\n<td style=\"padding-left: 7px;padding-right: 7px\">\u00a0<\/td>\n<\/tr>\n<tr>\n<td style=\"padding-left: 7px;padding-right: 7px\">\n<p><span style=\"font-size:12pt\">L\u00f8rdag 26. oktober<\/span><\/p>\n<\/td>\n<td style=\"padding-left: 7px;padding-right: 7px\">\n<p><span style=\"font-size:12pt\">OBS! IKKE MESSE!<\/span><\/p>\n<\/td>\n<\/tr>\n<tr>\n<td style=\"padding-left: 7px;padding-right: 7px\">\n<p>\n\u00a0<\/p>\n<p><span style=\"font-size:12pt\">L\u00f8rdag 23. november kl. 17.00<br \/>\n<\/span><\/p>\n<\/td>\n<td style=\"padding-left: 7px;padding-right: 7px\">\u00a0<\/td>\n<\/tr>\n<tr>\n<td style=\"padding-left: 7px;padding-right: 7px\">\n<p><span style=\"font-size:12pt\">L\u00f8rdag 28. desember kl. 17.00<br \/>\n<\/span><\/p>\n<\/td>\n<td style=\"padding-left: 7px;padding-right: 7px\">\u00a0<\/td>\n<\/tr>\n<\/tbody>\n<\/table>\n<\/div>\n<p>\n\u00a0<\/p>\n<p><span style=\"font-size:12pt\"><br \/>\n\t\t\t<strong>Vennlig hilsen<\/strong><br \/>\n\t\t<\/span><\/p>\n<p><span style=\"font-size:12pt\"><br \/>p. Dang Quang Tien<br \/>\n<\/span><\/p>\n<p><span style=\"font-size:12pt\">Sogneadministrator<\/span><\/p>\n","protected":false},"excerpt":{"rendered":"<p>ST ANSGAR KATOLSK MENIGHET Kirkegata 3, 4610 Kristiansand \u00a0\u00a0\u00a0\u00a0\u00a0\u00a0\u00a0\u00a0\u00a0\u00a0\u00a0\u00a0\u00a0\u00a0\u00a0\u00a0\u00a0\u00a0\u00a0\u00a0\u00a0\u00a0\u00a0\u00a0\u00a0\u00a0\u00a0\u00a0\u00a0\u00a0\u00a0\u00a0\u00a0\u00a0\u00a0\u00a0\u00a0\u00a0\u00a0\u00a0 Kristiansand, 19.09.19 Kj\u00e6re katolikker i vest, her er en liste over messene h\u00f8sten 2019. Det er mulighet for skriftem\u00e5l en halv time f\u00f8r messen. \u00a0 STELLA MARIS I MANDAL &#8211; Leirvikveien&#8230;<br \/><a class=\"read-more-button\" href=\"https:\/\/stansgar.katolsk.no\/?p=6378\">Read more<\/a><\/p>\n","protected":false},"author":5,"featured_media":0,"comment_status":"open","ping_status":"open","sticky":false,"template":"","format":"standard","meta":{"footnotes":""},"categories":[204],"tags":[],"class_list":["post-6378","post","type-post","status-publish","format-standard","hentry","category-ukategorisert-nb"],"_links":{"self":[{"href":"https:\/\/stansgar.katolsk.no\/index.php?rest_route=\/wp\/v2\/posts\/6378","targetHints":{"allow":["GET"]}}],"collection":[{"href":"https:\/\/stansgar.katolsk.no\/index.php?rest_route=\/wp\/v2\/posts"}],"about":[{"href":"https:\/\/stansgar.katolsk.no\/index.php?rest_route=\/wp\/v2\/types\/post"}],"author":[{"embeddable":true,"href":"https:\/\/stansgar.katolsk.no\/index.php?rest_route=\/wp\/v2\/users\/5"}],"replies":[{"embeddable":true,"href":"https:\/\/stansgar.katolsk.no\/index.php?rest_route=%2Fwp%2Fv2%2Fcomments&post=6378"}],"version-history":[{"count":1,"href":"https:\/\/stansgar.katolsk.no\/index.php?rest_route=\/wp\/v2\/posts\/6378\/revisions"}],"predecessor-version":[{"id":6379,"href":"https:\/\/stansgar.katolsk.no\/index.php?rest_route=\/wp\/v2\/posts\/6378\/revisions\/6379"}],"wp:attachment":[{"href":"https:\/\/stansgar.katolsk.no\/index.php?rest_route=%2Fwp%2Fv2%2Fmedia&parent=6378"}],"wp:term":[{"taxonomy":"category","embeddable":true,"href":"https:\/\/stansgar.katolsk.no\/index.php?rest_route=%2Fwp%2Fv2%2Fcategories&post=6378"},{"taxonomy":"post_tag","embeddable":true,"href":"https:\/\/stansgar.katolsk.no\/index.php?rest_route=%2Fwp%2Fv2%2Ftags&post=6378"}],"curies":[{"name":"wp","href":"https:\/\/api.w.org\/{rel}","templated":true}]}}