{"id":6370,"date":"2019-09-19T09:40:22","date_gmt":"2019-09-19T07:40:22","guid":{"rendered":"http:\/\/stansgar.katolsk.no\/?p=6370"},"modified":"2019-09-19T09:40:23","modified_gmt":"2019-09-19T07:40:23","slug":"referat-menighetsradsmote-11-09-19-st-ansgar-menighet","status":"publish","type":"post","link":"https:\/\/stansgar.katolsk.no\/?p=6370","title":{"rendered":"Referat menighetsr\u00e5dsm\u00f8te 11.09.19 St. Ansgar menighet"},"content":{"rendered":"\n<p>Her f\u00f8lger referat fra v\u00e5rt menighetsr\u00e5dsm\u00f8te 11. september hvor representanter fra nasjonale grupper, ministranter, kor og organist var tilstede p\u00e5 siste del av m\u00f8tet. Anne Mette Ringdal fra Oslo Katolske Bisped\u00f8mme var med p\u00e5 f\u00f8rste del av menighetsr\u00e5dsm\u00f8tet.<\/p>\n\n\n\n<p>Tilstede: P. Quang Tien Dang,   P. Dawid Bana\u015b, John Arngrim Hunnes,   Wlodzimierz Dyzma, Ane Ugland Alb\u00e6k, Luan Van Nguyen, Jocelyn Augland, Xuat   Minh Dang, Tinh Van Doan, Daniel Habtay, Kristian Teofilovic.   Representanter for nasjonale grupper, kor og ministranter deltok f.o.m. sak. 33\/19.   Anne-Mette Ringdal deltok under sak 28\/19.<\/p>\n\n\n\n<p>Neste m\u00f8te: onsdag 09.10.19, kl 18.45, KIGA<\/p>\n\n\n\n<p>Ikke tilstede: Joanna Rodziewicz<\/p>\n\n\n\n<p><strong>Sak 27\/19 Godkjenning av innkallelse og saksliste<\/strong><\/p>\n\n\n\n<p>Innkallelse og\nsaksliste godkjent. Sak 35\/19 og 36\/19 fjernes p\u00e5 grunn av manglende tid.<\/p>\n\n\n\n<p><strong>Sak 28A\/19 Informasjon<\/strong><\/p>\n\n\n\n<p>Ny menighetssekret\u00e6r<\/p>\n\n\n\n<p>Bakgrunn\nfor saken: V\u00e5r n\u00e5v\u00e6rende menighetssekret\u00e6r g\u00e5r om kort tid av med pensjon, og i\nden forbindelse skal vi utlyse stillingen. Anne-Mette Ringdal, p. Tien og Ane\nhar laget et forslag til utlysningstekst (jobbannonse).<\/p>\n\n\n\n<p>Vedtak:\nDen foresl\u00e5tte jobbannonsen godkjennes med noen sm\u00e5 endringer. S\u00f8knadsfristen\nsettes til 30.09.19. Personlig egnethet vektlegges. 43% fast stilling med\narbeidstid tirsdag \u2013 fredag kl. 1000 \u2013 1400, noe tillegg i helg og kveld m\u00e5\nforventes v\/ behov. Annonsen vil bl. a. legges ut p\u00e5 katolsk.no, men vi i\nmenigheten oppfordres til \u00e5 finne kandidater som kan v\u00e6re aktuelle.<\/p>\n\n\n\n<p><strong>Sak 28B\/19 Informasjon<\/strong><\/p>\n\n\n\n<p>Styre for Stella Maris<\/p>\n\n\n\n<p>Bakgrunn\nfor saken: Stella Maris eies av Oslo Katolske Bisped\u00f8mme (OKB) og skal i likhet\nmed Mariaholm ha et eget styre som drifter eiendommen p\u00e5 vegne av OKB. <\/p>\n\n\n\n<p>F\u00f8lgende\nstyre er foresl\u00e5tt:<br>\n&nbsp;&nbsp;&nbsp;&nbsp;&nbsp;&nbsp;&nbsp; Sindre-Jacob Bostad (rep. for OKB\nog styreleder)<br>\n&nbsp;&nbsp;&nbsp;&nbsp;&nbsp;&nbsp;&nbsp; P. Louis Dang Quang Tien\n(sogneprest)<br>\n&nbsp;&nbsp;&nbsp;&nbsp;&nbsp;&nbsp;&nbsp; P. Dawid Bana\u015b (kapellan)<br>\n&nbsp;&nbsp;&nbsp;&nbsp;&nbsp;&nbsp;&nbsp; Ane Ugland Alb\u00e6k (leder av\nmen.r\u00e5d.)<br>\n&nbsp;&nbsp;&nbsp;&nbsp;&nbsp;&nbsp;&nbsp; Wlodzimierz Dyzma (aktiv\nfrivillig)<br>\n&nbsp;&nbsp;&nbsp;&nbsp;&nbsp;&nbsp;&nbsp; Hieu Van Nguyen (kompetanse, bygg)<br>\n&nbsp;&nbsp;&nbsp;&nbsp;&nbsp;&nbsp;&nbsp; Ole Bj\u00f8rn H\u00e6geland (vaktmester\nStella Maris) <\/p>\n\n\n\n<p>F\u00f8lgende mandat er foresl\u00e5tt:<\/p>\n\n\n\n<p>Stella Maris skal brukes som\nleirsted for St. Ansgar menighet, OKB og NUK og som retreatsted.<\/p>\n\n\n\n<p>Styrets oppgaver vil v\u00e6re \u00e5\nutarbeide\/oppdatere retningslinjer for bruk av stedet og vurdere om eiendommen\nkan utnyttes mer effektivt. I samarbeid med \u00f8konomi- og eiendomsavdelingen i\nOKB skal styret utarbeide budsjett samt godkjenne \u00e5rsregnskap og utarbeide en\nplan for drift og vedlikehold. <\/p>\n\n\n\n<p>Vedtak: Menighetsr\u00e5det godkjenner\nforslag til styremedlemmer\/leder og styremandat.<\/p>\n\n\n\n<p><strong>Sak 29\/19 Menighetens ungdomsarbeid SAUL<\/strong><\/p>\n\n\n\n<p>Bakgrunn for saken:\nUngdomsarbeidet har st\u00e5tt stille etter sommeren og det er n\u00f8dvendig med tiltak\nfor \u00e5 f\u00e5 det i gang igjen. <\/p>\n\n\n\n<p>Vedtak: F\u00f8lgende tiltak b\u00f8r gjennomf\u00f8res:<br>\nVi finner 3 voksne som kan hjelpe ungdommene organisere og gjennomf\u00f8re SAUL\nsitt arbeid. De voksne m\u00e5 ha forskjellige nasjonaliteter for \u00e5 bidra til\nmangfoldig rekruttering til SAUL.<br>\nVi sp\u00f8r konfirmantene p\u00e5 konfirmantleiren om hva slags ungdomsarbeid de \u00f8nsker\nseg.<br>\n&nbsp;&nbsp;&nbsp;&nbsp;&nbsp;&nbsp;&nbsp;&nbsp;&nbsp;&nbsp;&nbsp;&nbsp;&nbsp;&nbsp;&nbsp; <\/p>\n\n\n\n<p><strong>Sak 30\/19 Natteravner 19. oktober<\/strong><\/p>\n\n\n\n<p>Bakgrunn for saken: Vi er\ninvitert til \u00e5 v\u00e6re natteravner, denne gang 19. oktober. <\/p>\n\n\n\n<p>Vedtak: Vi vil gjerne\nat noen fra menigheten blir med. Dette er et viktig milj\u00f8tiltak ogs\u00e5 for v\u00e5re\nungdommer. Ingen i menighetsr\u00e5det har anledning, men alle har ansvar for \u00e5\nfinne noen som kan delta. Ved sp\u00f8rsm\u00e5l kan Ane kontaktes. <\/p>\n\n\n\n<p><strong>Sak 31\/19 Caritas<\/strong><\/p>\n\n\n\n<p>Vi dr\u00f8fter foresl\u00e5tt\nmandat som er utarbeidet i tr\u00e5d med OKBs anbefalinger. Mandatet er utformet og\nbegrunnet med v\u00e5r intensjon om at Caritas-arbeidet ang\u00e5r og inkluderer hele\nmenigheten og at alle skal f\u00e5 muligheten til \u00e5 v\u00e6re med \u00e5 bidra. Vi f\u00f8lger OKBs\nanbefalinger om at menighetsr\u00e5det har ansvar for Caritas-arbeidet, da\nmenighetsr\u00e5dets medlemmer er demokratisk valgt av hele menigheten. Menigheten\noppnevner en Caritas-gruppe p\u00e5 3-6 personer som organiserer arbeidet og\nrapporterer til menighetsr\u00e5det.<\/p>\n\n\n\n<p>Vedtak: Mandatet\nvedtas.<\/p>\n\n\n\n<p><strong>Sak 32\/19 Eventuelt<\/strong><\/p>\n\n\n\n<p>Ingen saker.<\/p>\n\n\n\n<p><strong>Sak 33\/19 Evaluering av internasjonal dag<\/strong><\/p>\n\n\n\n<p>Dette var bra ved \u00e5rets arrangement:<br>De nasjonale gruppene stilte sterkt! B\u00e5de mye god mat og god underholdning.  Praktisk rigging fungerte bra.&nbsp;&nbsp;&nbsp;&nbsp;&nbsp;&nbsp;&nbsp;&nbsp;&nbsp;&nbsp;&nbsp;&nbsp;&nbsp;&nbsp;&nbsp;&nbsp;&nbsp;&nbsp;&nbsp;&nbsp;&nbsp;&nbsp;&nbsp;&nbsp;&nbsp;&nbsp;&nbsp;&nbsp;&nbsp;&nbsp;&nbsp;&nbsp;&nbsp;&nbsp;&nbsp;&nbsp;&nbsp;&nbsp;&nbsp;&nbsp;&nbsp;&nbsp;&nbsp;&nbsp;&nbsp;&nbsp;&nbsp;&nbsp;&nbsp;&nbsp; Masse mennesker og god stemning<br>Innsamling p\u00e5 kr 33&nbsp;088,- er ny rekord, og er 12&nbsp;000,- mer enn sist!<\/p>\n\n\n\n<p>Dette kan forbedres til neste gang:<br> Arrangere leker for barna inne i bakg\u00e5rden.<br> Skaffe bedre lyd, kanskje flere h\u00f8yttalere til andre siden av gata.<br>Avtale i forkant slik at vi har deltakere fra alle grupper til nedrigging\/rydding.<br>Behov for flere stoler og bord \u2013 gjerne i gata? Alle kan ta med stoler hjemmefra.<br>Ha felles velsignelse av maten f\u00f8r salget starter.<br>Invitere andre menigheter                                                                                   Sperre av et st\u00f8rre omr\u00e5de (?)<\/p>\n\n\n\n<p>Vedtak: Neste internasjonal dag arrangeres 23.08.20.<\/p>\n\n\n\n<p><strong>Sak 34\/19 Planlegge Mariaprosesjon 12. oktober<\/strong><\/p>\n\n\n\n<p>Vedtak: 12. oktober\nskal menigheten ha en Mariaprosesjon i Kristiansands gater. Det starter med\nmesse kl. 1700. P. Hallvard Hole bes\u00f8ker oss denne dagen. Etter messen er det prosesjon\nmed f\u00f8lgende rute: Kirkegata &#8211; Gyldenl\u00f8ves gate &#8211; Markens gate \u2013\nKongens gate. Politiet skal orienteres om v\u00e5re planer.<\/p>\n\n\n\n<p>Rekkef\u00f8lge i\nprosesjonen: Kors, folk, h\u00f8yttaler, ministranter, prester, Marias trone, kor,\nfolk. Ane opplyser om rekkef\u00f8lgen under kunngj\u00f8ringene og oppfordrer ellers folk\ntil \u00e5 f\u00f8lge vakter med refleksvester. Koret g\u00e5r ned og starter synging inne f\u00f8r\nde g\u00e5r ut i prosesjonen.<\/p>\n\n\n\n<p>Vaktgruppe: Tinh\norganiserer.<\/p>\n\n\n\n<p>Teknisk gruppe: M\u00e5\nfinne en l\u00f8sning for blomstene og vann for \u00e5 unng\u00e5 at det veier for mye. Arek\nog Tihn leder dette. Luan teller lys og bestiller mer om n\u00f8dvendig <\/p>\n\n\n\n<p>B\u00e6regruppe: Vi trenger\nmange som kan dele p\u00e5 \u00e5 b\u00e6re. Alle som \u00f8nsker \u00e5 b\u00e6re Jomfru Maria er velkomne\ntil det. De som vil v\u00e6re med m\u00e5 ta kontakt med Arek minst \u00e9n uke f\u00f8r. Kleskode:\nm\u00f8rk dress.<\/p>\n\n\n\n<p>I prosesjonen leser vi\nalle b\u00f8nnene p\u00e5 norsk slik at vi kan samles i felles b\u00f8nn og slik at\nandre rundt oss forst\u00e5r hva vi sier. Sanger er fortsatt p\u00e5 ulike spr\u00e5k. Eritreisk\ngruppe mangler sang i hefte og m\u00e5 sende til p. Tien.<\/p>\n\n\n\n<p>Kristian Teofilovic<br>\nSign.<\/p>\n\n\n\n<p><strong>Vedlegg:<\/strong><\/p>\n\n\n\n<p><strong>Mandat for Caritas-gruppen i St.Ansgar<\/strong><\/p>\n\n\n\n<p>Oslo Katolske Bisped\u00f8mme anbefaler at den lokale Caritas-gruppen organiseres\nmed en formalisert struktur og et etablert st\u00f8tteapparat for \u00e5 \u00f8ke sjansen for\nat gruppen blir veldrevet, motiverende og kan best\u00e5 over lengre tid. Dette\nmandatet regulerer Caritas-gruppen i St.Ansgar.<\/p>\n\n\n\n<p><em><strong>Form\u00e5l<\/strong><\/em><\/p>\n\n\n\n<p>Caritas-gruppen skal planlegge og organisere diakonalt arbeid i\nmenigheten. <\/p>\n\n\n\n<ul class=\"wp-block-list\"><li>Diakonalt arbeid er \u00e5 arbeide sammen for \u00e5 utf\u00f8re en av kirkens\noppgaver, nemlig \u00e5 vise kj\u00e6rlighet og \u00e5 skape rettferdighet og fri\u00adhet. Alle\nkristne er kalt til \u00e5 v\u00e6re med p\u00e5 dette. Selv den minste handling som springer\nut fra neste\u00adkj\u00e6rlighet er \u00e5 delta i Guds rike.<\/li><li>Diakonalt arbeid er en oppgave for hele menigheten som et fellesskap,\nselv om det ofte planlegges og utf\u00f8res av en gruppe personer. Caritas-gruppen\nvil derfor arbeide for at flest mulig f\u00e5r delta i arbeidet og vi \u00f8nsker alle\nsm\u00e5 og store bidrag velkomne.<\/li><li>Caritas-gruppen jobber for \u00e5 gj\u00f8re det enkelt for folk i menigheten \u00e5\nbidra i det diakonale arbeidet og samtidig hjelpe dem \u00e5 leve slik som v\u00e5r tro\nkaller oss til.<\/li><li>Caritas-gruppen tenker langsiktig og har fokus p\u00e5 \u00e5 organisere gode\ndiakonale tiltak som kan involvere mange i menigheten og bygge fellesskap og\nengasjement. Hvor bra Caritas-arbeidet er m\u00e5les ikke i kvantitet eller i fors\u00f8k\np\u00e5 \u00e5 gj\u00f8re alt p\u00e5 en gang.<\/li><\/ul>\n\n\n\n<p><strong><em>Struktur<\/em><\/strong><\/p>\n\n\n\n<ul class=\"wp-block-list\"><li>Sogneprest og menighetsr\u00e5d er \u00f8verste organ i menigheten og er ansvarlig\nfor det liturgiske, kateke\u00adtiske og organiserte diakonale arbeidet i\nmenigheten. <\/li><li>Caritas-gruppen er underlagt sognepresten og menighetsr\u00e5det som godkjenner dens \u00e5rsplaner og\nbudsjetter. <\/li><li>Caritas-gruppen har det administrative og fag\u00adlige ansvaret for de\norganiserte diakonale aktiviteter som drives i menigheten.<\/li><\/ul>\n\n\n\n<p><strong><em>Oppgaver og ansvar<\/em><\/strong> <\/p>\n\n\n\n<ul class=\"wp-block-list\"><li>Caritas-gruppen koordinerer det diakonale arbeidet som drives i\nmenigheten, og organiserer og gjennomf\u00f8rer nye oppgaver som b\u00f8r prioriteres.<\/li><li>Gruppen kan best\u00e5 av 3 til 6 personer som er aktive i menigheten og som\nkjenner dens problem\u00adomr\u00e5der godt. Medlemmene i gruppen velges av\nmenighetsr\u00e5det.<\/li><li>Gruppen fremlegger \u00e5rlige handlingsplaner og m\u00e5lsetninger for neste \u00e5rs\ndiakonale aktiviteter som drives i regi av menigheten for godkjennelse i menighetsr\u00e5det.<\/li><li>Gruppen fremlegger ogs\u00e5 \u00e5rsrapport for\nmenighetsr\u00e5det.<\/li><li>Gruppen utpeker en koordinator\/leder for menighetens frivillige\ndiakonale arbeid.<\/li><li>Gruppen b\u00f8r i sitt arbeid ha n\u00e6r kontakt med Caritas Norge som kan bidra\nmed informasjon, veiled\u00adning og som kan v\u00e6re arrang\u00f8r av informasjonsm\u00f8ter og\nseminarer.<\/li><li>Gruppen har ogs\u00e5 ansvaret for menighetens solidaritetsengasjement med\nfattige i utlandet.<\/li><\/ul>\n\n\n\n<p><strong><em>\u00d8konomi<\/em><\/strong><\/p>\n\n\n\n<ul class=\"wp-block-list\"><li>Caritas-gruppen lager et \u00e5rsregnskap med oversikt over inntekter og utgifter\nsom fremlegges menighetsr\u00e5det.<\/li><li>Caritas-gruppen har en selvstendig \u00f8konomi men benytter menighetens\nbankkonti<\/li><li>Gruppens innsamlede midler skal brukes til diakonalt arbeid<\/li><li>Kostnader til sosiale arrangementer for menighetens medlemmer b\u00f8r s\u00e5\nlangt som mulig dekkes ved innsamlede midler fra deltakerne i disse\narrangementene.<\/li><\/ul>\n\n\n\n<p> <\/p>\n","protected":false},"excerpt":{"rendered":"<p>Her f\u00f8lger referat fra v\u00e5rt menighetsr\u00e5dsm\u00f8te 11. september hvor representanter fra nasjonale grupper, ministranter, kor og organist var tilstede p\u00e5 siste del av m\u00f8tet. Anne Mette Ringdal fra Oslo Katolske Bisped\u00f8mme var med p\u00e5 f\u00f8rste del av menighetsr\u00e5dsm\u00f8tet. Tilstede: P&#8230;.<br \/><a class=\"read-more-button\" href=\"https:\/\/stansgar.katolsk.no\/?p=6370\">Read more<\/a><\/p>\n","protected":false},"author":1,"featured_media":4187,"comment_status":"open","ping_status":"open","sticky":false,"template":"","format":"standard","meta":{"footnotes":""},"categories":[204],"tags":[],"class_list":["post-6370","post","type-post","status-publish","format-standard","has-post-thumbnail","hentry","category-ukategorisert-nb"],"_links":{"self":[{"href":"https:\/\/stansgar.katolsk.no\/index.php?rest_route=\/wp\/v2\/posts\/6370","targetHints":{"allow":["GET"]}}],"collection":[{"href":"https:\/\/stansgar.katolsk.no\/index.php?rest_route=\/wp\/v2\/posts"}],"about":[{"href":"https:\/\/stansgar.katolsk.no\/index.php?rest_route=\/wp\/v2\/types\/post"}],"author":[{"embeddable":true,"href":"https:\/\/stansgar.katolsk.no\/index.php?rest_route=\/wp\/v2\/users\/1"}],"replies":[{"embeddable":true,"href":"https:\/\/stansgar.katolsk.no\/index.php?rest_route=%2Fwp%2Fv2%2Fcomments&post=6370"}],"version-history":[{"count":2,"href":"https:\/\/stansgar.katolsk.no\/index.php?rest_route=\/wp\/v2\/posts\/6370\/revisions"}],"predecessor-version":[{"id":6376,"href":"https:\/\/stansgar.katolsk.no\/index.php?rest_route=\/wp\/v2\/posts\/6370\/revisions\/6376"}],"wp:featuredmedia":[{"embeddable":true,"href":"https:\/\/stansgar.katolsk.no\/index.php?rest_route=\/wp\/v2\/media\/4187"}],"wp:attachment":[{"href":"https:\/\/stansgar.katolsk.no\/index.php?rest_route=%2Fwp%2Fv2%2Fmedia&parent=6370"}],"wp:term":[{"taxonomy":"category","embeddable":true,"href":"https:\/\/stansgar.katolsk.no\/index.php?rest_route=%2Fwp%2Fv2%2Fcategories&post=6370"},{"taxonomy":"post_tag","embeddable":true,"href":"https:\/\/stansgar.katolsk.no\/index.php?rest_route=%2Fwp%2Fv2%2Ftags&post=6370"}],"curies":[{"name":"wp","href":"https:\/\/api.w.org\/{rel}","templated":true}]}}