{"id":624,"date":"2014-11-21T19:11:00","date_gmt":"2014-11-21T18:11:00","guid":{"rendered":"http:\/\/stansgar.katolsk.no\/index.php\/2014\/11\/21\/nytt-fra-menighetsradet-november-2014\/"},"modified":"2018-10-12T09:12:43","modified_gmt":"2018-10-12T07:12:43","slug":"nytt-fra-menighetsradet-november-2014","status":"publish","type":"post","link":"https:\/\/stansgar.katolsk.no\/?p=624","title":{"rendered":"Nytt fra menighetsr\u00e5det november 2014"},"content":{"rendered":"<div class=\"MsoNormal\">\n<\/div>\n<div class=\"MsoNormal\" style=\"mso-layout-grid-align: none; mso-pagination: none; text-autospace: none;\">\n<b style=\"mso-bidi-font-weight: normal;\">Nytt alter&nbsp; <\/b><\/div>\n<div class=\"MsoNormal\" style=\"mso-layout-grid-align: none; mso-pagination: none; text-autospace: none;\">\nThinh presenterer forslag<br \/>\nhan har utarbeidet i samarbeid med p. Frode og Luan. R\u00e5det g\u00e5r inn for dette forslaget. Prisen ansl\u00e5s til mellom<br \/>\n100 og 150 000. Vi f\u00e5r da nytt alter, lesepult og tabernakel. Den gamle<br \/>\nalterplaten gjenbrukes, likes\u00e5 d\u00f8r og innramming til tabernakel. Interesserte<br \/>\nkan kontakte Luan eller Thinh for \u00e5 se forslaget.<\/div>\n<div class=\"MsoNormal\" style=\"mso-layout-grid-align: none; mso-pagination: none; text-autospace: none;\">\n<\/div>\n<div class=\"MsoNormal\" style=\"mso-layout-grid-align: none; mso-pagination: none; text-autospace: none;\">\n<b style=\"mso-bidi-font-weight: normal;\">Nytt krusifiks over alteret <\/b>Vi har sett p\u00e5 flere forslag fra Polen. Vi<br \/>\n\u00f8nsker m\u00f8rkt kors, lys corpus, alt i heltre. Vi \u00f8nsker ikke malt corpus, men<br \/>\ntrehvitt og lakkert med matt lakk. Vi \u00f8nsker ogs\u00e5 en anatomisk korrekt Kristus.<br \/>\nDet antydes en pris p\u00e5 ca 5000.<b style=\"mso-bidi-font-weight: normal;\"> <\/b><\/div>\n<div class=\"MsoNormal\" style=\"mso-layout-grid-align: none; mso-pagination: none; text-autospace: none;\">\n<\/div>\n<div class=\"MsoNormal\" style=\"mso-layout-grid-align: none; mso-pagination: none; text-autospace: none;\">\n<b style=\"mso-bidi-font-weight: normal;\">Sognepresten informerer<\/b><\/div>\n<div class=\"MsoListParagraphCxSpFirst\" style=\"mso-layout-grid-align: none; mso-list: l0 level1 lfo1; mso-pagination: none; text-autospace: none; text-indent: -18.0pt;\">\n\u00b7&nbsp;&nbsp;&nbsp;&nbsp;&nbsp; Medlemstall: pr. 1.11: 4816<\/div>\n<div class=\"MsoListParagraphCxSpMiddle\" style=\"mso-layout-grid-align: none; mso-list: l0 level1 lfo1; mso-pagination: none; text-autospace: none; text-indent: -18.0pt;\">\n\u00b7&nbsp;&nbsp;&nbsp;&nbsp;&nbsp; Fakkeltog for forfulgte kristne er arrangert,<br \/>\nmed ca 300-400 deltagere, noen fra v\u00e5r menighet. <\/div>\n<div class=\"MsoListParagraphCxSpMiddle\" style=\"mso-layout-grid-align: none; mso-list: l0 level1 lfo1; mso-pagination: none; text-autospace: none; text-indent: -18.0pt;\">\n\u00b7&nbsp;&nbsp;&nbsp;&nbsp;&nbsp; Takplatene skiftet ut p\u00e5 dugnad. Det mangler<br \/>\nnye plater over det nye galleriet, dette ankommer og skiftes snart ut, av samme<br \/>\ndugnadsgjeng.<\/div>\n<div class=\"MsoListParagraphCxSpLast\" style=\"mso-layout-grid-align: none; mso-list: l0 level1 lfo1; mso-pagination: none; text-autospace: none; text-indent: -18.0pt;\">\n\u00b7&nbsp;&nbsp;&nbsp;&nbsp;&nbsp; Utskifting av rekkverk p\u00e5 galleriene st\u00e5r for<br \/>\ntur, dette m\u00e5 kanskje vente til nytt budsjett\u00e5r.<\/div>\n<div class=\"MsoNormal\" style=\"mso-layout-grid-align: none; mso-pagination: none; text-autospace: none;\">\n<\/div>\n<div class=\"MsoNormal\" style=\"mso-layout-grid-align: none; mso-pagination: none; text-autospace: none;\">\n<b style=\"mso-bidi-font-weight: normal;\">\u00d8konomi\/regnskap\/budsjett<\/b><\/div>\n<div class=\"MsoNormal\" style=\"mso-layout-grid-align: none; mso-pagination: none; text-autospace: none;\">\nDet nye finansr\u00e5det har<br \/>\nhatt m\u00f8te og sett p\u00e5 regnskapstall pr. 31.8. Dette var ikke nok til \u00e5 lage<br \/>\nbudsjett, men de legger budsjettet frem p\u00e5 neste menighetsr\u00e5dsm\u00f8te, 3.12. Vi<br \/>\ntrenger \u00e5 \u00f8ke faste m\u00e5nedlige bidrag, og en informasjonskampanje m\u00e5 til. Komit\u00e9<br \/>\ntil \u00e5 jobbe med dette velges p\u00e5 neste m\u00f8te.<\/div>\n<div class=\"MsoNormal\" style=\"mso-layout-grid-align: none; mso-pagination: none; text-autospace: none;\">\n<\/div>\n<div class=\"MsoNormal\" style=\"mso-layout-grid-align: none; mso-pagination: none; text-autospace: none;\">\n<b style=\"mso-bidi-font-weight: normal;\">Kirkegt. 5<\/b>. <\/div>\n<div class=\"MsoNormal\" style=\"mso-layout-grid-align: none; mso-pagination: none; text-autospace: none;\">\nR\u00e5det har mottatt mail<br \/>\nfra en av menighetens medlemmer, med forslag til bruk av bygget, samt utkast<br \/>\ntil finansieringsplan. Finansieringsplanen er dog ikke realistisk, da den ikke<br \/>\ntar h\u00f8yde for oppussingskonstnader, som m\u00e5 p\u00e5regnes \u00e5 ligge p\u00e5 over 10<br \/>\nmillioner. Initiativet settes pris p\u00e5, men r\u00e5det ser ikke at vi har r\u00e5d til \u00e5 gjennomf\u00f8re dette. P. Frode<br \/>\ngj\u00f8r et&nbsp; siste fremst\u00f8t til OKB og sp\u00f8r<br \/>\nom de vil sikre seg eiendommen. Med mindre de kommer p\u00e5 banen har vi dessverre<br \/>\nikke r\u00e5d til \u00e5 sikre oss eiendommen.<\/div>\n<div class=\"MsoNormal\" style=\"mso-layout-grid-align: none; mso-pagination: none; text-autospace: none;\">\n<\/div>\n<div class=\"MsoNormal\" style=\"mso-layout-grid-align: none; mso-pagination: none; text-autospace: none;\">\n<b style=\"mso-bidi-font-weight: normal;\">Stella Maris<\/b> <\/div>\n<div class=\"MsoNormal\" style=\"mso-layout-grid-align: none; mso-pagination: none; text-autospace: none;\">\nPrisantydning fra megler<br \/>\ner ikke p\u00e5 mer enn ca 2 millioner. Eiendommen er regulert til kirkelig form\u00e5l(fremre<br \/>\ndel) og friluftsform\u00e5l(bakre del). Husene er ogs\u00e5 i heller d\u00e5rlig stand.<\/div>\n<div class=\"MsoNormal\" style=\"mso-layout-grid-align: none; mso-pagination: none; text-autospace: none;\">\nPr i dag mottar vi 23 000<br \/>\nkr pr \u00e5r til vedlikehold fra OKB. Leieinntekter til n\u00e5 i \u00e5r er p\u00e5 31 000 kr.<br \/>\nVedlikeholdsutgifter til n\u00e5 i \u00e5r er p\u00e5 80 000 kr. <\/div>\n<div class=\"MsoNormal\" style=\"mso-layout-grid-align: none; mso-pagination: none; text-autospace: none;\">\nEn komit\u00e9, best\u00e5ende av<br \/>\nGrete Kaspersen, Tore Heidenreich, Margaret Aanonsen og Phong Khac Mai jobber videre med saken. &nbsp;<\/div>\n<div class=\"MsoNormal\" style=\"mso-layout-grid-align: none; mso-pagination: none; text-autospace: none;\">\n<\/div>\n<div class=\"MsoNormal\" style=\"mso-layout-grid-align: none; mso-pagination: none; text-autospace: none;\">\n<b style=\"mso-bidi-font-weight: normal;\">PRO-h\u00f8stm\u00f8tet<\/b><\/div>\n<div class=\"MsoNormal\" style=\"mso-layout-grid-align: none; mso-pagination: none; text-autospace: none;\">\nIkke s\u00e5 mye skjedde, det<br \/>\nhandlet mest om AUarbeid. Foredrag fra Foreningen for Livsvern og Menneskeverd,<br \/>\nbl.a om forhold for handikappede i menighetene. Biskopen orienterte om saken om<br \/>\nfeilregistrering av medlemmer, og ba om at menighetene ikke uttaler seg om<br \/>\nsaken til media, men&nbsp; henviser til<br \/>\nbiskopen. OKB har ansatt en person i 100 % stilling for \u00e5 kartlegge<br \/>\nforskjellige nasjonale grupper i kirken og deres situasjon og \u00f8nsker. Han<br \/>\nkommer til St.Ansgar 13.11. <\/div>\n<div class=\"MsoNormal\" style=\"mso-layout-grid-align: none; mso-pagination: none; text-autospace: none;\">\n<\/div>\n<div class=\"MsoNormal\" style=\"mso-layout-grid-align: none; mso-pagination: none; text-autospace: none;\">\n<b style=\"mso-bidi-font-weight: normal;\">SAUL (adventsaksjon\/julekonsert)<\/b><\/div>\n<div class=\"MsoNormal\" style=\"mso-layout-grid-align: none; mso-pagination: none; text-autospace: none;\">\nCaritas arrangerer<br \/>\njuletrefest 28.12 fra kl. 16, og SAUL skal hjelpe til. De arrangerer sin<br \/>\njulekonsert i etterkant av juletrefesten, ca. kl. 19.30. Det blir da enkelt for<br \/>\ndeltagere p\u00e5 juletrefesten \u00e5 delta p\u00e5 konserten ogs\u00e5. <\/div>\n<div class=\"MsoNormal\" style=\"mso-layout-grid-align: none; mso-pagination: none; text-autospace: none;\">\n<\/div>\n<div class=\"MsoNormal\" style=\"mso-layout-grid-align: none; mso-pagination: none; text-autospace: none;\">\n<b style=\"mso-bidi-font-weight: normal;\">Julebasar\/Julelotteri<\/b><\/div>\n<div class=\"MsoNormal\" style=\"mso-layout-grid-align: none; mso-pagination: none; text-autospace: none;\">\nI \u00e5r arrangerer<br \/>\nmenigheten julelotteri med flotte premier, f\u00f8lg med! J<\/div>\n<div class=\"MsoNormal\" style=\"mso-layout-grid-align: none; mso-pagination: none; text-autospace: none;\">\n<\/div>\n<div class=\"MsoNormal\" style=\"mso-layout-grid-align: none; mso-pagination: none; text-autospace: none;\">\n<b style=\"mso-bidi-font-weight: normal;\">125\u00e5rs-jubileumskomit\u00e9.<\/b><\/div>\n<div class=\"MsoNormal\" style=\"mso-layout-grid-align: none; mso-pagination: none; text-autospace: none;\">\nMedlemmene til komit\u00e9en<br \/>\ner snart klare til innsats, og Marit Bruce er allerede i gang med arbeidet med<br \/>\net jubileumshefte.<\/div>\n<div class=\"MsoNormal\" style=\"mso-layout-grid-align: none; mso-pagination: none; text-autospace: none;\">\n<\/div>\n<div class=\"MsoNormal\">\n<\/div>\n<div class=\"MsoNormal\">\n<\/div>\n<p><\/p>\n<div class=\"MsoNormal\">\n<\/div>\n","protected":false},"excerpt":{"rendered":"<p>Nytt alter&nbsp; Thinh presenterer forslag han har utarbeidet i samarbeid med p. Frode og Luan. R\u00e5det g\u00e5r inn for dette forslaget. Prisen ansl\u00e5s til mellom 100 og 150 000. Vi f\u00e5r da nytt alter, lesepult og tabernakel. Den gamle alterplaten&#8230;<br \/><a class=\"read-more-button\" href=\"https:\/\/stansgar.katolsk.no\/?p=624\">Read more<\/a><\/p>\n","protected":false},"author":3,"featured_media":0,"comment_status":"open","ping_status":"open","sticky":false,"template":"","format":"standard","meta":{"footnotes":""},"categories":[1],"tags":[],"class_list":["post-624","post","type-post","status-publish","format-standard","hentry","category-ukategorisert"],"_links":{"self":[{"href":"https:\/\/stansgar.katolsk.no\/index.php?rest_route=\/wp\/v2\/posts\/624","targetHints":{"allow":["GET"]}}],"collection":[{"href":"https:\/\/stansgar.katolsk.no\/index.php?rest_route=\/wp\/v2\/posts"}],"about":[{"href":"https:\/\/stansgar.katolsk.no\/index.php?rest_route=\/wp\/v2\/types\/post"}],"author":[{"embeddable":true,"href":"https:\/\/stansgar.katolsk.no\/index.php?rest_route=\/wp\/v2\/users\/3"}],"replies":[{"embeddable":true,"href":"https:\/\/stansgar.katolsk.no\/index.php?rest_route=%2Fwp%2Fv2%2Fcomments&post=624"}],"version-history":[{"count":1,"href":"https:\/\/stansgar.katolsk.no\/index.php?rest_route=\/wp\/v2\/posts\/624\/revisions"}],"predecessor-version":[{"id":2555,"href":"https:\/\/stansgar.katolsk.no\/index.php?rest_route=\/wp\/v2\/posts\/624\/revisions\/2555"}],"wp:attachment":[{"href":"https:\/\/stansgar.katolsk.no\/index.php?rest_route=%2Fwp%2Fv2%2Fmedia&parent=624"}],"wp:term":[{"taxonomy":"category","embeddable":true,"href":"https:\/\/stansgar.katolsk.no\/index.php?rest_route=%2Fwp%2Fv2%2Fcategories&post=624"},{"taxonomy":"post_tag","embeddable":true,"href":"https:\/\/stansgar.katolsk.no\/index.php?rest_route=%2Fwp%2Fv2%2Ftags&post=624"}],"curies":[{"name":"wp","href":"https:\/\/api.w.org\/{rel}","templated":true}]}}