{"id":623,"date":"2014-11-23T11:34:00","date_gmt":"2014-11-23T10:34:00","guid":{"rendered":"http:\/\/stansgar.katolsk.no\/index.php\/2014\/11\/23\/kunngjringer-23-november-2014\/"},"modified":"2018-10-12T09:12:43","modified_gmt":"2018-10-12T07:12:43","slug":"kunngjringer-23-november-2014","status":"publish","type":"post","link":"https:\/\/stansgar.katolsk.no\/?p=623","title":{"rendered":"Kunngj\u00f8ringer 23. november  2014"},"content":{"rendered":"<div class=\"MsoNormal\" style=\"color: #222222; font-size: 11pt; line-height: 16.866666793823242px; margin: 0cm 0cm 10pt;\">\n<\/div>\n<div class=\"MsoNormal\" style=\"color: #222222; font-size: 11pt; line-height: 16.866666793823242px; margin: 0cm 0cm 10pt;\">\n<b>Torsdag&nbsp;&nbsp; 27. november<\/b> er alle hjertelig velkommen til Caritas h\u00f8stm\u00f8te. Det er lang tradisjon i v\u00e5r menighet for at Caritasgruppen arrangerer et m\u00f8te for menigheten om h\u00f8sten og et om v\u00e5ren. Vi h\u00e5per mange vil sette av tid til en hyggelig kveld med fellesskap i menigheten. La oss bli bedre kjent med hverandre. Vi f\u00e5r bes\u00f8k av Alexander Golding fra Caritas Norge, kjent fra TV-nyhetene i forbindelse med syklonen p\u00e5 Filippinene for et \u00e5r siden. Han vil fortelle litt om hva Caritas gj\u00f8r rundt om i verden, alts\u00e5 hva pengene vi gir g\u00e5r til. Ellers blir det mat og drikke og&nbsp; utlodning. Ta med mat til \u00e5 dele, samt en gevinst. Velkommen til en hyggelig kveld i KIGA torsdag. kl. 19.<u><\/u><u><\/u><\/div>\n<div class=\"MsoNormal\" style=\"color: #222222; font-size: 11pt; line-height: 16.866666793823242px; margin: 0cm 0cm 10pt;\">\n<\/div>\n<div class=\"MsoNormal\" style=\"color: #222222; font-size: 11pt; line-height: 16.866666793823242px; margin: 0cm 0cm 10pt;\">\n<b>L\u00f8rdag 29. november <\/b>er alle velkommen til polsk St. Nikolasfeiring fra kl. 13-17.&nbsp;<u><\/u><u><\/u><\/div>\n<div class=\"MsoNormal\" style=\"color: #222222; font-size: 11pt; line-height: 16.866666793823242px; margin: 0cm 0cm 10pt;\">\n<\/div>\n<div class=\"MsoNormal\" style=\"color: #222222; font-size: 11pt; line-height: 16.866666793823242px; margin: 0cm 0cm 10pt;\">\n<b>L\u00f8rdag 6. desember<\/b> arrangerer Oslo katolske bisped\u00f8mme et familieseminar \u2013 Hus p\u00e5 fjell. P\u00e5melding snarest, kontakt sognepresten for informasjon.<\/div>\n","protected":false},"excerpt":{"rendered":"<p>Torsdag&nbsp;&nbsp; 27. november er alle hjertelig velkommen til Caritas h\u00f8stm\u00f8te. Det er lang tradisjon i v\u00e5r menighet for at Caritasgruppen arrangerer et m\u00f8te for menigheten om h\u00f8sten og et om v\u00e5ren. Vi h\u00e5per mange vil sette av tid til en&#8230;<br \/><a class=\"read-more-button\" href=\"https:\/\/stansgar.katolsk.no\/?p=623\">Read more<\/a><\/p>\n","protected":false},"author":3,"featured_media":0,"comment_status":"open","ping_status":"open","sticky":false,"template":"","format":"standard","meta":{"footnotes":""},"categories":[1],"tags":[3],"class_list":["post-623","post","type-post","status-publish","format-standard","hentry","category-ukategorisert","tag-kunngjoringer"],"_links":{"self":[{"href":"https:\/\/stansgar.katolsk.no\/index.php?rest_route=\/wp\/v2\/posts\/623","targetHints":{"allow":["GET"]}}],"collection":[{"href":"https:\/\/stansgar.katolsk.no\/index.php?rest_route=\/wp\/v2\/posts"}],"about":[{"href":"https:\/\/stansgar.katolsk.no\/index.php?rest_route=\/wp\/v2\/types\/post"}],"author":[{"embeddable":true,"href":"https:\/\/stansgar.katolsk.no\/index.php?rest_route=\/wp\/v2\/users\/3"}],"replies":[{"embeddable":true,"href":"https:\/\/stansgar.katolsk.no\/index.php?rest_route=%2Fwp%2Fv2%2Fcomments&post=623"}],"version-history":[{"count":1,"href":"https:\/\/stansgar.katolsk.no\/index.php?rest_route=\/wp\/v2\/posts\/623\/revisions"}],"predecessor-version":[{"id":2554,"href":"https:\/\/stansgar.katolsk.no\/index.php?rest_route=\/wp\/v2\/posts\/623\/revisions\/2554"}],"wp:attachment":[{"href":"https:\/\/stansgar.katolsk.no\/index.php?rest_route=%2Fwp%2Fv2%2Fmedia&parent=623"}],"wp:term":[{"taxonomy":"category","embeddable":true,"href":"https:\/\/stansgar.katolsk.no\/index.php?rest_route=%2Fwp%2Fv2%2Fcategories&post=623"},{"taxonomy":"post_tag","embeddable":true,"href":"https:\/\/stansgar.katolsk.no\/index.php?rest_route=%2Fwp%2Fv2%2Ftags&post=623"}],"curies":[{"name":"wp","href":"https:\/\/api.w.org\/{rel}","templated":true}]}}