{"id":6227,"date":"2019-08-28T13:52:02","date_gmt":"2019-08-28T11:52:02","guid":{"rendered":"http:\/\/stansgar.katolsk.no\/?p=6227"},"modified":"2019-08-28T13:53:55","modified_gmt":"2019-08-28T11:53:55","slug":"fantastisk-feiring-av-vart-kulturelle-mangfold","status":"publish","type":"post","link":"https:\/\/stansgar.katolsk.no\/?p=6227","title":{"rendered":"Fantastisk feiring av v\u00e5rt kulturelle mangfold!"},"content":{"rendered":"\n\t\t<style type=\"text\/css\">\n\t\t\t#gallery-1 {\n\t\t\t\tmargin: auto;\n\t\t\t}\n\t\t\t#gallery-1 .gallery-item {\n\t\t\t\tfloat: left;\n\t\t\t\tmargin-top: 10px;\n\t\t\t\ttext-align: center;\n\t\t\t\twidth: 33%;\n\t\t\t}\n\t\t\t#gallery-1 img {\n\t\t\t\tborder: 2px solid #cfcfcf;\n\t\t\t}\n\t\t\t#gallery-1 .gallery-caption {\n\t\t\t\tmargin-left: 0;\n\t\t\t}\n\t\t\t\/* see gallery_shortcode() in wp-includes\/media.php *\/\n\t\t<\/style>\n\t\t<div id='gallery-1' class='gallery galleryid-6227 gallery-columns-3 gallery-size-thumbnail'><dl class='gallery-item'>\n\t\t\t<dt class='gallery-icon landscape'>\n\t\t\t\t<a href='https:\/\/stansgar.katolsk.no\/?attachment_id=6231'><img loading=\"lazy\" decoding=\"async\" width=\"150\" height=\"150\" src=\"https:\/\/stansgar.katolsk.no\/wp-content\/uploads\/2019\/08\/internasjonal-dag-5-150x150.jpg\" class=\"attachment-thumbnail size-thumbnail\" alt=\"\" aria-describedby=\"gallery-1-6231\" \/><\/a>\n\t\t\t<\/dt>\n\t\t\t\t<dd class='wp-caption-text gallery-caption' id='gallery-1-6231'>\n\t\t\t\tStr\u00e5lende solskinn\n\t\t\t\t<\/dd><\/dl><dl class='gallery-item'>\n\t\t\t<dt class='gallery-icon landscape'>\n\t\t\t\t<a href='https:\/\/stansgar.katolsk.no\/?attachment_id=6225'><img loading=\"lazy\" decoding=\"async\" width=\"150\" height=\"150\" src=\"https:\/\/stansgar.katolsk.no\/wp-content\/uploads\/2019\/08\/internasjonal-dag-7-1-150x150.jpg\" class=\"attachment-thumbnail size-thumbnail\" alt=\"\" aria-describedby=\"gallery-1-6225\" \/><\/a>\n\t\t\t<\/dt>\n\t\t\t\t<dd class='wp-caption-text gallery-caption' id='gallery-1-6225'>\n\t\t\t\tMasse folk som hygget seg i sommervarmen\n\t\t\t\t<\/dd><\/dl><dl class='gallery-item'>\n\t\t\t<dt class='gallery-icon landscape'>\n\t\t\t\t<a href='https:\/\/stansgar.katolsk.no\/?attachment_id=6219'><img loading=\"lazy\" decoding=\"async\" width=\"150\" height=\"150\" src=\"https:\/\/stansgar.katolsk.no\/wp-content\/uploads\/2019\/08\/internasjonal-dag-4-150x150.jpg\" class=\"attachment-thumbnail size-thumbnail\" alt=\"\" aria-describedby=\"gallery-1-6219\" \/><\/a>\n\t\t\t<\/dt>\n\t\t\t\t<dd class='wp-caption-text gallery-caption' id='gallery-1-6219'>\n\t\t\t\tFantastisk mat fra mange nasjoner\n\t\t\t\t<\/dd><\/dl><br style=\"clear: both\" \/><dl class='gallery-item'>\n\t\t\t<dt class='gallery-icon landscape'>\n\t\t\t\t<a href='https:\/\/stansgar.katolsk.no\/?attachment_id=6218'><img loading=\"lazy\" decoding=\"async\" width=\"150\" height=\"150\" src=\"https:\/\/stansgar.katolsk.no\/wp-content\/uploads\/2019\/08\/internasjonal-dag-3-150x150.jpg\" class=\"attachment-thumbnail size-thumbnail\" alt=\"\" aria-describedby=\"gallery-1-6218\" \/><\/a>\n\t\t\t<\/dt>\n\t\t\t\t<dd class='wp-caption-text gallery-caption' id='gallery-1-6218'>\n\t\t\t\tFantastisk mat fra mange nasjoner\n\t\t\t\t<\/dd><\/dl><dl class='gallery-item'>\n\t\t\t<dt class='gallery-icon landscape'>\n\t\t\t\t<a href='https:\/\/stansgar.katolsk.no\/?attachment_id=6217'><img loading=\"lazy\" decoding=\"async\" width=\"150\" height=\"150\" src=\"https:\/\/stansgar.katolsk.no\/wp-content\/uploads\/2019\/08\/internasjonal-dag-2-150x150.jpg\" class=\"attachment-thumbnail size-thumbnail\" alt=\"\" aria-describedby=\"gallery-1-6217\" \/><\/a>\n\t\t\t<\/dt>\n\t\t\t\t<dd class='wp-caption-text gallery-caption' id='gallery-1-6217'>\n\t\t\t\tFantastisk mat fra mange nasjoner\n\t\t\t\t<\/dd><\/dl><dl class='gallery-item'>\n\t\t\t<dt class='gallery-icon landscape'>\n\t\t\t\t<a href='https:\/\/stansgar.katolsk.no\/?attachment_id=6229'><img loading=\"lazy\" decoding=\"async\" width=\"150\" height=\"150\" src=\"https:\/\/stansgar.katolsk.no\/wp-content\/uploads\/2019\/08\/Filipinsk-dans-150x150.jpg\" class=\"attachment-thumbnail size-thumbnail\" alt=\"\" aria-describedby=\"gallery-1-6229\" \/><\/a>\n\t\t\t<\/dt>\n\t\t\t\t<dd class='wp-caption-text gallery-caption' id='gallery-1-6229'>\n\t\t\t\tFilipinsk blomsterdans\n\t\t\t\t<\/dd><\/dl><br style=\"clear: both\" \/><dl class='gallery-item'>\n\t\t\t<dt class='gallery-icon landscape'>\n\t\t\t\t<a href='https:\/\/stansgar.katolsk.no\/?attachment_id=6232'><img loading=\"lazy\" decoding=\"async\" width=\"150\" height=\"150\" src=\"https:\/\/stansgar.katolsk.no\/wp-content\/uploads\/2019\/08\/Vietnamesisk-kor-150x150.jpg\" class=\"attachment-thumbnail size-thumbnail\" alt=\"\" aria-describedby=\"gallery-1-6232\" \/><\/a>\n\t\t\t<\/dt>\n\t\t\t\t<dd class='wp-caption-text gallery-caption' id='gallery-1-6232'>\n\t\t\t\tVietnamesisk kor\n\t\t\t\t<\/dd><\/dl><dl class='gallery-item'>\n\t\t\t<dt class='gallery-icon landscape'>\n\t\t\t\t<a href='https:\/\/stansgar.katolsk.no\/?attachment_id=6228'><img loading=\"lazy\" decoding=\"async\" width=\"150\" height=\"150\" src=\"https:\/\/stansgar.katolsk.no\/wp-content\/uploads\/2019\/08\/Burundisk-dans-150x150.jpg\" class=\"attachment-thumbnail size-thumbnail\" alt=\"\" aria-describedby=\"gallery-1-6228\" \/><\/a>\n\t\t\t<\/dt>\n\t\t\t\t<dd class='wp-caption-text gallery-caption' id='gallery-1-6228'>\n\t\t\t\tBurundisk dans\n\t\t\t\t<\/dd><\/dl><dl class='gallery-item'>\n\t\t\t<dt class='gallery-icon landscape'>\n\t\t\t\t<a href='https:\/\/stansgar.katolsk.no\/?attachment_id=6230'><img loading=\"lazy\" decoding=\"async\" width=\"150\" height=\"150\" src=\"https:\/\/stansgar.katolsk.no\/wp-content\/uploads\/2019\/08\/Filipinsk-stokkedans-150x150.jpg\" class=\"attachment-thumbnail size-thumbnail\" alt=\"\" aria-describedby=\"gallery-1-6230\" \/><\/a>\n\t\t\t<\/dt>\n\t\t\t\t<dd class='wp-caption-text gallery-caption' id='gallery-1-6230'>\n\t\t\t\tFilipinsk stokkedans\n\t\t\t\t<\/dd><\/dl><br style=\"clear: both\" \/>\n\t\t<\/div>\n\n<p>S\u00f8ndag feiret vi Internasjonal dag i St Ansgar menighet i str\u00e5lende solskinn. Selv om vi hadde sperret av gata for \u00e5 f\u00e5 bedre plass var hele omr\u00e5det stappfullt av mennesker som hygget seg med spennende mat fra mange ulike nasjoner og mat-tradisjoner. Mange grupper bidro ogs\u00e5 med flott underholdning i form av sang og dans fra sine hjemland. Vi startet festen med en felles flerkulturell messe med lesninger, b\u00f8nner og sang p\u00e5 mange ulike spr\u00e5k. Der ble vi minnet p\u00e5 at p\u00e5 tvers av kultur og spr\u00e5k deler vi det aller viktigste, nemlig v\u00e5r tro, og det gj\u00f8r oss til en stor familie. Vi er utrolig heldige som f\u00e5r v\u00e6re en del av en menighet som er s\u00e5 rik p\u00e5 forskjellighet og mangfold! Og jeg er evig takknemlig for at vi har s\u00e5 mange flotte medlemmer som gener\u00f8st bruker sin tid p\u00e5 \u00e5 bygge fellesskap i menigheten. Tusen takk til dere alle for en vidunderlig dag!<\/p>\n","protected":false},"excerpt":{"rendered":"<p>S\u00f8ndag feiret vi Internasjonal dag i St Ansgar menighet i str\u00e5lende solskinn. Selv om vi hadde sperret av gata for \u00e5 f\u00e5 bedre plass var hele omr\u00e5det stappfullt av mennesker som hygget seg med spennende mat fra mange ulike nasjoner&#8230;<br \/><a class=\"read-more-button\" href=\"https:\/\/stansgar.katolsk.no\/?p=6227\">Read more<\/a><\/p>\n","protected":false},"author":1,"featured_media":6233,"comment_status":"open","ping_status":"open","sticky":false,"template":"","format":"standard","meta":{"footnotes":""},"categories":[204],"tags":[],"class_list":["post-6227","post","type-post","status-publish","format-standard","has-post-thumbnail","hentry","category-ukategorisert-nb"],"_links":{"self":[{"href":"https:\/\/stansgar.katolsk.no\/index.php?rest_route=\/wp\/v2\/posts\/6227","targetHints":{"allow":["GET"]}}],"collection":[{"href":"https:\/\/stansgar.katolsk.no\/index.php?rest_route=\/wp\/v2\/posts"}],"about":[{"href":"https:\/\/stansgar.katolsk.no\/index.php?rest_route=\/wp\/v2\/types\/post"}],"author":[{"embeddable":true,"href":"https:\/\/stansgar.katolsk.no\/index.php?rest_route=\/wp\/v2\/users\/1"}],"replies":[{"embeddable":true,"href":"https:\/\/stansgar.katolsk.no\/index.php?rest_route=%2Fwp%2Fv2%2Fcomments&post=6227"}],"version-history":[{"count":1,"href":"https:\/\/stansgar.katolsk.no\/index.php?rest_route=\/wp\/v2\/posts\/6227\/revisions"}],"predecessor-version":[{"id":6234,"href":"https:\/\/stansgar.katolsk.no\/index.php?rest_route=\/wp\/v2\/posts\/6227\/revisions\/6234"}],"wp:featuredmedia":[{"embeddable":true,"href":"https:\/\/stansgar.katolsk.no\/index.php?rest_route=\/wp\/v2\/media\/6233"}],"wp:attachment":[{"href":"https:\/\/stansgar.katolsk.no\/index.php?rest_route=%2Fwp%2Fv2%2Fmedia&parent=6227"}],"wp:term":[{"taxonomy":"category","embeddable":true,"href":"https:\/\/stansgar.katolsk.no\/index.php?rest_route=%2Fwp%2Fv2%2Fcategories&post=6227"},{"taxonomy":"post_tag","embeddable":true,"href":"https:\/\/stansgar.katolsk.no\/index.php?rest_route=%2Fwp%2Fv2%2Ftags&post=6227"}],"curies":[{"name":"wp","href":"https:\/\/api.w.org\/{rel}","templated":true}]}}