{"id":622,"date":"2014-11-26T09:03:00","date_gmt":"2014-11-26T08:03:00","guid":{"rendered":"http:\/\/stansgar.katolsk.no\/index.php\/2014\/11\/26\/velkommen-til-caritashstmte\/"},"modified":"2018-10-12T09:12:43","modified_gmt":"2018-10-12T07:12:43","slug":"velkommen-til-caritashstmte","status":"publish","type":"post","link":"https:\/\/stansgar.katolsk.no\/?p=622","title":{"rendered":"Velkommen til Caritash\u00f8stm\u00f8te!"},"content":{"rendered":"<p><b style=\"color: #222222; font-family: Times, 'Times New Roman', serif; font-size: 19px; line-height: 21.466665267944336px;\"><\/b><\/p>\n<div class=\"separator\" style=\"clear: both; text-align: center;\">\n<b style=\"color: #222222; font-family: Times, 'Times New Roman', serif; font-size: 19px; line-height: 21.466665267944336px;\"><a href=\"http:\/\/www.caritas.no\/wp-content\/uploads\/2014\/09\/logo.png\" imageanchor=\"1\" style=\"margin-left: 1em; margin-right: 1em;\"><img loading=\"lazy\" decoding=\"async\" border=\"0\" src=\"http:\/\/www.caritas.no\/wp-content\/uploads\/2014\/09\/logo.png\" height=\"63\" width=\"400\" \/><\/a><\/b><\/div>\n<p><b style=\"color: #222222; font-family: Times, 'Times New Roman', serif; font-size: 19px; line-height: 21.466665267944336px;\"><b style=\"color: #222222; font-family: Times, 'Times New Roman', serif; font-size: 19px; line-height: 21.466665267944336px;\"><br \/><\/b><\/b><br \/>\n<b style=\"color: #222222; font-family: Times, 'Times New Roman', serif; font-size: 19px; line-height: 21.466665267944336px;\"><b style=\"color: #222222; font-family: Times, 'Times New Roman', serif; font-size: 19px; line-height: 21.466665267944336px;\"><br \/><\/b><\/b><br \/>\n<b style=\"color: #222222; font-family: Times, 'Times New Roman', serif; font-size: 19px; line-height: 21.466665267944336px;\">Torsdag&nbsp;&nbsp; 27. november<\/b>&nbsp;er alle hjertelig velkommen til&nbsp;<br \/>\nCaritash\u00f8stm\u00f8te. Det er lang tradisjon i v\u00e5r menighet for at Caritasgruppen arrangerer et m\u00f8te for menigheten om h\u00f8sten og et om v\u00e5ren. Vi h\u00e5per mange vil sette av tid til en hyggelig kveld med fellesskap i menigheten. La oss bli bedre kjent med hverandre.&nbsp;<\/p>\n<p><a href=\"http:\/\/www.katolsk.no\/biografier\/innenriks\/agolding\/foto\/foto3.jpg\/image_mini\" imageanchor=\"1\" style=\"clear: right; float: right; margin-bottom: 1em; margin-left: 1em;\"><img decoding=\"async\" border=\"0\" src=\"http:\/\/www.katolsk.no\/biografier\/innenriks\/agolding\/foto\/foto3.jpg\/image_mini\" \/><\/a>Vi f\u00e5r bes\u00f8k av Alexander Golding fra Caritas Norge, kjent fra TV-nyhetene i forbindelse med syklonen p\u00e5 Filippinene for et \u00e5r siden. Han vil fortelle litt om hva Caritas gj\u00f8r rundt om i verden, alts\u00e5 hva pengene vi gir g\u00e5r til. Ellers blir det mat og drikke og&nbsp; utlodning. Ta med mat til \u00e5 dele, samt en gevinst. Velkommen til en hyggelig kveld i KIGA torsdag. kl. 19<\/p>\n","protected":false},"excerpt":{"rendered":"<p>Torsdag&nbsp;&nbsp; 27. november&nbsp;er alle hjertelig velkommen til&nbsp; Caritash\u00f8stm\u00f8te. Det er lang tradisjon i v\u00e5r menighet for at Caritasgruppen arrangerer et m\u00f8te for menigheten om h\u00f8sten og et om v\u00e5ren. Vi h\u00e5per mange vil sette av tid til en hyggelig kveld&#8230;<br \/><a class=\"read-more-button\" href=\"https:\/\/stansgar.katolsk.no\/?p=622\">Read more<\/a><\/p>\n","protected":false},"author":3,"featured_media":2553,"comment_status":"open","ping_status":"open","sticky":false,"template":"","format":"standard","meta":{"footnotes":""},"categories":[1],"tags":[71],"class_list":["post-622","post","type-post","status-publish","format-standard","has-post-thumbnail","hentry","category-ukategorisert","tag-caritas"],"_links":{"self":[{"href":"https:\/\/stansgar.katolsk.no\/index.php?rest_route=\/wp\/v2\/posts\/622","targetHints":{"allow":["GET"]}}],"collection":[{"href":"https:\/\/stansgar.katolsk.no\/index.php?rest_route=\/wp\/v2\/posts"}],"about":[{"href":"https:\/\/stansgar.katolsk.no\/index.php?rest_route=\/wp\/v2\/types\/post"}],"author":[{"embeddable":true,"href":"https:\/\/stansgar.katolsk.no\/index.php?rest_route=\/wp\/v2\/users\/3"}],"replies":[{"embeddable":true,"href":"https:\/\/stansgar.katolsk.no\/index.php?rest_route=%2Fwp%2Fv2%2Fcomments&post=622"}],"version-history":[{"count":1,"href":"https:\/\/stansgar.katolsk.no\/index.php?rest_route=\/wp\/v2\/posts\/622\/revisions"}],"predecessor-version":[{"id":2552,"href":"https:\/\/stansgar.katolsk.no\/index.php?rest_route=\/wp\/v2\/posts\/622\/revisions\/2552"}],"wp:featuredmedia":[{"embeddable":true,"href":"https:\/\/stansgar.katolsk.no\/index.php?rest_route=\/wp\/v2\/media\/2553"}],"wp:attachment":[{"href":"https:\/\/stansgar.katolsk.no\/index.php?rest_route=%2Fwp%2Fv2%2Fmedia&parent=622"}],"wp:term":[{"taxonomy":"category","embeddable":true,"href":"https:\/\/stansgar.katolsk.no\/index.php?rest_route=%2Fwp%2Fv2%2Fcategories&post=622"},{"taxonomy":"post_tag","embeddable":true,"href":"https:\/\/stansgar.katolsk.no\/index.php?rest_route=%2Fwp%2Fv2%2Ftags&post=622"}],"curies":[{"name":"wp","href":"https:\/\/api.w.org\/{rel}","templated":true}]}}