{"id":62,"date":"2018-09-30T21:03:00","date_gmt":"2018-09-30T19:03:00","guid":{"rendered":"http:\/\/stansgar.katolsk.no\/index.php\/2018\/09\/30\/kunngjringer-sndag-30-september\/"},"modified":"2018-10-12T09:12:13","modified_gmt":"2018-10-12T07:12:13","slug":"kunngjringer-sndag-30-september","status":"publish","type":"post","link":"https:\/\/stansgar.katolsk.no\/?p=62","title":{"rendered":"KUNNGJ\u00d8RINGER S\u00d8NDAG 30. SEPTEMBER"},"content":{"rendered":"<p><\/p>\n<div class=\"MsoNormal\" style=\"line-height: 115%; margin-bottom: 6.0pt; margin-left: 70.8pt; margin-right: 0cm; margin-top: 0cm; text-indent: 35.4pt;\">\n<\/div>\n<div class=\"MsoNormal\" style=\"line-height: 115%; margin-bottom: 6.0pt; margin-left: 106.5pt; margin-right: 0cm; margin-top: 0cm; text-indent: -106.5pt;\">\n<\/div>\n<div class=\"MsoNormal\" style=\"line-height: 115%; margin-bottom: 6.0pt; margin-left: 106.5pt; margin-right: 0cm; margin-top: 0cm; text-indent: -106.5pt;\">\nP\u00e5 grunn av prestem\u00f8tet<br \/>\np\u00e5 Mariaholm 1. &#8211; 4. oktober er begge prestene bortreist.<\/div>\n<div class=\"MsoNormal\" style=\"line-height: 115%; margin-bottom: 6.0pt; margin-left: 106.5pt; margin-right: 0cm; margin-top: 0cm; text-indent: -106.5pt;\">\nMesser<br \/>\nfra tirsdag til torsdag&nbsp; er avlyst. <\/div>\n<div class=\"MsoNormal\" style=\"line-height: 115%; margin-bottom: 6.0pt; margin-left: 106.5pt; margin-right: 0cm; margin-top: 0cm; text-indent: -106.5pt;\">\n<\/div>\n<div class=\"MsoNormal\" style=\"margin-bottom: 6.0pt;\">\nFredag 05\/10 &nbsp;&nbsp;&nbsp;&nbsp;&nbsp;&nbsp;&nbsp;&nbsp;&nbsp;&nbsp;&nbsp;&nbsp; kl. 18.00 &nbsp;&nbsp;&nbsp;&nbsp;&nbsp;&nbsp;&nbsp; Messe<\/div>\n<div class=\"MsoNormal\" style=\"line-height: 115%; margin-bottom: 6.0pt; margin-left: 106.5pt; margin-right: 0cm; margin-top: 0cm; text-indent: -106.5pt;\">\nL\u00f8rdag 06\/10&nbsp;&nbsp;&nbsp;&nbsp;&nbsp;&nbsp;&nbsp;&nbsp;&nbsp;&nbsp;&nbsp;&nbsp;&nbsp;&nbsp; kl. 13.00 &nbsp;&nbsp;&nbsp;&nbsp;&nbsp;&nbsp;&nbsp; Messe<\/div>\n<div class=\"MsoNormal\" style=\"line-height: 115%; margin-bottom: 6.0pt; margin-left: 70.8pt; margin-right: 0cm; margin-top: 0cm; text-indent: 35.4pt;\">\nkl. 18.00&nbsp;&nbsp;&nbsp;&nbsp;&nbsp;&nbsp;&nbsp;&nbsp; Messe p\u00e5 polsk<\/div>\n<div class=\"MsoNormal\" style=\"line-height: 115%; margin-bottom: 6.0pt;\">\n<b>S\u00f8ndag 07\/10&nbsp; &nbsp;&nbsp;&nbsp;&nbsp;&nbsp;&nbsp;&nbsp;&nbsp;&nbsp;&nbsp;&nbsp; 27.<br \/>\nS\u00d8NDAG I DET ALMINNELIGE KIRKE\u00c5R &#8211; &nbsp;Mark<br \/>\n10,2-16<\/b><\/div>\n<div class=\"MsoNormal\" style=\"line-height: 115%; margin-bottom: 6.0pt; margin-left: 70.8pt; margin-right: 0cm; margin-top: 0cm; text-indent: 35.4pt;\">\nkl. 09.00&nbsp;&nbsp;&nbsp;&nbsp;&nbsp;&nbsp;&nbsp;&nbsp; Messe p\u00e5 polsk<\/div>\n<div class=\"MsoNormal\" style=\"line-height: 115%; margin-bottom: 6.0pt;\">\n&nbsp;&nbsp;&nbsp;&nbsp;&nbsp;&nbsp;&nbsp;&nbsp;&nbsp;&nbsp;&nbsp;&nbsp;&nbsp;&nbsp;&nbsp;&nbsp;&nbsp;&nbsp;&nbsp;&nbsp;&nbsp;&nbsp;&nbsp;&nbsp;&nbsp;&nbsp;&nbsp;&nbsp;&nbsp;&nbsp;&nbsp;&nbsp;&nbsp;&nbsp; kl. 11.00&nbsp;&nbsp;&nbsp;&nbsp;&nbsp;&nbsp;&nbsp;&nbsp; Messe p\u00e5 norsk<\/div>\n<div class=\"MsoNormal\" style=\"line-height: 115%; margin-bottom: 6.0pt;\">\n&nbsp;&nbsp;&nbsp;&nbsp;&nbsp;&nbsp;&nbsp;&nbsp;&nbsp;&nbsp;&nbsp;&nbsp;&nbsp;&nbsp;&nbsp;&nbsp;&nbsp;&nbsp;&nbsp;&nbsp;&nbsp;&nbsp;&nbsp;&nbsp;&nbsp;&nbsp;&nbsp;&nbsp;&nbsp;&nbsp;&nbsp;&nbsp;&nbsp;&nbsp; kl. 13.00 &nbsp;&nbsp;&nbsp;&nbsp;&nbsp;&nbsp;&nbsp; Messe p\u00e5 vietnamesisk<\/div>\n<div class=\"MsoNormal\" style=\"line-height: 115%; margin-bottom: 6.0pt;\">\n&nbsp;&nbsp;&nbsp;&nbsp;&nbsp;&nbsp;&nbsp;&nbsp;&nbsp;&nbsp;&nbsp;&nbsp;&nbsp;&nbsp;&nbsp;&nbsp;&nbsp;&nbsp;&nbsp;&nbsp;&nbsp;&nbsp;&nbsp;&nbsp;&nbsp;&nbsp;&nbsp;&nbsp;&nbsp;&nbsp;&nbsp;&nbsp;&nbsp;&nbsp; <\/div>\n<div class=\"MsoNormal\" style=\"line-height: 115%; margin-bottom: 6.0pt;\">\n<b style=\"mso-bidi-font-weight: normal;\">Annet:<\/b><\/div>\n<div class=\"MsoNormal\" style=\"line-height: 115%; margin-bottom: 6.0pt;\">\n<b style=\"mso-bidi-font-weight: normal;\">Mariamesse og prosesjon l\u00f8rdag 13. okt. <\/b><\/div>\n<div class=\"MsoNormal\" style=\"line-height: 115%; margin-bottom: 6.0pt;\">\n&#8211;<br \/>\n17.00: Messe for V\u00e5r Frue av Rosenkransen<\/div>\n<div class=\"MsoNormal\" style=\"line-height: 115%; margin-bottom: 6.0pt;\">\n&#8211; 18.00<br \/>\nProsesjon ut p\u00e5 gata<\/div>\n<div class=\"MsoNormal\" style=\"line-height: 115%; margin-bottom: 6.0pt;\">\n&#8211; Etter<br \/>\nprosesjonen: Alle kommer tilbake til kirken<\/div>\n<div class=\"MsoNormal\" style=\"line-height: 115%; margin-bottom: 6.0pt;\">\nAlle er<br \/>\nvelkommen.<\/div>\n<div class=\"MsoNormal\" style=\"line-height: 115%; margin-bottom: 6.0pt;\">\n<\/div>\n<div class=\"MsoNormal\" style=\"line-height: 115%; margin-bottom: 6.0pt;\">\nVi<br \/>\nminner om retretten p\u00e5 <b style=\"mso-bidi-font-weight: normal;\">Stella Maris fra<br \/>\nfredag 12. oktober til s\u00f8ndag 14. oktober.<\/b><\/div>\n<div class=\"MsoNormal\" style=\"line-height: 115%; margin-bottom: 6.0pt;\">\nP\u00e5meldingsliste<br \/>\nhenger ute i gangen i St.Ansgar kirke.<\/div>\n<div class=\"MsoNormal\" style=\"line-height: 115%; margin-bottom: 6.0pt;\">\n<\/div>\n<div class=\"MsoNormal\" style=\"line-height: 115%; margin-bottom: 6.0pt;\">\n<\/div>\n<div class=\"MsoNormal\" style=\"line-height: 115%; margin-bottom: 6.0pt;\">\n<\/div>\n<div class=\"MsoNormal\" style=\"line-height: 115%; margin-bottom: 6.0pt;\">\n<\/div>\n<div class=\"m8674392872933367555ingenmellomrom1\" style=\"line-height: 115%; margin-bottom: 6.0pt;\">\n<\/div>\n<div class=\"m8674392872933367555ingenmellomrom1\" style=\"line-height: 115%; margin-bottom: 6.0pt;\">\n&nbsp;&nbsp;&nbsp;&nbsp;&nbsp;&nbsp;&nbsp;&nbsp;&nbsp;&nbsp;&nbsp;&nbsp;&nbsp;&nbsp;&nbsp;&nbsp;&nbsp;&nbsp;&nbsp;&nbsp;&nbsp;&nbsp; <b>Alle er hjertelig velkommen til<br \/>\nkirkekaffe!<\/b><\/div>\n<div class=\"m8674392872933367555ingenmellomrom1\" style=\"line-height: 115%; margin-bottom: 6.0pt; margin-left: 35.4pt; margin-right: 0cm; margin-top: 5.0pt; text-indent: 35.4pt;\">\n<b>&nbsp;&nbsp;&nbsp;&nbsp;<br \/>\n\u00d8nsker dere en riktig god s\u00f8ndag!<\/b><\/div>\n<div class=\"Ingenmellomrom1\" style=\"line-height: 115%; margin-bottom: 6.0pt; margin-left: 35.4pt; margin-right: 0cm; margin-top: 0cm; text-indent: 35.4pt;\">\n<\/div>\n<p><\/p>\n","protected":false},"excerpt":{"rendered":"<p>P\u00e5 grunn av prestem\u00f8tet p\u00e5 Mariaholm 1. &#8211; 4. oktober er begge prestene bortreist. Messer fra tirsdag til torsdag&nbsp; er avlyst. Fredag 05\/10 &nbsp;&nbsp;&nbsp;&nbsp;&nbsp;&nbsp;&nbsp;&nbsp;&nbsp;&nbsp;&nbsp;&nbsp; kl. 18.00 &nbsp;&nbsp;&nbsp;&nbsp;&nbsp;&nbsp;&nbsp; Messe L\u00f8rdag 06\/10&nbsp;&nbsp;&nbsp;&nbsp;&nbsp;&nbsp;&nbsp;&nbsp;&nbsp;&nbsp;&nbsp;&nbsp;&nbsp;&nbsp; kl. 13.00 &nbsp;&nbsp;&nbsp;&nbsp;&nbsp;&nbsp;&nbsp; Messe kl. 18.00&nbsp;&nbsp;&nbsp;&nbsp;&nbsp;&nbsp;&nbsp;&nbsp; Messe p\u00e5 polsk S\u00f8ndag&#8230;<br \/><a class=\"read-more-button\" href=\"https:\/\/stansgar.katolsk.no\/?p=62\">Read more<\/a><\/p>\n","protected":false},"author":3,"featured_media":0,"comment_status":"open","ping_status":"open","sticky":false,"template":"","format":"standard","meta":{"footnotes":""},"categories":[1],"tags":[3],"class_list":["post-62","post","type-post","status-publish","format-standard","hentry","category-ukategorisert","tag-kunngjoringer"],"_links":{"self":[{"href":"https:\/\/stansgar.katolsk.no\/index.php?rest_route=\/wp\/v2\/posts\/62","targetHints":{"allow":["GET"]}}],"collection":[{"href":"https:\/\/stansgar.katolsk.no\/index.php?rest_route=\/wp\/v2\/posts"}],"about":[{"href":"https:\/\/stansgar.katolsk.no\/index.php?rest_route=\/wp\/v2\/types\/post"}],"author":[{"embeddable":true,"href":"https:\/\/stansgar.katolsk.no\/index.php?rest_route=\/wp\/v2\/users\/3"}],"replies":[{"embeddable":true,"href":"https:\/\/stansgar.katolsk.no\/index.php?rest_route=%2Fwp%2Fv2%2Fcomments&post=62"}],"version-history":[{"count":1,"href":"https:\/\/stansgar.katolsk.no\/index.php?rest_route=\/wp\/v2\/posts\/62\/revisions"}],"predecessor-version":[{"id":1478,"href":"https:\/\/stansgar.katolsk.no\/index.php?rest_route=\/wp\/v2\/posts\/62\/revisions\/1478"}],"wp:attachment":[{"href":"https:\/\/stansgar.katolsk.no\/index.php?rest_route=%2Fwp%2Fv2%2Fmedia&parent=62"}],"wp:term":[{"taxonomy":"category","embeddable":true,"href":"https:\/\/stansgar.katolsk.no\/index.php?rest_route=%2Fwp%2Fv2%2Fcategories&post=62"},{"taxonomy":"post_tag","embeddable":true,"href":"https:\/\/stansgar.katolsk.no\/index.php?rest_route=%2Fwp%2Fv2%2Ftags&post=62"}],"curies":[{"name":"wp","href":"https:\/\/api.w.org\/{rel}","templated":true}]}}