{"id":6195,"date":"2019-08-21T12:31:26","date_gmt":"2019-08-21T10:31:26","guid":{"rendered":"http:\/\/stansgar.katolsk.no\/?p=6195"},"modified":"2019-08-21T12:31:26","modified_gmt":"2019-08-21T10:31:26","slug":"kollekt-uke-33-2","status":"publish","type":"post","link":"https:\/\/stansgar.katolsk.no\/?p=6195","title":{"rendered":"Kollekt uke 33"},"content":{"rendered":"<p style=\"text-align: justify\"><span style=\"font-family:Book Antiqua;font-size:36pt\">        Kollekt uke 33 \u20132019<br \/>\n<\/span><\/p>\n<div>\n<table style=\"border-collapse:collapse\" border=\"0\">\n<colgroup>\n<col style=\"width:94px\" \/>\n<col style=\"width:105px\" \/>\n<col style=\"width:359px\" \/>\n<col style=\"width:47px\" \/>\n<col style=\"width:94px\" \/><\/colgroup>\n<tbody valign=\"top\">\n<tr style=\"height: 52px\">\n<td style=\"padding-left: 7px;padding-right: 7px;border-top:  solid 0.5pt;border-left:  solid 0.5pt;border-bottom:  solid 0.5pt;border-right:  solid 0.5pt\">\n<p style=\"text-align: justify\"><span style=\"font-family:Book Antiqua;font-size:16pt\">Torsdag<\/span><\/p>\n<\/td>\n<td style=\"padding-left: 7px;padding-right: 7px;border-top:  solid 0.5pt;border-left:  none;border-bottom:  solid 0.5pt;border-right:  solid 0.5pt\">\n<p style=\"text-align: justify\"><span style=\"font-family:Book Antiqua;font-size:16pt\">15.august<\/span><\/p>\n<\/td>\n<td style=\"padding-left: 7px;padding-right: 7px;border-top:  solid 0.5pt;border-left:  none;border-bottom:  solid 0.5pt;border-right:  solid 0.5pt\">\n<p style=\"text-align: justify\"><span style=\"font-family:Book Antiqua;font-size:16pt\">Marias opptagelse i himmelen kl. 18<\/span><\/p>\n<\/td>\n<td style=\"padding-left: 7px;padding-right: 7px;border-top:  solid 0.5pt;border-left:  none;border-bottom:  solid 0.5pt;border-right:  solid 0.5pt\">\n<p style=\"text-align: justify\"><span style=\"font-family:Book Antiqua;font-size:16pt\">kr.<\/span><\/p>\n<\/td>\n<td style=\"padding-left: 7px;padding-right: 7px;border-top:  solid 0.5pt;border-left:  none;border-bottom:  solid 0.5pt;border-right:  solid 0.5pt\">\n<p style=\"text-align: justify\"><span style=\"font-family:Book Antiqua;font-size:16pt\">1198,-<\/span><\/p>\n<\/td>\n<\/tr>\n<tr style=\"height: 52px\">\n<td style=\"padding-left: 7px;padding-right: 7px;border-top:  none;border-left:  solid 0.5pt;border-bottom:  solid 0.5pt;border-right:  solid 0.5pt\">\n<p style=\"text-align: justify\"><span style=\"font-family:Book Antiqua;font-size:16pt\">L\u00f8rdag<\/span><\/p>\n<\/td>\n<td style=\"padding-left: 7px;padding-right: 7px;border-top:  none;border-left:  none;border-bottom:  solid 0.5pt;border-right:  solid 0.5pt\">\n<p style=\"text-align: justify\"><span style=\"font-family:Book Antiqua;font-size:16pt\">17.august<\/span><\/p>\n<\/td>\n<td style=\"padding-left: 7px;padding-right: 7px;border-top:  none;border-left:  none;border-bottom:  solid 0.5pt;border-right:  solid 0.5pt\">\n<p style=\"text-align: justify\"><span style=\"font-family:Book Antiqua;font-size:16pt\">Messe kl. 13.00<\/span><\/p>\n<\/td>\n<td style=\"padding-left: 7px;padding-right: 7px;border-top:  none;border-left:  none;border-bottom:  solid 0.5pt;border-right:  solid 0.5pt\">\n<p style=\"text-align: justify\"><span style=\"font-family:Book Antiqua;font-size:16pt\">kr.<\/span><\/p>\n<\/td>\n<td style=\"padding-left: 7px;padding-right: 7px;border-top:  none;border-left:  none;border-bottom:  solid 0.5pt;border-right:  solid 0.5pt\">\n<p style=\"text-align: justify\"><span style=\"font-family:Book Antiqua;font-size:16pt\">  459,-<\/span><\/p>\n<\/td>\n<\/tr>\n<tr style=\"height: 52px\">\n<td style=\"padding-left: 7px;padding-right: 7px;border-top:  none;border-left:  solid 0.5pt;border-bottom:  solid 0.5pt;border-right:  solid 0.5pt\">\n<p style=\"text-align: justify\"><span style=\"font-family:Book Antiqua;font-size:16pt\">L\u00f8rdag<\/span><\/p>\n<\/td>\n<td style=\"padding-left: 7px;padding-right: 7px;border-top:  none;border-left:  none;border-bottom:  solid 0.5pt;border-right:  solid 0.5pt\">\n<p style=\"text-align: justify\"><span style=\"font-family:Book Antiqua;font-size:16pt\">17.august<\/span><\/p>\n<\/td>\n<td style=\"padding-left: 7px;padding-right: 7px;border-top:  none;border-left:  none;border-bottom:  solid 0.5pt;border-right:  solid 0.5pt\">\n<p style=\"text-align: justify\"><span style=\"font-family:Book Antiqua;font-size:16pt\">Messe p\u00e5 spansk kl. 14.00<\/span><\/p>\n<\/td>\n<td style=\"padding-left: 7px;padding-right: 7px;border-top:  none;border-left:  none;border-bottom:  solid 0.5pt;border-right:  solid 0.5pt\">\n<p style=\"text-align: justify\"><span style=\"font-family:Book Antiqua;font-size:16pt\">kr.<\/span><\/p>\n<\/td>\n<td style=\"padding-left: 7px;padding-right: 7px;border-top:  none;border-left:  none;border-bottom:  solid 0.5pt;border-right:  solid 0.5pt\">\n<p style=\"text-align: justify\"><span style=\"font-family:Book Antiqua;font-size:16pt\">  468,-<\/span><\/p>\n<\/td>\n<\/tr>\n<tr style=\"height: 52px\">\n<td style=\"padding-left: 7px;padding-right: 7px;border-top:  none;border-left:  solid 0.5pt;border-bottom:  solid 0.5pt;border-right:  solid 0.5pt\">\n<p style=\"text-align: justify\"><span style=\"font-family:Book Antiqua;font-size:16pt\">S\u00f8ndag<\/span><\/p>\n<\/td>\n<td style=\"padding-left: 7px;padding-right: 7px;border-top:  none;border-left:  none;border-bottom:  solid 0.5pt;border-right:  solid 0.5pt\">\n<p style=\"text-align: justify\"><span style=\"font-family:Book Antiqua;font-size:16pt\">18.august<\/span><\/p>\n<\/td>\n<td style=\"padding-left: 7px;padding-right: 7px;border-top:  none;border-left:  none;border-bottom:  solid 0.5pt;border-right:  solid 0.5pt\">\n<p style=\"text-align: justify\"><span style=\"font-family:Book Antiqua;font-size:16pt\">Messe kl. 9.00<\/span><\/p>\n<\/td>\n<td style=\"padding-left: 7px;padding-right: 7px;border-top:  none;border-left:  none;border-bottom:  solid 0.5pt;border-right:  solid 0.5pt\">\n<p style=\"text-align: justify\"><span style=\"font-family:Book Antiqua;font-size:16pt\">kr.<\/span><\/p>\n<\/td>\n<td style=\"padding-left: 7px;padding-right: 7px;border-top:  none;border-left:  none;border-bottom:  solid 0.5pt;border-right:  solid 0.5pt\">\n<p style=\"text-align: justify\"><span style=\"font-family:Book Antiqua;font-size:16pt\">  982,-<\/span><\/p>\n<\/td>\n<\/tr>\n<tr style=\"height: 52px\">\n<td style=\"padding-left: 7px;padding-right: 7px;border-top:  none;border-left:  solid 0.5pt;border-bottom:  solid 0.5pt;border-right:  solid 0.5pt\">\n<p style=\"text-align: justify\"><span style=\"font-family:Book Antiqua;font-size:16pt\">S\u00f8ndag<\/span><\/p>\n<\/td>\n<td style=\"padding-left: 7px;padding-right: 7px;border-top:  none;border-left:  none;border-bottom:  solid 0.5pt;border-right:  solid 0.5pt\">\n<p style=\"text-align: justify\"><span style=\"font-family:Book Antiqua;font-size:16pt\">18.august<\/span><\/p>\n<\/td>\n<td style=\"padding-left: 7px;padding-right: 7px;border-top:  none;border-left:  none;border-bottom:  solid 0.5pt;border-right:  solid 0.5pt\">\n<p style=\"text-align: justify\"><span style=\"font-family:Book Antiqua;font-size:16pt\">Messe kl. 11.00<\/span><\/p>\n<\/td>\n<td style=\"padding-left: 7px;padding-right: 7px;border-top:  none;border-left:  none;border-bottom:  solid 0.5pt;border-right:  solid 0.5pt\">\n<p style=\"text-align: justify\"><span style=\"font-family:Book Antiqua;font-size:16pt\">kr.<\/span><\/p>\n<\/td>\n<td style=\"padding-left: 7px;padding-right: 7px;border-top:  none;border-left:  none;border-bottom:  solid 0.5pt;border-right:  solid 0.5pt\">\n<p style=\"text-align: justify\"><span style=\"font-family:Book Antiqua;font-size:16pt\">2171,-<\/span><\/p>\n<\/td>\n<\/tr>\n<tr style=\"height: 52px\">\n<td style=\"padding-left: 7px;padding-right: 7px;border-top:  none;border-left:  solid 0.5pt;border-bottom:  solid 0.5pt;border-right:  solid 0.5pt\">\n<p style=\"text-align: justify\"><span style=\"font-family:Book Antiqua;font-size:16pt\">S\u00f8ndag <\/span><\/p>\n<\/td>\n<td style=\"padding-left: 7px;padding-right: 7px;border-top:  none;border-left:  none;border-bottom:  solid 0.5pt;border-right:  solid 0.5pt\">\n<p style=\"text-align: justify\"><span style=\"font-family:Book Antiqua;font-size:16pt\">18.august<\/span><\/p>\n<\/td>\n<td style=\"padding-left: 7px;padding-right: 7px;border-top:  none;border-left:  none;border-bottom:  solid 0.5pt;border-right:  solid 0.5pt\">\n<p style=\"text-align: justify\"><span style=\"font-family:Book Antiqua;font-size:16pt\">Messe kl. 13.00<\/span><\/p>\n<\/td>\n<td style=\"padding-left: 7px;padding-right: 7px;border-top:  none;border-left:  none;border-bottom:  solid 0.5pt;border-right:  solid 0.5pt\">\n<p style=\"text-align: justify\"><span style=\"font-family:Book Antiqua;font-size:16pt\">kr.<\/span><\/p>\n<\/td>\n<td style=\"padding-left: 7px;padding-right: 7px;border-top:  none;border-left:  none;border-bottom:  solid 0.5pt;border-right:  solid 0.5pt\">\n<p style=\"text-align: justify\"><span style=\"font-family:Book Antiqua;font-size:16pt\">2330,-<\/span><\/p>\n<\/td>\n<\/tr>\n<\/tbody>\n<\/table>\n<\/div>\n<p style=\"text-align: justify\"><span style=\"font-family:Book Antiqua\"><span style=\"font-size:14pt\">\u00a0\u00a0\u00a0\u00a0           \u00a0\u00a0\u00a0\u00a0<\/span><span style=\"font-size:28pt\"> \u00a0\u00a0\u00a0\u00a0\u00a0\u00a0\u00a0\u00a0\u00a0\u00a0\u00a0\u00a0\u00a0\u00a0\u00a0\u00a0<br \/>\n<\/span><\/span><\/p>\n<p style=\"text-align: justify;margin-left: 212pt\"><span style=\"font-family:Book Antiqua;font-size:28pt\"> SUM    kr. 7608,-<br \/>\n<\/span><\/p>\n<p style=\"text-align: justify\"><span style=\"font-family:Book Antiqua;font-size:36pt\">         Hittil i \u00e5r     kr. 297.803,-\u00a0\u00a0\u00a0\u00a0\u00a0\u00a0\u00a0\u00a0<br \/>\n<\/span><\/p>\n<p style=\"text-align: justify\">\n\u00a0<\/p>\n<p style=\"text-align: justify;margin-left: 70pt\"><span style=\"color:red;font-family:Gentium Book Basic;font-size:36pt\">Takk for alle bidrag !<\/span><\/p>\n","protected":false},"excerpt":{"rendered":"<p>Kollekt uke 33 \u20132019 Torsdag 15.august Marias opptagelse i himmelen kl. 18 kr. 1198,- L\u00f8rdag 17.august Messe kl. 13.00 kr. 459,- L\u00f8rdag 17.august Messe p\u00e5 spansk kl. 14.00 kr. 468,- S\u00f8ndag 18.august Messe kl. 9.00 kr. 982,- S\u00f8ndag 18.august Messe&#8230;<br \/><a class=\"read-more-button\" href=\"https:\/\/stansgar.katolsk.no\/?p=6195\">Read more<\/a><\/p>\n","protected":false},"author":5,"featured_media":0,"comment_status":"open","ping_status":"open","sticky":false,"template":"","format":"standard","meta":{"footnotes":""},"categories":[204],"tags":[],"class_list":["post-6195","post","type-post","status-publish","format-standard","hentry","category-ukategorisert-nb"],"_links":{"self":[{"href":"https:\/\/stansgar.katolsk.no\/index.php?rest_route=\/wp\/v2\/posts\/6195","targetHints":{"allow":["GET"]}}],"collection":[{"href":"https:\/\/stansgar.katolsk.no\/index.php?rest_route=\/wp\/v2\/posts"}],"about":[{"href":"https:\/\/stansgar.katolsk.no\/index.php?rest_route=\/wp\/v2\/types\/post"}],"author":[{"embeddable":true,"href":"https:\/\/stansgar.katolsk.no\/index.php?rest_route=\/wp\/v2\/users\/5"}],"replies":[{"embeddable":true,"href":"https:\/\/stansgar.katolsk.no\/index.php?rest_route=%2Fwp%2Fv2%2Fcomments&post=6195"}],"version-history":[{"count":1,"href":"https:\/\/stansgar.katolsk.no\/index.php?rest_route=\/wp\/v2\/posts\/6195\/revisions"}],"predecessor-version":[{"id":6196,"href":"https:\/\/stansgar.katolsk.no\/index.php?rest_route=\/wp\/v2\/posts\/6195\/revisions\/6196"}],"wp:attachment":[{"href":"https:\/\/stansgar.katolsk.no\/index.php?rest_route=%2Fwp%2Fv2%2Fmedia&parent=6195"}],"wp:term":[{"taxonomy":"category","embeddable":true,"href":"https:\/\/stansgar.katolsk.no\/index.php?rest_route=%2Fwp%2Fv2%2Fcategories&post=6195"},{"taxonomy":"post_tag","embeddable":true,"href":"https:\/\/stansgar.katolsk.no\/index.php?rest_route=%2Fwp%2Fv2%2Ftags&post=6195"}],"curies":[{"name":"wp","href":"https:\/\/api.w.org\/{rel}","templated":true}]}}