{"id":6182,"date":"2019-08-16T13:48:32","date_gmt":"2019-08-16T11:48:32","guid":{"rendered":"http:\/\/stansgar.katolsk.no\/?p=6182"},"modified":"2019-08-16T13:48:32","modified_gmt":"2019-08-16T11:48:32","slug":"kunngjoringer-18-august","status":"publish","type":"post","link":"https:\/\/stansgar.katolsk.no\/?p=6182","title":{"rendered":"Kunngj\u00f8ringer 18. august"},"content":{"rendered":"<p style=\"text-align: center\"><span style=\"font-family:Times New Roman;font-size:12pt\"><strong>KUNNGJ\u00d8RINGER S\u00d8NDAG 18. AUGUST 2019<br \/>\n<\/strong><\/span><\/p>\n<p style=\"margin-left: 106pt\">\n\u00a0<\/p>\n<div style=\"margin-left: 13pt\">\n<table style=\"border-collapse:collapse\" border=\"0\">\n<colgroup>\n<col style=\"width:95px\" \/>\n<col style=\"width:0px\" \/>\n<col style=\"width:56px\" \/>\n<col style=\"width:38px\" \/>\n<col style=\"width:57px\" \/>\n<col style=\"width:416px\" \/><\/colgroup>\n<tbody valign=\"top\">\n<tr style=\"height: 25px\">\n<td colspan=\"2\" style=\"padding-left: 7px;padding-right: 7px\">\n<p><span style=\"font-family:Times New Roman;font-size:12pt\">Tirsdag<\/span><\/p>\n<\/td>\n<td style=\"padding-left: 7px;padding-right: 7px\">\n<p><span style=\"font-family:Times New Roman;font-size:12pt\">20.08.<\/span><\/p>\n<\/td>\n<td style=\"padding-left: 7px;padding-right: 7px\">\n<p><span style=\"font-family:Times New Roman;font-size:12pt\">kl.<\/span><\/p>\n<\/td>\n<td style=\"padding-left: 7px;padding-right: 7px\">\n<p><span style=\"font-family:Times New Roman;font-size:12pt\">17.30<\/span><\/p>\n<\/td>\n<td style=\"padding-left: 7px;padding-right: 7px\">\n<p><span style=\"font-family:Times New Roman;font-size:12pt\">Vesper<\/span><\/p>\n<\/td>\n<\/tr>\n<tr style=\"height: 25px\">\n<td colspan=\"2\" style=\"padding-left: 7px;padding-right: 7px\">\u00a0<\/td>\n<td style=\"padding-left: 7px;padding-right: 7px\">\u00a0<\/td>\n<td style=\"padding-left: 7px;padding-right: 7px\">\n<p><span style=\"font-family:Times New Roman;font-size:12pt\">kl.<\/span><\/p>\n<\/td>\n<td style=\"padding-left: 7px;padding-right: 7px\">\n<p><span style=\"font-family:Times New Roman;font-size:12pt\">18.00<\/span><\/p>\n<\/td>\n<td style=\"padding-left: 7px;padding-right: 7px\">\n<p><span style=\"font-family:Times New Roman;font-size:12pt\">Messe: Den hellige Bernhard av Clairvaux + tilbedelse<\/span><\/p>\n<\/td>\n<\/tr>\n<tr style=\"height: 25px\">\n<td colspan=\"2\" style=\"padding-left: 7px;padding-right: 7px\">\n<p><span style=\"font-family:Times New Roman;font-size:12pt\">Onsdag<\/span><\/p>\n<\/td>\n<td style=\"padding-left: 7px;padding-right: 7px\">\n<p><span style=\"font-family:Times New Roman;font-size:12pt\">21.08.<\/span><\/p>\n<\/td>\n<td style=\"padding-left: 7px;padding-right: 7px\">\n<p><span style=\"font-family:Times New Roman;font-size:12pt\">kl.<\/span><\/p>\n<\/td>\n<td style=\"padding-left: 7px;padding-right: 7px\">\n<p><span style=\"font-family:Times New Roman;font-size:12pt\">18.00<\/span><\/p>\n<\/td>\n<td style=\"padding-left: 7px;padding-right: 7px\">\n<p><span style=\"font-family:Times New Roman;font-size:12pt\">Messe: Den hellige Pius X<\/span><\/p>\n<\/td>\n<\/tr>\n<tr style=\"height: 24px\">\n<td style=\"padding-left: 7px;padding-right: 7px\">\n<p><span style=\"font-family:Times New Roman;font-size:12pt\">Torsdag<\/span><\/p>\n<\/td>\n<td colspan=\"2\" style=\"padding-left: 7px;padding-right: 7px\">\n<p><span style=\"font-family:Times New Roman;font-size:12pt\">22.08.<\/span><\/p>\n<\/td>\n<td style=\"padding-left: 7px;padding-right: 7px\">\n<p><span style=\"font-family:Times New Roman;font-size:12pt\">kl. <\/span><\/p>\n<\/td>\n<td style=\"padding-left: 7px;padding-right: 7px\">\n<p><span style=\"font-family:Times New Roman;font-size:12pt\">18.00<\/span><\/p>\n<\/td>\n<td style=\"padding-left: 7px;padding-right: 7px\">\n<p><span style=\"font-family:Times New Roman;font-size:12pt\">Messe: Jomfru Marias dronningverdighet<\/span><\/p>\n<\/td>\n<\/tr>\n<tr>\n<td colspan=\"2\" style=\"padding-left: 7px;padding-right: 7px\">\n<p><span style=\"font-family:Times New Roman;font-size:12pt\">Fredag<\/span><\/p>\n<\/td>\n<td style=\"padding-left: 7px;padding-right: 7px\">\n<p><span style=\"font-family:Times New Roman;font-size:12pt\">23.08.<\/span><\/p>\n<\/td>\n<td style=\"padding-left: 7px;padding-right: 7px\">\n<p><span style=\"font-family:Times New Roman;font-size:12pt\">kl. <\/span><\/p>\n<\/td>\n<td style=\"padding-left: 7px;padding-right: 7px\">\n<p><span style=\"font-family:Times New Roman;font-size:12pt\">18.00<\/span><\/p>\n<\/td>\n<td style=\"padding-left: 7px;padding-right: 7px\">\n<p><span style=\"font-family:Times New Roman;font-size:12pt\">Messe &#8211; etterfulgt av tilbedelse<\/span><\/p>\n<\/td>\n<\/tr>\n<tr style=\"height: 27px\">\n<td colspan=\"2\" style=\"padding-left: 7px;padding-right: 7px\">\n<p><span style=\"font-family:Times New Roman;font-size:12pt\">L\u00f8rdag<\/span><\/p>\n<\/td>\n<td style=\"padding-left: 7px;padding-right: 7px\">\n<p><span style=\"font-family:Times New Roman;font-size:12pt\">24.08.<\/span><\/p>\n<\/td>\n<td style=\"padding-left: 7px;padding-right: 7px\">\n<p><span style=\"font-family:Times New Roman;font-size:12pt\">kl.<br \/>\n<\/span><\/p>\n<p><span style=\"font-family:Times New Roman;font-size:12pt\">kl.<br \/>\n<\/span><\/p>\n<p><span style=\"font-family:Times New Roman;font-size:12pt\">kl.<br \/>\n<\/span><\/p>\n<\/td>\n<td style=\"padding-left: 7px;padding-right: 7px\">\n<p><span style=\"font-family:Times New Roman;font-size:12pt\">13.00<br \/>\n<\/span><\/p>\n<p><span style=\"font-family:Times New Roman;font-size:12pt\">14.00<br \/>\n<\/span><\/p>\n<p><span style=\"font-family:Times New Roman;font-size:12pt\">16.00<\/span><\/p>\n<\/td>\n<td style=\"padding-left: 7px;padding-right: 7px\">\n<p style=\"margin-left: 106pt\"><span style=\"font-family:Times New Roman;font-size:12pt\">Fest: Den hellige Bartolomeus &#8211; Apostel<br \/>\n<\/span><\/p>\n<p style=\"margin-left: 106pt\"><span style=\"font-family:Times New Roman;font-size:12pt\">Messe p\u00e5 filippinsk<br \/>\n<\/span><\/p>\n<p style=\"margin-left: 106pt\"><span style=\"font-family:Times New Roman;font-size:12pt\">Messe p\u00e5 fransk<br \/>\n<\/span><\/p>\n<\/td>\n<\/tr>\n<tr style=\"height: 25px\">\n<td colspan=\"2\" style=\"padding-left: 7px;padding-right: 7px\">\n<p><span style=\"font-family:Times New Roman;font-size:12pt\">S\u00f8ndag<\/span><\/p>\n<\/td>\n<td style=\"padding-left: 7px;padding-right: 7px\">\n<p><span style=\"font-family:Times New Roman;font-size:12pt\">25.08.<\/span><\/p>\n<\/td>\n<td colspan=\"3\" style=\"padding-left: 7px;padding-right: 7px\">\n<p><span style=\"font-family:Times New Roman;font-size:12pt\">21. S\u00d8NDAG I DET ALMINNELIGE KIRKE\u00c5R<\/span><\/p>\n<\/td>\n<\/tr>\n<tr style=\"height: 33px\">\n<td colspan=\"2\" style=\"padding-left: 7px;padding-right: 7px\">\u00a0<\/td>\n<td style=\"padding-left: 7px;padding-right: 7px\">\u00a0<\/td>\n<td style=\"padding-left: 7px;padding-right: 7px\">\n<p><span style=\"font-family:Times New Roman;font-size:12pt\">kl.<\/span><\/p>\n<\/td>\n<td style=\"padding-left: 7px;padding-right: 7px\">\n<p><span style=\"font-family:Times New Roman;font-size:12pt\">11.00<\/span><\/p>\n<\/td>\n<td style=\"padding-left: 7px;padding-right: 7px\">\n<p><span style=\"font-family:Times New Roman;font-size:12pt\">H\u00f8ymesse<br \/>\n<\/span><\/p>\n<p><span style=\"font-family:Times New Roman;font-size:12pt\">Internasjonal dag til menigheten.<\/span><\/p>\n<\/td>\n<\/tr>\n<\/tbody>\n<\/table>\n<\/div>\n<p><span style=\"font-family:Times New Roman;font-size:12pt\">\u00a0\u00a0\u00a0\u00a0\u00a0\u00a0\u00a0\u00a0\u00a0\u00a0\u00a0\u00a0\u00a0\u00a0\u00a0\u00a0<br \/>\n<\/span><\/p>\n<p>\n\u00a0<\/p>\n<p><span style=\"font-family:Times New Roman;font-size:12pt\"><strong>Annet:<br \/>\n<\/strong><\/span><\/p>\n<ul>\n<li>\n<div><span style=\"font-family:Times New Roman;font-size:12pt\">21.august: Forberedelses ettermiddag til konfirmasjon for konfirmanter, foreldre og faddere fra kl. 15.30 til 18.30<br \/>\n<\/span><\/div>\n<p style=\"margin-left: 20pt\"><span style=\"font-family:Times New Roman;font-size:12pt\">kl. 15.30 kommer konfirmantene til skriftem\u00e5l<br \/>\n<\/span><\/p>\n<p style=\"margin-left: 20pt\"><span style=\"font-family:Times New Roman;font-size:12pt\">kl. 16.30 Informasjonsm\u00f8te for foreldre og faddere i menighetssalen<br \/>\n<\/span><\/p>\n<p style=\"margin-left: 20pt\"><span style=\"font-family:Times New Roman;font-size:12pt\">kl. 17.30 \u00d8velse til konfirmasjonen med faddere<br \/>\n<\/span><\/p>\n<p style=\"margin-left: 20pt\"><span style=\"font-family:Times New Roman;font-size:12pt\">kl. 18.00 Messe &#8211; Alle konfirmantkandidatene m\u00e5 delta i messen<br \/>\n<\/span><\/p>\n<p><span style=\"font-family:Times New Roman;font-size:12pt\">Se bloggen for mer informasjon.<br \/>\n<\/span><\/p>\n<p>\n\u00a0<\/p>\n<\/li>\n<li><span style=\"font-family:Times New Roman;font-size:12pt\">22. august: Troskurs p\u00e5 biblioteket i Kiga kl. 18.45.<br \/>\n<\/span><\/li>\n<li>\n<div><span style=\"font-family:Times New Roman;font-size:12pt\">23. august er det kateketm\u00f8te. Vi begynner med messe kl. 18.00. Deretter<br \/>\n<\/span><\/div>\n<p><span style=\"font-family:Times New Roman;font-size:12pt\">tilbedelse til kl. 19.00. Etter tilbedelsen er det kateketm\u00f8te.<br \/>\n<\/span><\/p>\n<p>\n\u00a0<\/p>\n<\/li>\n<li>\n<div><span style=\"font-family:Times New Roman;font-size:12pt\">S\u00f8ndag 25. august arrangerer vi internasjonal dag i St Ansgar menighet. Vi begynner med felles internasjonal messe kl 11.00. Etterp\u00e5 feirer vi v\u00e5rt kulturelle mangfold utenfor kirka med mat og underholdning fra mange nasjoner. Alle er hjertelig velkomne og vi ber dere om \u00e5 invitere familie, venner og naboer til \u00e5 feire sammen med oss.<br \/>\n<\/span><\/div>\n<p>\n\u00a0<\/p>\n<\/li>\n<li>\n<div><span style=\"font-family:Times New Roman;font-size:12pt\">Bilder av 1. komm er tilgjengelig. Familien kan hente fra sakristiet.<br \/>\n<\/span><\/div>\n<p>\n\u00a0<\/p>\n<\/li>\n<li><span style=\"font-family:Times New Roman;font-size:12pt\">Andre\u00e5rskonfirmanter i 9. klasse m\u00e5 melde seg p\u00e5 den obligatoriske konfirmasjonsleiren som er p\u00e5 Stella Maris fra fredag 13. september til s\u00f8ndag 15. september. P\u00e5meldingsfristen er 26. august. Brev om leieren er sendt. P\u00e5 bloggen ligger det ogs\u00e5 brev om leieren og p\u00e5meldingsskjema.<br \/>\n<\/span><\/li>\n<\/ul>\n<p>\n\u00a0<\/p>\n<p><span style=\"color:#c00000;font-family:Times New Roman;font-size:14pt\">Alle er hjertelig velkommen til kirkekaffe. \u00d8nsker dere en riktig god s\u00f8ndag!<\/span><\/p>\n","protected":false},"excerpt":{"rendered":"<p>KUNNGJ\u00d8RINGER S\u00d8NDAG 18. AUGUST 2019 \u00a0 Tirsdag 20.08. kl. 17.30 Vesper \u00a0 \u00a0 kl. 18.00 Messe: Den hellige Bernhard av Clairvaux + tilbedelse Onsdag 21.08. kl. 18.00 Messe: Den hellige Pius X Torsdag 22.08. kl. 18.00 Messe: Jomfru Marias dronningverdighet&#8230;<br \/><a class=\"read-more-button\" href=\"https:\/\/stansgar.katolsk.no\/?p=6182\">Read more<\/a><\/p>\n","protected":false},"author":5,"featured_media":0,"comment_status":"open","ping_status":"open","sticky":false,"template":"","format":"standard","meta":{"footnotes":""},"categories":[204],"tags":[],"class_list":["post-6182","post","type-post","status-publish","format-standard","hentry","category-ukategorisert-nb"],"_links":{"self":[{"href":"https:\/\/stansgar.katolsk.no\/index.php?rest_route=\/wp\/v2\/posts\/6182","targetHints":{"allow":["GET"]}}],"collection":[{"href":"https:\/\/stansgar.katolsk.no\/index.php?rest_route=\/wp\/v2\/posts"}],"about":[{"href":"https:\/\/stansgar.katolsk.no\/index.php?rest_route=\/wp\/v2\/types\/post"}],"author":[{"embeddable":true,"href":"https:\/\/stansgar.katolsk.no\/index.php?rest_route=\/wp\/v2\/users\/5"}],"replies":[{"embeddable":true,"href":"https:\/\/stansgar.katolsk.no\/index.php?rest_route=%2Fwp%2Fv2%2Fcomments&post=6182"}],"version-history":[{"count":1,"href":"https:\/\/stansgar.katolsk.no\/index.php?rest_route=\/wp\/v2\/posts\/6182\/revisions"}],"predecessor-version":[{"id":6183,"href":"https:\/\/stansgar.katolsk.no\/index.php?rest_route=\/wp\/v2\/posts\/6182\/revisions\/6183"}],"wp:attachment":[{"href":"https:\/\/stansgar.katolsk.no\/index.php?rest_route=%2Fwp%2Fv2%2Fmedia&parent=6182"}],"wp:term":[{"taxonomy":"category","embeddable":true,"href":"https:\/\/stansgar.katolsk.no\/index.php?rest_route=%2Fwp%2Fv2%2Fcategories&post=6182"},{"taxonomy":"post_tag","embeddable":true,"href":"https:\/\/stansgar.katolsk.no\/index.php?rest_route=%2Fwp%2Fv2%2Ftags&post=6182"}],"curies":[{"name":"wp","href":"https:\/\/api.w.org\/{rel}","templated":true}]}}