{"id":6180,"date":"2019-08-16T10:23:50","date_gmt":"2019-08-16T08:23:50","guid":{"rendered":"http:\/\/stansgar.katolsk.no\/?p=6180"},"modified":"2019-08-16T10:23:50","modified_gmt":"2019-08-16T08:23:50","slug":"konfirmantbrev-info-om-leiren-pa-stella-maris","status":"publish","type":"post","link":"https:\/\/stansgar.katolsk.no\/?p=6180","title":{"rendered":"Konfirmantbrev, info om leiren p\u00e5 Stella Maris"},"content":{"rendered":"<p><a href=\"http:\/\/www.stansgar.blogspot.no\/\"><img decoding=\"async\" align=\"left\" src=\"http:\/\/stansgar.katolsk.no\/wp-content\/uploads\/2019\/08\/081619_0823_Konfirmantb1.jpg\" alt=\"\" border=\"0\" \/><\/a><span style=\"font-family:Arial;font-size:11pt\">\u00a0\u00a0\u00a0\u00a0\u00a0\u00a0\u00a0\u00a0\u00a0\u00a0\u00a0\u00a0\u00a0\u00a0\u00a0\u00a0\u00a0\u00a0\u00a0\u00a0\u00a0\u00a0\u00a0\u00a0\u00a0\u00a0\u00a0\u00a0\u00a0\u00a0\u00a0\u00a0\u00a0\u00a0\u00a0\u00a0\u00a0\u00a0\u00a0\u00a0<br \/>\n<\/span><\/p>\n<p>\n\u00a0<\/p>\n<p><span style=\"font-family:Arial;font-size:11pt\">\u00a0\u00a0\u00a0\u00a0\u00a0\u00a0\u00a0\u00a0\u00a0\u00a0\u00a0\u00a0\u00a0\u00a0\u00a0\u00a0\u00a0\u00a0\u00a0\u00a0\u00a0\u00a0\u00a0\u00a0\u00a0\u00a0\u00a0\u00a0\u00a0\u00a0\u00a0\u00a0\u00a0\u00a0\u00a0\u00a0\u00a0\u00a0\u00a0\u00a0\u00a0\u00a0\u00a0\u00a0 Kristiansand 16.08.19<br \/>\n<\/span><\/p>\n<p><span style=\"font-family:Arial;font-size:11pt\">Kj\u00e6re konfirmanter!<br \/>\n<\/span><\/p>\n<p><span style=\"font-family:Arial;font-size:11pt\">Dere begynner katekese\u00e5ret med en konfirmantleir p\u00e5 Stella Maris i Mandal fra fredag 13. september til s\u00f8ndag 15. september. Der f\u00e5r dere anledning til \u00e5 bli bedre kjent med hverandre og med Jesus. Leirsjefen er Martin Nguyen (20 \u00e5r) fra Oslo. Han er allerede en erfaren leirsjef. P. Tien, Tinh Doan og Victor Munoz<strong><br \/>\n\t\t\t<\/strong>blir ogs\u00e5 med som ledere.<br \/>\n<\/span><\/p>\n<p><span style=\"font-family:Arial;font-size:11pt\">Praktisk informasjon: i Kristiansand fredag 13. september klokken 16.45. Bussen til Mandal g\u00e5r klokken 17.00 fra plass 15. De som har m\u00e5nedskort kan bruke det p\u00e5 bussen. Menigheten betaler bussbillett for de som ikke har m\u00e5nedskort. <br \/>Dersom noen foreldre vil kj\u00f8re sine ungdommer til Stella Maris, oppfordrer vi alle sj\u00e5f\u00f8rene om \u00e5 komme til rutebilstasjonen for \u00e5 ta med andre ungdommer klokken 16.45. Se eget<strong><br \/>\n\t\t\t<\/strong>p\u00e5meldingsskjema.<br \/>\n<\/span><\/p>\n<ul>\n<li><span style=\"font-family:Arial;font-size:11pt\">Bussen stopper ved Amfisenteret i Mandal.<br \/>\n<\/span><\/li>\n<li><span style=\"font-family:Arial;font-size:11pt\">Dere som bor i Mandal eller vest for Mandal kan m\u00f8te p\u00e5 Stella Maris, Leirvikveien 16, 4513 Mandal klokken 18.30.<br \/>\n<\/span><\/li>\n<li><span style=\"font-family:Arial;font-size:11pt\">S\u00f8ndag 15. september g\u00e5r bussen fra Amfisentret til Kristiansand klokken 12.50. Dersom noen blir hentet, kan dere bli hentet p\u00e5 Stella Maris klokken 12.00.<br \/>\n<\/span><\/li>\n<li>\n<div><span style=\"font-family:Arial;font-size:11pt\">Ta med:<br \/>\n<\/span><\/div>\n<ul>\n<li><span style=\"font-family:Arial;font-size:11pt\">Senget\u00f8y<br \/>\n<\/span><\/li>\n<li><span style=\"font-family:Arial;font-size:11pt\">Luftmadrass og sovepose dersom du \u00f8nsker \u00e5 sove i stua.<br \/>\n<\/span><\/li>\n<li><span style=\"font-family:Arial;font-size:11pt\">Innesko<br \/>\n<\/span><\/li>\n<li><span style=\"font-family:Arial;font-size:11pt\">H\u00e5ndkle og toalettsaker<br \/>\n<\/span><\/li>\n<li><span style=\"font-family:Arial;font-size:11pt\">Badet\u00f8y for de som \u00f8nsker \u00e5 bade i sj\u00f8en<br \/>\n<\/span><\/li>\n<li><span style=\"font-family:Arial;font-size:11pt\">Litt lommepenger til kollekt og l\u00f8rdagsgodt<br \/>\n<\/span><\/li>\n<\/ul>\n<\/li>\n<\/ul>\n<p><span style=\"font-family:Arial;font-size:11pt\">Selv om konfirmantleiren er obligatorisk, \u00f8nsker vi p\u00e5melding. Fyll ut et eget p\u00e5meldingsskjema, og send det som MMS til Tinh Doan tlfnr. 905 58\u00a0382 innen 26. august. Dersom dere har sp\u00f8rsm\u00e5l, ta ogs\u00e5<strong><br \/>\n\t\t\t<\/strong>kontakt med Tinh Doan.<br \/>\n<\/span><\/p>\n<p><span style=\"font-family:Arial;font-size:11pt\">Vi gleder oss til \u00e5 v\u00e6re sammen med dere p\u00e5 Stella Maris.<br \/>\n<\/span><\/p>\n<p><span style=\"font-family:Arial;font-size:11pt\"><br \/>Vennlig hilsen<\/p>\n<p>P. Tien og Tinh Doan<\/span><\/p>\n","protected":false},"excerpt":{"rendered":"<p>\u00a0\u00a0\u00a0\u00a0\u00a0\u00a0\u00a0\u00a0\u00a0\u00a0\u00a0\u00a0\u00a0\u00a0\u00a0\u00a0\u00a0\u00a0\u00a0\u00a0\u00a0\u00a0\u00a0\u00a0\u00a0\u00a0\u00a0\u00a0\u00a0\u00a0\u00a0\u00a0\u00a0\u00a0\u00a0\u00a0\u00a0\u00a0\u00a0\u00a0 \u00a0 \u00a0\u00a0\u00a0\u00a0\u00a0\u00a0\u00a0\u00a0\u00a0\u00a0\u00a0\u00a0\u00a0\u00a0\u00a0\u00a0\u00a0\u00a0\u00a0\u00a0\u00a0\u00a0\u00a0\u00a0\u00a0\u00a0\u00a0\u00a0\u00a0\u00a0\u00a0\u00a0\u00a0\u00a0\u00a0\u00a0\u00a0\u00a0\u00a0\u00a0\u00a0\u00a0\u00a0\u00a0 Kristiansand 16.08.19 Kj\u00e6re konfirmanter! Dere begynner katekese\u00e5ret med en konfirmantleir p\u00e5 Stella Maris i Mandal fra fredag 13. september til s\u00f8ndag 15. september. Der f\u00e5r dere anledning til \u00e5 bli bedre kjent med hverandre og med Jesus&#8230;.<br \/><a class=\"read-more-button\" href=\"https:\/\/stansgar.katolsk.no\/?p=6180\">Read more<\/a><\/p>\n","protected":false},"author":5,"featured_media":0,"comment_status":"open","ping_status":"open","sticky":false,"template":"","format":"standard","meta":{"footnotes":""},"categories":[204],"tags":[],"class_list":["post-6180","post","type-post","status-publish","format-standard","hentry","category-ukategorisert-nb"],"_links":{"self":[{"href":"https:\/\/stansgar.katolsk.no\/index.php?rest_route=\/wp\/v2\/posts\/6180","targetHints":{"allow":["GET"]}}],"collection":[{"href":"https:\/\/stansgar.katolsk.no\/index.php?rest_route=\/wp\/v2\/posts"}],"about":[{"href":"https:\/\/stansgar.katolsk.no\/index.php?rest_route=\/wp\/v2\/types\/post"}],"author":[{"embeddable":true,"href":"https:\/\/stansgar.katolsk.no\/index.php?rest_route=\/wp\/v2\/users\/5"}],"replies":[{"embeddable":true,"href":"https:\/\/stansgar.katolsk.no\/index.php?rest_route=%2Fwp%2Fv2%2Fcomments&post=6180"}],"version-history":[{"count":1,"href":"https:\/\/stansgar.katolsk.no\/index.php?rest_route=\/wp\/v2\/posts\/6180\/revisions"}],"predecessor-version":[{"id":6181,"href":"https:\/\/stansgar.katolsk.no\/index.php?rest_route=\/wp\/v2\/posts\/6180\/revisions\/6181"}],"wp:attachment":[{"href":"https:\/\/stansgar.katolsk.no\/index.php?rest_route=%2Fwp%2Fv2%2Fmedia&parent=6180"}],"wp:term":[{"taxonomy":"category","embeddable":true,"href":"https:\/\/stansgar.katolsk.no\/index.php?rest_route=%2Fwp%2Fv2%2Fcategories&post=6180"},{"taxonomy":"post_tag","embeddable":true,"href":"https:\/\/stansgar.katolsk.no\/index.php?rest_route=%2Fwp%2Fv2%2Ftags&post=6180"}],"curies":[{"name":"wp","href":"https:\/\/api.w.org\/{rel}","templated":true}]}}