{"id":6147,"date":"2019-07-23T00:19:57","date_gmt":"2019-07-22T22:19:57","guid":{"rendered":"http:\/\/stansgar.katolsk.no\/?p=6147"},"modified":"2019-07-24T09:09:35","modified_gmt":"2019-07-24T07:09:35","slug":"forberedelse-til-konfirmasjonsdagen","status":"publish","type":"post","link":"https:\/\/stansgar.katolsk.no\/?p=6147","title":{"rendered":"Forberedelse til konfirmasjonsdagen"},"content":{"rendered":"<p style=\"text-align: right;\">Kristiansand, den 4. juni 2019<\/p>\n<h1><span style=\"font-family: Times New Roman; font-size: 20pt;\">Kj\u00e6re konfirmant!<br \/>\n<\/span><\/h1>\n<p><span style=\"font-family: Times New Roman; font-size: 12pt;\">L\u00f8rdag 31. august skal du motta konfirmasjonens sakrament, og det er en del ting \u00e5 forberede. Derfor ber jeg deg om \u00e5 lese dette brevet n\u00f8ye og \u00e5 vise det til dine foreldre og din fadder.<br \/>\n<\/span><\/p>\n<h2><span style=\"font-family: Times New Roman; font-size: 12pt;\"><strong>Forberedelse til konfirmasjonsdagen<br \/>\n<\/strong><\/span><\/h2>\n<p><span style=\"font-family: Times New Roman; font-size: 12pt;\">Alle konfirmantkandidatene m\u00e5 komme til forberedelsen <strong>i St. Ansgar kirke<\/strong> onsdag 21. august 2019 kl. 15.30.<br \/>\n<\/span><\/p>\n<p><span style=\"font-family: Times New Roman; font-size: 12pt;\">Program:<br \/>\n<\/span><\/p>\n<ul>\n<li><span style=\"font-family: Times New Roman; font-size: 12pt;\">Kl. 15.30 &#8211; 17.30 &#8211; Retrett og skriftem\u00e5l for konfirmantene, foreldre og faddere<span style=\"color: #ed7d31;\"><strong>.<\/strong><\/span><br \/>\n<\/span><\/li>\n<li><span style=\"font-family: Times New Roman; font-size: 12pt;\">Det blir satt fram hamburgere, br\u00f8d og salat som dere kan forsyne dere av.<br \/>\n<\/span><\/li>\n<li><span style=\"font-family: Times New Roman; font-size: 12pt;\">Kl. 16.30 &#8211; Informasjonsm\u00f8te for foreldre og faddere i menighetssalen.<br \/>\n<\/span><\/li>\n<li><span style=\"font-family: Times New Roman; font-size: 12pt;\">Kl. 17.30 &#8211; \u00d8velse til konfirmasjonen med faddere.<br \/>\n<\/span><\/li>\n<li>\n<div><span style=\"font-family: Times New Roman; font-size: 12pt;\">Kl. 18.00 &#8211; Messe med forb\u00f8nn for konfirmanter, foreldre og faddere. Alle konfirmantkandidatene m\u00e5 delta i messen.<br \/>\n<\/span><\/div>\n<\/li>\n<\/ul>\n<h2><span style=\"font-family: Times New Roman; font-size: 12pt;\"><strong>Det er viktig at<\/strong>:<br \/>\n<\/span><\/h2>\n<ul>\n<li><span style=\"font-family: Times New Roman; font-size: 12pt;\">Faddere er med p\u00e5 \u00f8velsen til konfirmasjonsdagen onsdag 21.08. kl. 17.30.<br \/>\n<\/span><\/li>\n<li><span style=\"font-family: Times New Roman; font-size: 12pt;\">Dersom faddere ikke kan komme, m\u00e5 stedfortredere komme.<br \/>\n<\/span><\/li>\n<li><span style=\"font-family: Times New Roman; font-size: 12pt;\">Faddere m\u00e5 v\u00e6re katolikker og katolsk konfirmert.<br \/>\n<\/span><\/li>\n<\/ul>\n<h2><span style=\"font-family: Times New Roman; font-size: 12pt;\"><strong>Informasjonsm\u00f8te<br \/>\n<\/strong><\/span><\/h2>\n<p><span style=\"font-family: Times New Roman; font-size: 12pt;\">Foreldre og faddere m\u00e5 komme til et informasjonsm\u00f8te i menighetssalen <strong>i St. Ansgar menighet <\/strong>onsdag 21. august. 16.30.<strong><br \/>\n<\/strong>M\u00f8tet varer ca. 30 minutter.<br \/>\n<\/span><\/p>\n<p><strong>\u00a0\u00a0\u00a0\u00a0 <\/strong><\/p>\n<h2><span style=\"font-family: Times New Roman; font-size: 12pt;\"><strong>Konfirmasjonsdagen<br \/>\n<\/strong><\/span><span style=\"font-family: Times New Roman; font-size: 12pt;\">Konfirmasjonsmessen feires i Lund kirke, <span style=\"color: #222222;\">Marviksveien 5, 4631 Kristiansand,<\/span> l\u00f8rdag 31. august<br \/>\nkl. 11.00. <strong>M\u00f8t senest kl. 10.15.<\/strong> Vi minner om at konfirmasjonskl\u00e6rne m\u00e5 v\u00e6re passende til konfirmasjonens sakrament.<br \/>\n<\/span><\/h2>\n<p><span style=\"font-family: Times New Roman; font-size: 12pt;\">Informasjonsm\u00f8tet og forberedelsen onsdag 21. august er obligatorisk.<br \/>\n<\/span><\/p>\n<p><span style=\"font-family: Times New Roman; font-size: 12pt;\">Vel m\u00f8tt til b\u00e5de forberedelseskvelden og konfirmasjonsdagen.<br \/>\n<\/span><\/p>\n<p><span style=\"font-family: Times New Roman; font-size: 12pt;\">Lykke til med alle forberedelser i familien ogs\u00e5!<br \/>\n<\/span><\/p>\n<p><span style=\"font-family: Times New Roman; font-size: 12pt;\"><br \/>\nMed vennlig hilsen<br \/>\n<\/span><\/p>\n<p><span style=\"font-family: Times New Roman; font-size: 12pt;\">p. Louis Tien Quang Dang<br \/>\n<\/span><\/p>\n<p><span style=\"font-family: Times New Roman; font-size: 12pt;\">Sogneadministrator<\/span><\/p>\n","protected":false},"excerpt":{"rendered":"<p>Kristiansand, den 4. juni 2019 Kj\u00e6re konfirmant! L\u00f8rdag 31. august skal du motta konfirmasjonens sakrament, og det er en del ting \u00e5 forberede. Derfor ber jeg deg om \u00e5 lese dette brevet n\u00f8ye og \u00e5 vise det til dine foreldre&#8230;<br \/><a class=\"read-more-button\" href=\"https:\/\/stansgar.katolsk.no\/?p=6147\">Read more<\/a><\/p>\n","protected":false},"author":2,"featured_media":2012,"comment_status":"open","ping_status":"open","sticky":false,"template":"","format":"standard","meta":{"footnotes":""},"categories":[204],"tags":[],"class_list":["post-6147","post","type-post","status-publish","format-standard","has-post-thumbnail","hentry","category-ukategorisert-nb"],"_links":{"self":[{"href":"https:\/\/stansgar.katolsk.no\/index.php?rest_route=\/wp\/v2\/posts\/6147","targetHints":{"allow":["GET"]}}],"collection":[{"href":"https:\/\/stansgar.katolsk.no\/index.php?rest_route=\/wp\/v2\/posts"}],"about":[{"href":"https:\/\/stansgar.katolsk.no\/index.php?rest_route=\/wp\/v2\/types\/post"}],"author":[{"embeddable":true,"href":"https:\/\/stansgar.katolsk.no\/index.php?rest_route=\/wp\/v2\/users\/2"}],"replies":[{"embeddable":true,"href":"https:\/\/stansgar.katolsk.no\/index.php?rest_route=%2Fwp%2Fv2%2Fcomments&post=6147"}],"version-history":[{"count":7,"href":"https:\/\/stansgar.katolsk.no\/index.php?rest_route=\/wp\/v2\/posts\/6147\/revisions"}],"predecessor-version":[{"id":6156,"href":"https:\/\/stansgar.katolsk.no\/index.php?rest_route=\/wp\/v2\/posts\/6147\/revisions\/6156"}],"wp:featuredmedia":[{"embeddable":true,"href":"https:\/\/stansgar.katolsk.no\/index.php?rest_route=\/wp\/v2\/media\/2012"}],"wp:attachment":[{"href":"https:\/\/stansgar.katolsk.no\/index.php?rest_route=%2Fwp%2Fv2%2Fmedia&parent=6147"}],"wp:term":[{"taxonomy":"category","embeddable":true,"href":"https:\/\/stansgar.katolsk.no\/index.php?rest_route=%2Fwp%2Fv2%2Fcategories&post=6147"},{"taxonomy":"post_tag","embeddable":true,"href":"https:\/\/stansgar.katolsk.no\/index.php?rest_route=%2Fwp%2Fv2%2Ftags&post=6147"}],"curies":[{"name":"wp","href":"https:\/\/api.w.org\/{rel}","templated":true}]}}