{"id":6124,"date":"2019-06-27T16:26:25","date_gmt":"2019-06-27T14:26:25","guid":{"rendered":"http:\/\/stansgar.katolsk.no\/?p=6124"},"modified":"2019-06-27T16:27:38","modified_gmt":"2019-06-27T14:27:38","slug":"fantastisk-feiring-av-corpus-christi","status":"publish","type":"post","link":"https:\/\/stansgar.katolsk.no\/?p=6124","title":{"rendered":"Fantastisk feiring av Corpus Christi"},"content":{"rendered":"\n\t\t<style type=\"text\/css\">\n\t\t\t#gallery-1 {\n\t\t\t\tmargin: auto;\n\t\t\t}\n\t\t\t#gallery-1 .gallery-item {\n\t\t\t\tfloat: left;\n\t\t\t\tmargin-top: 10px;\n\t\t\t\ttext-align: center;\n\t\t\t\twidth: 33%;\n\t\t\t}\n\t\t\t#gallery-1 img {\n\t\t\t\tborder: 2px solid #cfcfcf;\n\t\t\t}\n\t\t\t#gallery-1 .gallery-caption {\n\t\t\t\tmargin-left: 0;\n\t\t\t}\n\t\t\t\/* see gallery_shortcode() in wp-includes\/media.php *\/\n\t\t<\/style>\n\t\t<div id='gallery-1' class='gallery galleryid-6124 gallery-columns-3 gallery-size-thumbnail'><dl class='gallery-item'>\n\t\t\t<dt class='gallery-icon landscape'>\n\t\t\t\t<a href='https:\/\/stansgar.katolsk.no\/?attachment_id=6128'><img loading=\"lazy\" decoding=\"async\" width=\"150\" height=\"150\" src=\"https:\/\/stansgar.katolsk.no\/wp-content\/uploads\/2019\/06\/Corpus-Christi-Wergelandsparken-lav-150x150.jpg\" class=\"attachment-thumbnail size-thumbnail\" alt=\"\" aria-describedby=\"gallery-1-6128\" \/><\/a>\n\t\t\t<\/dt>\n\t\t\t\t<dd class='wp-caption-text gallery-caption' id='gallery-1-6128'>\n\t\t\t\tTilbedelse i Wergelandsparken\n\t\t\t\t<\/dd><\/dl><dl class='gallery-item'>\n\t\t\t<dt class='gallery-icon landscape'>\n\t\t\t\t<a href='https:\/\/stansgar.katolsk.no\/?attachment_id=6131'><img loading=\"lazy\" decoding=\"async\" width=\"150\" height=\"150\" src=\"https:\/\/stansgar.katolsk.no\/wp-content\/uploads\/2019\/06\/Corpus-Christi-prosesjon-2-lav-150x150.jpg\" class=\"attachment-thumbnail size-thumbnail\" alt=\"\" aria-describedby=\"gallery-1-6131\" \/><\/a>\n\t\t\t<\/dt>\n\t\t\t\t<dd class='wp-caption-text gallery-caption' id='gallery-1-6131'>\n\t\t\t\tProsesjon i str\u00e5lende v\u00e6r\n\t\t\t\t<\/dd><\/dl><dl class='gallery-item'>\n\t\t\t<dt class='gallery-icon landscape'>\n\t\t\t\t<a href='https:\/\/stansgar.katolsk.no\/?attachment_id=6130'><img loading=\"lazy\" decoding=\"async\" width=\"150\" height=\"150\" src=\"https:\/\/stansgar.katolsk.no\/wp-content\/uploads\/2019\/06\/Corpus-Christi-prosesjon-lav-150x150.jpg\" class=\"attachment-thumbnail size-thumbnail\" alt=\"\" aria-describedby=\"gallery-1-6130\" \/><\/a>\n\t\t\t<\/dt>\n\t\t\t\t<dd class='wp-caption-text gallery-caption' id='gallery-1-6130'>\n\t\t\t\tVi ankommer Nupenanlegget\n\t\t\t\t<\/dd><\/dl><br style=\"clear: both\" \/><dl class='gallery-item'>\n\t\t\t<dt class='gallery-icon landscape'>\n\t\t\t\t<a href='https:\/\/stansgar.katolsk.no\/?attachment_id=6126'><img loading=\"lazy\" decoding=\"async\" width=\"150\" height=\"150\" src=\"https:\/\/stansgar.katolsk.no\/wp-content\/uploads\/2019\/06\/Corpus-Christi-Nupenanlegget-lav-150x150.jpg\" class=\"attachment-thumbnail size-thumbnail\" alt=\"\" aria-describedby=\"gallery-1-6126\" \/><\/a>\n\t\t\t<\/dt>\n\t\t\t\t<dd class='wp-caption-text gallery-caption' id='gallery-1-6126'>\n\t\t\t\tTilbedelse og b\u00f8nn for byen i Nupenanlegget\n\t\t\t\t<\/dd><\/dl><dl class='gallery-item'>\n\t\t\t<dt class='gallery-icon landscape'>\n\t\t\t\t<a href='https:\/\/stansgar.katolsk.no\/?attachment_id=6125'><img loading=\"lazy\" decoding=\"async\" width=\"150\" height=\"150\" src=\"https:\/\/stansgar.katolsk.no\/wp-content\/uploads\/2019\/06\/Corpus-Christi-bakg\u00e5rden-lav-150x150.jpg\" class=\"attachment-thumbnail size-thumbnail\" alt=\"\" aria-describedby=\"gallery-1-6125\" \/><\/a>\n\t\t\t<\/dt>\n\t\t\t\t<dd class='wp-caption-text gallery-caption' id='gallery-1-6125'>\n\t\t\t\tVelsignelse i bakg\u00e5rden\n\t\t\t\t<\/dd><\/dl><dl class='gallery-item'>\n\t\t\t<dt class='gallery-icon portrait'>\n\t\t\t\t<a href='https:\/\/stansgar.katolsk.no\/?attachment_id=6127'><img loading=\"lazy\" decoding=\"async\" width=\"150\" height=\"150\" src=\"https:\/\/stansgar.katolsk.no\/wp-content\/uploads\/2019\/06\/Corpus-Christi-feiring-bakg\u00e5rden-lav-150x150.jpg\" class=\"attachment-thumbnail size-thumbnail\" alt=\"\" aria-describedby=\"gallery-1-6127\" \/><\/a>\n\t\t\t<\/dt>\n\t\t\t\t<dd class='wp-caption-text gallery-caption' id='gallery-1-6127'>\n\t\t\t\tFeiring for hele menigheten i solskinnet\n\t\t\t\t<\/dd><\/dl><br style=\"clear: both\" \/><dl class='gallery-item'>\n\t\t\t<dt class='gallery-icon landscape'>\n\t\t\t\t<a href='https:\/\/stansgar.katolsk.no\/?attachment_id=6129'><img loading=\"lazy\" decoding=\"async\" width=\"150\" height=\"150\" src=\"https:\/\/stansgar.katolsk.no\/wp-content\/uploads\/2019\/06\/Corpus-Christi-fest-1-lav-150x150.jpg\" class=\"attachment-thumbnail size-thumbnail\" alt=\"\" aria-describedby=\"gallery-1-6129\" \/><\/a>\n\t\t\t<\/dt>\n\t\t\t\t<dd class='wp-caption-text gallery-caption' id='gallery-1-6129'>\n\t\t\t\tMye spennende mat\n\t\t\t\t<\/dd><\/dl>\n\t\t\t<br style='clear: both' \/>\n\t\t<\/div>\n\n<p>S\u00f8ndag feiret vi festen for Kristi legeme og blod i str\u00e5lende solskinn. Vi hadde en flott messe med b\u00e5de lesninger, forb\u00f8nner og sang p\u00e5 ulike spr\u00e5k. I tillegg fikk vi messefeiring med b\u00e5de vietnamesisk, polsk og eritreisk prest. Vi fortsatte med prosesjon gjennom byen med sang p\u00e5 mange forskjellige spr\u00e5k, og vi stoppet ved alter i Wergelandsparken, Nupenanlegget og i bakg\u00e5rden v\u00e5r til tilbedelse, b\u00f8nn, og evangelielesning. Etter prosesjonen feiret vi sammen i bakg\u00e5rden og fikk spise deilig mat fra mange ulike land. Tusen takk til alle som s\u00e5 velvillig har bidratt med tid, innsats, matlaging, sang og musikk, lesing, pynting, rigging, innkj\u00f8p, vasking, fotografering, ministrering, celebrering og vakthold. Og takk til alle dere som kom og gjorde dagen til en feiring av fellesskap, mangfold og v\u00e5r felles tro. Det ble en fantastisk avslutning p\u00e5 \u00e5ret og jeg er s\u00e5 stolt over \u00e5 v\u00e6re med i St. Ansgar menighet! \u00d8nsker dere alle en fantastisk sommer!<\/p>\n<p>Beste hilsen Ane<\/p>\n","protected":false},"excerpt":{"rendered":"<p>S\u00f8ndag feiret vi festen for Kristi legeme og blod i str\u00e5lende solskinn. Vi hadde en flott messe med b\u00e5de lesninger, forb\u00f8nner og sang p\u00e5 ulike spr\u00e5k. I tillegg fikk vi messefeiring med b\u00e5de vietnamesisk, polsk og eritreisk prest. Vi fortsatte&#8230;<br \/><a class=\"read-more-button\" href=\"https:\/\/stansgar.katolsk.no\/?p=6124\">Read more<\/a><\/p>\n","protected":false},"author":1,"featured_media":6128,"comment_status":"open","ping_status":"open","sticky":false,"template":"","format":"standard","meta":{"footnotes":""},"categories":[204],"tags":[],"class_list":["post-6124","post","type-post","status-publish","format-standard","has-post-thumbnail","hentry","category-ukategorisert-nb"],"_links":{"self":[{"href":"https:\/\/stansgar.katolsk.no\/index.php?rest_route=\/wp\/v2\/posts\/6124","targetHints":{"allow":["GET"]}}],"collection":[{"href":"https:\/\/stansgar.katolsk.no\/index.php?rest_route=\/wp\/v2\/posts"}],"about":[{"href":"https:\/\/stansgar.katolsk.no\/index.php?rest_route=\/wp\/v2\/types\/post"}],"author":[{"embeddable":true,"href":"https:\/\/stansgar.katolsk.no\/index.php?rest_route=\/wp\/v2\/users\/1"}],"replies":[{"embeddable":true,"href":"https:\/\/stansgar.katolsk.no\/index.php?rest_route=%2Fwp%2Fv2%2Fcomments&post=6124"}],"version-history":[{"count":1,"href":"https:\/\/stansgar.katolsk.no\/index.php?rest_route=\/wp\/v2\/posts\/6124\/revisions"}],"predecessor-version":[{"id":6132,"href":"https:\/\/stansgar.katolsk.no\/index.php?rest_route=\/wp\/v2\/posts\/6124\/revisions\/6132"}],"wp:featuredmedia":[{"embeddable":true,"href":"https:\/\/stansgar.katolsk.no\/index.php?rest_route=\/wp\/v2\/media\/6128"}],"wp:attachment":[{"href":"https:\/\/stansgar.katolsk.no\/index.php?rest_route=%2Fwp%2Fv2%2Fmedia&parent=6124"}],"wp:term":[{"taxonomy":"category","embeddable":true,"href":"https:\/\/stansgar.katolsk.no\/index.php?rest_route=%2Fwp%2Fv2%2Fcategories&post=6124"},{"taxonomy":"post_tag","embeddable":true,"href":"https:\/\/stansgar.katolsk.no\/index.php?rest_route=%2Fwp%2Fv2%2Ftags&post=6124"}],"curies":[{"name":"wp","href":"https:\/\/api.w.org\/{rel}","templated":true}]}}