{"id":612,"date":"2014-12-17T12:06:00","date_gmt":"2014-12-17T11:06:00","guid":{"rendered":"http:\/\/stansgar.katolsk.no\/index.php\/2014\/12\/17\/julen-2014-i-stansgar\/"},"modified":"2018-10-12T09:12:42","modified_gmt":"2018-10-12T07:12:42","slug":"julen-2014-i-stansgar","status":"publish","type":"post","link":"https:\/\/stansgar.katolsk.no\/?p=612","title":{"rendered":"Julen 2014 i St.Ansgar"},"content":{"rendered":"<p><b><br \/>\n<\/b><\/p>\n<p><\/p>\n<div class=\"separator\" style=\"clear: both; text-align: center;\">\n<a href=\"http:\/\/www.santiebeati.it\/immagini\/Original\/20650\/20650AH.JPG\" imageanchor=\"1\" style=\"margin-left: 1em; margin-right: 1em;\"><img loading=\"lazy\" decoding=\"async\" border=\"0\" src=\"http:\/\/www.santiebeati.it\/immagini\/Original\/20650\/20650AH.JPG\" height=\"297\" width=\"400\" \/><\/a><\/div>\n<div class=\"separator\" style=\"clear: both; text-align: center;\">\n<\/div>\n<div align=\"left\" class=\"MsoNormal\" style=\"color: #222222; font-size: 13px;\">\n<b>Mandag, 22. desember<\/b><u><\/u><u><\/u><\/div>\n<div align=\"left\" class=\"MsoNormal\" style=\"color: #222222; font-size: 13px;\">\nKl. 18.00 Messe i den ekstraordin\u00e6re form (1962-messeboken)<u><\/u><u><\/u><\/div>\n<div align=\"left\" class=\"MsoNormal\" style=\"color: #222222; font-size: 13px;\">\nAnledning til skriftem\u00e5l etter messen<\/div>\n<div align=\"left\" class=\"MsoNormal\" style=\"color: #222222; font-family: arial, sans-serif; font-size: 13px;\">\n<\/div>\n<div style=\"margin-bottom: 0px; margin-left: 0px; margin-right: 0px; margin-top: 0px;\">\n<\/div>\n<p><\/p>\n<div align=\"left\" class=\"MsoNormal\" style=\"text-align: left;\">\n<b>Lille Julaften, tirsdag 23. desember<\/b><br \/>\n&nbsp;Kl.17.00 Skriftem\u00e5l&nbsp;<\/p>\n<div class=\"MsoNormal\" style=\"background-color: white; color: #222222; line-height: 17px; margin: 0cm 0cm 10pt;\">\n&nbsp;Kl. 18.00 Messe<br \/>\nAnledning til skriftem\u00e5l ogs\u00e5 etter messen.<\/div>\n<div class=\"MsoNormal\" style=\"background-color: white; color: #222222; line-height: 17px; margin: 0cm 0cm 10pt;\">\n<\/div>\n<\/div>\n<p><b><br \/><\/b><br \/>\n<b><br \/><\/b><br \/>\n<b>Julaften, onsdag 24. desember<\/b><br \/>\nkl. 15.00 Barnemesse<br \/>\nkl. 17.00 Messe p\u00e5 vietnamesisk<br \/>\n<a href=\"http:\/\/www.santiebeati.it\/immagini\/Original\/20650\/20650C.JPG\" imageanchor=\"1\" style=\"clear: right; float: right; margin-bottom: 1em; margin-left: 1em;\"><img loading=\"lazy\" decoding=\"async\" border=\"0\" src=\"http:\/\/www.santiebeati.it\/immagini\/Original\/20650\/20650C.JPG\" height=\"400\" width=\"171\" \/><\/a>kl. 24.00 Midnattsmessen<\/p>\n<p><b>Juledagen, torsdag 25. desember &nbsp; &nbsp; &nbsp; &nbsp; &nbsp; &nbsp; &nbsp; &nbsp; &nbsp; &nbsp; &nbsp; &nbsp; &nbsp; &nbsp; &nbsp; &nbsp; &nbsp; &nbsp; &nbsp; &nbsp; &nbsp; &nbsp; &nbsp; &nbsp; &nbsp; &nbsp; &nbsp;<\/b><br \/>\nkl. 9.30. Messe p\u00e5 polsk<br \/>\nkl. 11.00 Juledagens H\u00f8ymesse<br \/>\nkl. 13.00 Messe p\u00e5 vietnamesisk<br \/>\nkl. 14.00 Messe p\u00e5 Stella Maris i Mandal<br \/>\nkl. 17.00 Messe p\u00e5 litauisk<\/p>\n<p><b>2. juledag, fredag 26. desember<\/b><br \/>\n(Den hellige Stefan)<br \/>\nkl. 9.30 &nbsp;Messe p\u00e5 polsk<br \/>\nkl. 11.00 H\u00f8ymesse<br \/>\nkl. 12.00 Messe i Farsund<br \/>\nkl. 14.00 Messe p\u00e5 polsk p\u00e5 Stella Maris i Mandal<br \/>\nkl. 16.00 Messe i Flekkefjord<\/p>\n<p>\n<b>L\u00f8rdag 27.desember&nbsp;<\/b><br \/>\nkl. 13.00 Messe<\/p>\n<p><b>S\u00f8ndag 28.desember<\/b><b>(Den hellige familie)<\/b><\/p>\n<div align=\"left\" class=\"MsoNormal\" style=\"color: #222222; font-size: 13px;\">\nKl. 9.30 messe p\u00e5 polsk<u><\/u><u><\/u><\/div>\n<div align=\"left\" class=\"MsoNormal\" style=\"color: #222222; font-size: 13px;\">\nKl. 11.00 H\u00f8ymesse<u><\/u><u><\/u><\/div>\n<div align=\"left\" class=\"MsoNormal\" style=\"color: #222222; font-size: 13px;\">\nKl. 13.00 Messe p\u00e5 vietnamesisk<u><\/u><u><\/u><\/div>\n<div align=\"left\" class=\"MsoNormal\" style=\"color: #222222; font-size: 13px;\">\nKl. 16.00 Juletrefest<u><\/u><u><\/u><\/div>\n<div align=\"left\" class=\"MsoNormal\" style=\"color: #222222; font-size: 13px;\">\nKl. 18.00 Messe<u><\/u><u><\/u><\/div>\n<div align=\"left\" class=\"MsoNormal\" style=\"color: #222222; font-size: 13px;\">\nKl. 19.00 Ungdomslagets julekonsert<\/div>\n<p>Kl. 13.00 Messe<\/p>\n<div align=\"left\" class=\"MsoNormal\" style=\"color: #222222; font-size: 13px;\">\n<b>Mandag 29. desember<\/b><u><\/u><u><\/u><\/div>\n<div align=\"left\" class=\"MsoNormal\" style=\"color: #222222; font-size: 13px;\">\nKl.18.00 Messe i den ekstraordin\u00e6re form (1962 messeboken)<u><\/u><u><\/u><\/div>\n<div align=\"left\" class=\"MsoNormal\" style=\"color: #222222; font-size: 13px;\">\n<\/div>\n<div align=\"left\" class=\"MsoNormal\" style=\"color: #222222; font-size: 13px;\">\n<b>Tirsdag 30. desember<\/b><u><\/u><u><\/u><\/div>\n<p>Kl. 18.00 messe etterfulgt av tilbedelse<b>&nbsp;<\/b><br \/>\n<b><br \/>\n<\/b><br \/>\n<b>Nytt\u00e5rsaften, onsdag 31. desember<\/b><br \/>\nkl. 17.00 Takkemesse for \u00e5ret som har g\u00e5tt.<\/p>\n<p>\n<b><br \/><\/b><br \/>\n<b><br \/><\/b><\/p>\n<p><\/p>\n<div class=\"separator\" style=\"clear: both; text-align: center;\">\n<a href=\"http:\/\/www.santiebeati.it\/immagini\/Original\/20100\/20100AF.JPG\" imageanchor=\"1\" style=\"clear: left; float: left; margin-bottom: 1em; margin-right: 1em;\"><img loading=\"lazy\" decoding=\"async\" border=\"0\" src=\"http:\/\/www.santiebeati.it\/immagini\/Original\/20100\/20100AF.JPG\" height=\"320\" width=\"210\" \/><\/a><\/div>\n<p>\n<b><br \/><\/b><br \/>\n<b><br \/><\/b><br \/>\n<b><br \/><\/b><br \/>\n<b>Julens oktavdag, torsdag 1. januar 2015, H\u00f8ytiden for Jomfru Maria.<\/b><\/p>\n<div align=\"left\" class=\"MsoNormal\" style=\"text-align: left;\">\nkl. 11.00 H\u00f8ymesse<\/div>\n<div align=\"left\" class=\"MsoNormal\" style=\"text-align: left;\">\nkl. 13.00 Messe p\u00e5 vietnamesisk<\/div>\n<div class=\"MsoNormal\" style=\"background-color: white; color: #222222; margin: 0cm 0cm 10pt;\">\n<div style=\"line-height: 17px;\">\n<b><br \/><\/b><\/div>\n<div align=\"left\" class=\"MsoNormal\" style=\"font-size: 13px; line-height: normal; margin-left: 0cm; text-indent: 0cm;\">\n<b>Fredag 2. januar<\/b>&nbsp;&nbsp;<u><\/u><u><\/u><\/div>\n<div align=\"left\" class=\"MsoNormal\" style=\"font-size: 13px; line-height: normal; margin-left: 0cm; text-indent: 0cm;\">\nKl. 17 \u2013 17.45 Tilbedelse og skriftem\u00e5l<u><\/u><u><\/u><\/div>\n<div align=\"left\" class=\"MsoNormal\" style=\"font-size: 13px; line-height: normal; margin-left: 0cm; text-indent: 0cm;\">\nKl. 18 Messe<u><\/u><u><\/u><\/div>\n<div align=\"left\" class=\"MsoNormal\" style=\"font-size: 13px; line-height: normal; margin-left: 0cm; text-indent: 0cm;\">\n<\/div>\n<div align=\"left\" class=\"MsoNormal\" style=\"font-size: 13px; line-height: normal; margin-left: 0cm; text-indent: 0cm;\">\n<b>L\u00f8rdag 3. januar&nbsp;<\/b><u><\/u><u><\/u><\/div>\n<div align=\"left\" class=\"MsoNormal\" style=\"font-size: 13px; line-height: normal; margin-left: 0cm; text-indent: 0cm;\">\nKl. 13 Messe<u><\/u><u><\/u><\/div>\n<div align=\"left\" class=\"MsoNormal\" style=\"font-size: 13px; line-height: normal; margin-left: 0cm; text-indent: 0cm;\">\n<\/div>\n<div align=\"left\" class=\"MsoNormal\" style=\"font-size: 13px; line-height: normal; margin-left: 0cm; text-indent: 0cm;\">\n<b>S\u00f8ndag 4. januar (2. s\u00f8ndag etter jul)<\/b><u><\/u><u><\/u><\/div>\n<div align=\"left\" class=\"MsoNormal\" style=\"font-size: 13px; line-height: normal; margin-left: 0cm; text-indent: 0cm;\">\nKl. 09.30 Messe p\u00e5 polsk<u><\/u><u><\/u><\/div>\n<div align=\"left\" class=\"MsoNormal\" style=\"font-size: 13px; line-height: normal; margin-left: 0cm; text-indent: 0cm;\">\nKl. 11.00 H\u00f8ymesse&nbsp;<u><\/u><u><\/u><\/div>\n<div align=\"left\" class=\"MsoNormal\" style=\"font-size: 13px; line-height: normal; margin-left: 0cm; text-indent: 0cm;\">\nKl. 13.00 Messe p\u00e5 vietnamesisk<u><\/u><u><\/u><\/div>\n<div align=\"left\" class=\"MsoNormal\" style=\"font-size: 13px; line-height: normal; margin-left: 0cm; text-indent: 0cm;\">\nKl. 18.00 Messe&nbsp;<u><\/u><u><\/u><\/div>\n<div align=\"left\" class=\"MsoNormal\" style=\"font-size: 13px; line-height: normal; margin-left: 0cm; text-indent: 0cm;\">\n<\/div>\n<div align=\"left\" class=\"MsoNormal\" style=\"font-size: 13px; line-height: normal;\">\n<b>Herrens \u00e5penbaring (epifania), tirsdag 6. januar<\/b><u><\/u><u><\/u><\/div>\n<div align=\"left\" class=\"MsoNormal\" style=\"font-size: 13px; line-height: normal;\">\nKl. 18.00 H\u00f8ymesse<\/div>\n<div style=\"line-height: 17px;\">\n<b><br \/><\/b><\/div>\n<div style=\"line-height: 17px;\">\n<b><br \/><\/b><\/div>\n<\/div>\n","protected":false},"excerpt":{"rendered":"<p>Mandag, 22. desember Kl. 18.00 Messe i den ekstraordin\u00e6re form (1962-messeboken) Anledning til skriftem\u00e5l etter messen Lille Julaften, tirsdag 23. desember &nbsp;Kl.17.00 Skriftem\u00e5l&nbsp; &nbsp;Kl. 18.00 Messe Anledning til skriftem\u00e5l ogs\u00e5 etter messen. Julaften, onsdag 24. desember kl. 15.00 Barnemesse kl&#8230;.<br \/><a class=\"read-more-button\" href=\"https:\/\/stansgar.katolsk.no\/?p=612\">Read more<\/a><\/p>\n","protected":false},"author":3,"featured_media":2540,"comment_status":"open","ping_status":"open","sticky":false,"template":"","format":"standard","meta":{"footnotes":""},"categories":[1],"tags":[45],"class_list":["post-612","post","type-post","status-publish","format-standard","has-post-thumbnail","hentry","category-ukategorisert","tag-jul"],"_links":{"self":[{"href":"https:\/\/stansgar.katolsk.no\/index.php?rest_route=\/wp\/v2\/posts\/612","targetHints":{"allow":["GET"]}}],"collection":[{"href":"https:\/\/stansgar.katolsk.no\/index.php?rest_route=\/wp\/v2\/posts"}],"about":[{"href":"https:\/\/stansgar.katolsk.no\/index.php?rest_route=\/wp\/v2\/types\/post"}],"author":[{"embeddable":true,"href":"https:\/\/stansgar.katolsk.no\/index.php?rest_route=\/wp\/v2\/users\/3"}],"replies":[{"embeddable":true,"href":"https:\/\/stansgar.katolsk.no\/index.php?rest_route=%2Fwp%2Fv2%2Fcomments&post=612"}],"version-history":[{"count":1,"href":"https:\/\/stansgar.katolsk.no\/index.php?rest_route=\/wp\/v2\/posts\/612\/revisions"}],"predecessor-version":[{"id":2539,"href":"https:\/\/stansgar.katolsk.no\/index.php?rest_route=\/wp\/v2\/posts\/612\/revisions\/2539"}],"wp:featuredmedia":[{"embeddable":true,"href":"https:\/\/stansgar.katolsk.no\/index.php?rest_route=\/wp\/v2\/media\/2540"}],"wp:attachment":[{"href":"https:\/\/stansgar.katolsk.no\/index.php?rest_route=%2Fwp%2Fv2%2Fmedia&parent=612"}],"wp:term":[{"taxonomy":"category","embeddable":true,"href":"https:\/\/stansgar.katolsk.no\/index.php?rest_route=%2Fwp%2Fv2%2Fcategories&post=612"},{"taxonomy":"post_tag","embeddable":true,"href":"https:\/\/stansgar.katolsk.no\/index.php?rest_route=%2Fwp%2Fv2%2Ftags&post=612"}],"curies":[{"name":"wp","href":"https:\/\/api.w.org\/{rel}","templated":true}]}}