{"id":6102,"date":"2019-06-08T19:10:04","date_gmt":"2019-06-08T17:10:04","guid":{"rendered":"http:\/\/stansgar.katolsk.no\/?p=6102"},"modified":"2019-06-09T09:38:20","modified_gmt":"2019-06-09T07:38:20","slug":"referat-05-06-19","status":"publish","type":"post","link":"https:\/\/stansgar.katolsk.no\/?p=6102","title":{"rendered":"Referat 05.06.19"},"content":{"rendered":"<p>Kj\u00e6re dere. Her er referat fra v\u00e5rt m\u00f8te 5. juni med menighetsr\u00e5det, representanter fra nasjonale grupper, ministrantene og korene. Vi gleder oss til Corpus Christi-feiring i fellesskap med hele menigheten!<\/p>\n<p>Beste hilsen fra p Tien og Ane<\/p>\n<p>&nbsp;<\/p>\n<p><strong>St. Ansgar menighet<\/strong><br \/>\n<strong>Menighetsr\u00e5dsm\u00f8te<\/strong><br \/>\n<strong>M\u00f8tereferat<\/strong><br \/>\n<strong>05.06.19 kl. 1845<\/strong><br \/>\nTil stede:<br \/>\nP. Quang Tien Dang, P. Dawid Banas, Ane Ugland Alb\u00e6k, Luan Van Nguyen, John Arngrim Hunnes, Jocelyn Augland, Joanna Rodziewicz, Xuat Minh Dang, Kristian Teofilovic<br \/>\nRepresentanter for nasjonale grupper, ministranter, Randi P. Birkeland deltok p\u00e5 hele m\u00f8tet<br \/>\nIkke til stede: Tinh Van Doan, Wlodzimierz Dyzma, Daniel Habtay<br \/>\nNeste m\u00f8te:<br \/>\n15.08.19, kl. 1845, KIGA<\/p>\n<p><strong>Sak 19\/19 Godkjenning av innkallelse og saksliste<\/strong><br \/>\nInnkallelse og saksliste godkjent.<\/p>\n<p><strong>Sak 20\/19 Planlegging av Corpus Christi<\/strong><br \/>\nVedtak: 23. juni feires Corpus Christi i St. Ansgar menighet. Det starter med felles messe i kirken kl. 1100. Etter messen er det prosesjon gjennom Kvadraturen m\/ stopp v\/ alter i Wergelandsparken og Otterdalsparken (Nupenparken) (evt. Tresse) samt v\/ kirken. Prosesjonen g\u00e5r opp Kirkegata og ned gjennom Markens gate. Det skal s\u00f8kes om dette. Ane er leder for prosesjon og skal holde oversikt og gi prakisk informasjon f\u00f8r og underveis.<\/p>\n<p>Ansvar for \u00e5 lage altre:<br \/>\n&#8211; Wergelandsparken: vietnamesisk gruppe<br \/>\n&#8211; Otterdalsparken: polsk gruppe<br \/>\n&#8211; St. Ansgar kirke: filippinsk gruppe (hovedansvar) med hjelp fra de \u00f8vrige sm\u00e5 gruppene.<\/p>\n<p>Lesninger: 1. lesning p\u00e5 fransk, omkved p\u00e5 norsk, 2. lesning p\u00e5 kroatisk. Evangelielesning p\u00e5 norsk. Forb\u00f8nner p\u00e5 polsk, irakisk, vietnamesisk, tigrinja, tagalog og tamil.<br \/>\nSang i messen:<br \/>\n&#8211; Offertorium: fransk<br \/>\n&#8211; Halleluja: tigrinja<br \/>\n&#8211; U\/ kommunion: vietnamesisk<br \/>\n&#8211; Etter kommunion: polsk<\/p>\n<p>Sang i prosesjonen: Sanghefte m\/ riktig rekkef\u00f8lge lages. I prosesjonen er det viktig at noen som kan spr\u00e5ket synger i mikrofon &#8211; disse g\u00e5r rett bak baldakinen. V\/ det \u00abvietnamesiske alteret\u00bb synges det vietnamesisk salme \u2013 tilsvarende v\/ det \u00abpolske alteret\u00bb.<\/p>\n<p>Mat etter prosesjon: Luan har ansvar for koordinering av dette. Det er \u00f8nskelig at mest mulig er tatt med ferdig hjemmefra for \u00e5 unng\u00e5 bruk av str\u00f8m og at sikringen g\u00e5r. Det er maks. to bord pr. gruppe. Nasjonale grupper tar kontakt med Luan snarest for \u00e5 planlegge bordplassering, bruk av kj\u00f8kken o.l.<\/p>\n<p>Tjenestegrupper (ansvar):<br \/>\n&#8211; Liturgisk gruppe: leder av ministrantlag<br \/>\n&#8211; Internasjonalt kor: kantor<br \/>\n&#8211; B\u00e6regruppe: irakisk og polsk gruppe bidrar m\/ hhv. 4 og 4-6 hver til b\u00e6ring av baldakin. Eritreisk gruppe har to til b\u00e6ring av h\u00f8yttaler.<br \/>\n&#8211; Vaktgruppe: organiserer p\u00e5 samme m\u00e5te som v\/ mariaprosesjonen i 2018. Kun voksne. Vietnamesisk gruppe og fransktalende bidrar.<\/p>\n<p><strong>Sak 21\/19 Vaskeliste og reglement for KIGA<\/strong><br \/>\nBakgrunn for saken: Som diskutert v\/ menighetsr\u00e5dsm\u00f8tet 24.04.19 har mange brukt KIGA uten \u00e5 vaske etter seg. Det har blitt behov for skriftlige rutiner for rydding og vasking etter bruk for \u00e5 kunne fortsette med gratis utleie.<\/p>\n<p>Vedtak: Et forslag til reglement har blitt lagt frem. Det godkjennes med f\u00f8lgende endring: bilde av bord og stoler m\/ korrekt plassering legges til. Reglementet trer i kraft 01.09.19.<\/p>\n<p>Annet:<br \/>\nDet skal ogs\u00e5 lages instruks for bruk av kj\u00f8kken og reglement for bruk av ungdomskjeller.<\/p>\n<p>Vi ber om at ingen barn oppholder seg i ungdomskjelleren uten tilsyn av voksne. Fordi ungdommenes steroanlegg blir \u00f8delagt og de nye m\u00f8blene blir tegnet p\u00e5.<\/p>\n<p>Vi lager ogs\u00e5 instruksjon for bruk av vaskemaskin og ovn p\u00e5 kj\u00f8kkenet i Kiga som henges p\u00e5 veggen. Det er viktig at disse brukes riktig, blant annet for \u00e5 unng\u00e5 brann.<\/p>\n<p><strong>Sak 22\/19 M\u00f8teplan h\u00f8sten 2019<\/strong><br \/>\nVedtak: Neste m\u00f8te 15.08.19 kl 18.45 sammen med alle representanter fra nasjonale grupper<br \/>\nVi dr\u00f8ftet ikke m\u00f8teplan i m\u00f8tet, men P Tien og Ane har satt opp f\u00f8lgende m\u00f8teplan for h\u00f8stens m\u00f8ter:<br \/>\n&#8211; Onsdag 15. august kl 18.45: m\u00f8te med nasjonale grupper (internasjonal dag), menighetsr\u00e5dsm\u00f8te etterp\u00e5.<br \/>\n&#8211; Onsdag 11. september kl 18.45: m\u00f8te med nasjonale grupper for \u00e5 planlegge Mariaprosesjonen. Menighetsr\u00e5dsm\u00f8te etterp\u00e5.<br \/>\n&#8211; Onsdag 9. oktober kl 18.45: menighetsr\u00e5dsm\u00f8te<br \/>\n&#8211; Onsdag 20. november kl 18.45: menighetsr\u00e5dsm\u00f8te<\/p>\n<p><strong>Sak 23\/19 Eventuelt<\/strong><br \/>\nIngen saker.<\/p>\n<p>Kristian Teofilovic<br \/>\nSign.<\/p>\n","protected":false},"excerpt":{"rendered":"<p>Kj\u00e6re dere. Her er referat fra v\u00e5rt m\u00f8te 5. juni med menighetsr\u00e5det, representanter fra nasjonale grupper, ministrantene og korene. Vi gleder oss til Corpus Christi-feiring i fellesskap med hele menigheten! Beste hilsen fra p Tien og Ane &nbsp; St. Ansgar&#8230;<br \/><a class=\"read-more-button\" href=\"https:\/\/stansgar.katolsk.no\/?p=6102\">Read more<\/a><\/p>\n","protected":false},"author":1,"featured_media":3666,"comment_status":"open","ping_status":"open","sticky":false,"template":"","format":"standard","meta":{"footnotes":""},"categories":[204],"tags":[],"class_list":["post-6102","post","type-post","status-publish","format-standard","has-post-thumbnail","hentry","category-ukategorisert-nb"],"_links":{"self":[{"href":"https:\/\/stansgar.katolsk.no\/index.php?rest_route=\/wp\/v2\/posts\/6102","targetHints":{"allow":["GET"]}}],"collection":[{"href":"https:\/\/stansgar.katolsk.no\/index.php?rest_route=\/wp\/v2\/posts"}],"about":[{"href":"https:\/\/stansgar.katolsk.no\/index.php?rest_route=\/wp\/v2\/types\/post"}],"author":[{"embeddable":true,"href":"https:\/\/stansgar.katolsk.no\/index.php?rest_route=\/wp\/v2\/users\/1"}],"replies":[{"embeddable":true,"href":"https:\/\/stansgar.katolsk.no\/index.php?rest_route=%2Fwp%2Fv2%2Fcomments&post=6102"}],"version-history":[{"count":4,"href":"https:\/\/stansgar.katolsk.no\/index.php?rest_route=\/wp\/v2\/posts\/6102\/revisions"}],"predecessor-version":[{"id":6106,"href":"https:\/\/stansgar.katolsk.no\/index.php?rest_route=\/wp\/v2\/posts\/6102\/revisions\/6106"}],"wp:featuredmedia":[{"embeddable":true,"href":"https:\/\/stansgar.katolsk.no\/index.php?rest_route=\/wp\/v2\/media\/3666"}],"wp:attachment":[{"href":"https:\/\/stansgar.katolsk.no\/index.php?rest_route=%2Fwp%2Fv2%2Fmedia&parent=6102"}],"wp:term":[{"taxonomy":"category","embeddable":true,"href":"https:\/\/stansgar.katolsk.no\/index.php?rest_route=%2Fwp%2Fv2%2Fcategories&post=6102"},{"taxonomy":"post_tag","embeddable":true,"href":"https:\/\/stansgar.katolsk.no\/index.php?rest_route=%2Fwp%2Fv2%2Ftags&post=6102"}],"curies":[{"name":"wp","href":"https:\/\/api.w.org\/{rel}","templated":true}]}}