{"id":6052,"date":"2019-05-23T14:33:55","date_gmt":"2019-05-23T12:33:55","guid":{"rendered":"http:\/\/stansgar.katolsk.no\/?p=6052"},"modified":"2019-05-23T14:33:55","modified_gmt":"2019-05-23T12:33:55","slug":"sammen-for-fellesskapet","status":"publish","type":"post","link":"https:\/\/stansgar.katolsk.no\/?p=6052","title":{"rendered":"Sammen for fellesskapet"},"content":{"rendered":"<p><em>Kj\u00e6re alle.<\/em><br \/>\n<em>Jeg har som leder av det nye menighetsr\u00e5det hatt gleden av \u00e5 m\u00f8te mange av dere i og etter ulike messer de siste ukene. Og jeg har f\u00e5tt lov \u00e5 si noen ord om menighetsr\u00e5dets arbeid og intensjoner.<\/em><em>Til de jeg enn\u00e5 ikke har hatt anledning \u00e5 hilse p\u00e5 f\u00f8lger her et lite sammendrag:<\/em><\/p>\n<p>Det nye menighetsr\u00e5det er n\u00e5 godt i gang med v\u00e5rt arbeid for menighetens beste. Vi har allerede et flott samarbeid der vi utfyller hverandre og vi har stor glede av at menighetsr\u00e5det representerer mange nasjonaliteter. Jeg vil fortelle litt om hvilke satsningsomr\u00e5der vi n\u00e5 arbeider med.<\/p>\n<p>Aller viktigst for oss er \u00e5 bygge fellesskap i menigheten. Vi har allerede mange gode fellesarrangementer i menigheten som vi \u00f8nsker \u00e5 videref\u00f8re. Og vi er i dialog med mange av menighetens grupper for \u00e5 finne ut hvordan vi kan hjelpe og berike hverandre. I tillegg \u00f8nsker vi \u00e5 utforske flere tiltak som kan styrke fellesskapet og samholdet i menigheten. Vi har noen forslag, men vil gjerne ha flere innspill og ideer fra dere alle.<\/p>\n<p>\u00c5penhet er viktig for oss og vi tror at informasjon om hverandre og hva som skjer gj\u00f8r det lettere \u00e5 bli bedre kjent. Vi jobber blant annet med \u00e5 forbedre St. Ansgar\u2019s nettside og \u00e5 \u00f8ke bruken av v\u00e5r facebook-side. En nyhet er at vi f\u00e5tt kalenderfunksjon p\u00e5 St.Ansgar&#8217;s nettside som kan gi alle lett tilgang til informasjon om menighetens arrangementer.<\/p>\n<p>B\u00e5de menighetsr\u00e5det og finansr\u00e5det jobber ogs\u00e5 for \u00e5 styrke menighetens \u00f8konomi. Vi innf\u00f8rer \u00f8kt skriftlig rapportering for \u00e5 f\u00e5 bedre oversikt over de ulike delene av \u00f8konomien, og til h\u00f8sten lanserer vi ny giverkampanje for \u00e5 kompensere for en betydelig nedgang i avtalegirobidrag de siste \u00e5rene.<\/p>\n<p>Barne- og ungdomsarbeidet st\u00e5r h\u00f8yt oppe p\u00e5 prioriteringslisten v\u00e5r. Katekesen er allerede i en god prosess med fornyelse som vi fortsetter i de kommende \u00e5r godt ledet av v\u00e5r glimrende koordinator og prestene. Vi vil ogs\u00e5 jobbe for \u00e5 utvide tilbudet til ungdommene v\u00e5re fra h\u00f8sten av.<\/p>\n<p>Som ny menighetsr\u00e5dsleder har jeg hatt gleden av \u00e5 utforske flere deler av menigheten og jeg blir b\u00e5de stolt, glad og takknemlig n\u00e5r jeg ser hvor mange engasjerte, innsatsvillige og flotte mennesker vi har her! Blant annet har jeg deltatt p\u00e5 flere messer p\u00e5 andre spr\u00e5k. Vi er privilegert som har et s\u00e5 rikt mangfold i menigheten som byr p\u00e5 kortreiste kulturopplevelser. Jeg anbefaler dere alle \u00e5 bes\u00f8ke arrangementer og messer blant andre nasjonale grupper.<\/p>\n<p>Jeg synes det var l\u00e6rerikt \u00e5 delta i messe i min egen kirke uten \u00e5 forst\u00e5 hva som ble sagt, og \u00e5 plutselig kjenne p\u00e5 f\u00f8lelsen av \u00e5 v\u00e6re en fremmed. Da tenkte jeg at vi kanskje har medlemmer som av ulike \u00e5rsaker f\u00f8ler seg fremmede eller utenfor, ogs\u00e5 selv om de kanskje forst\u00e5r spr\u00e5ket. S\u00e5 vi m\u00e5 ta vare p\u00e5 hverandre. For det jeg ogs\u00e5 opplevde som var utrolig fint, var at jeg ble s\u00e5 godt mottatt av de som var rundt meg. S\u00e5 midt i flommen av ord jeg ikke forstod f\u00f8lte jeg meg som en del av et fellesskap der vi deler det aller viktigste, nemlig v\u00e5r tro. Jeg leste nettopp at den beste kuren for usynlighet er det gode blikket. S\u00e5 n\u00e5r vi hilser hverandre med fredens tegn, kanskje vi kan hilse p\u00e5 noen vi ikke kjenner fra f\u00f8r? Smile og m\u00f8te blikket til alle rundt oss? Hilse p\u00e5 noen ukjente etter messen? Og ikke minst, smile til barna selv om de ikke klarer \u00e5 sitte stille. For de er en gave til oss alle.<\/p>\n<p>Til slutt: for \u00e5 v\u00e6re gode representanter for dere \u00f8nsker vi at dere kontakter oss med tanker, ideer og innspill. Og vi ber om deres forb\u00f8nn for oss, prestene og menigheten.<\/p>\n<p>Beste hilsen Ane<\/p>\n","protected":false},"excerpt":{"rendered":"<p>Kj\u00e6re alle. Jeg har som leder av det nye menighetsr\u00e5det hatt gleden av \u00e5 m\u00f8te mange av dere i og etter ulike messer de siste ukene. Og jeg har f\u00e5tt lov \u00e5 si noen ord om menighetsr\u00e5dets arbeid og intensjoner.Til&#8230;<br \/><a class=\"read-more-button\" href=\"https:\/\/stansgar.katolsk.no\/?p=6052\">Read more<\/a><\/p>\n","protected":false},"author":1,"featured_media":6053,"comment_status":"open","ping_status":"open","sticky":false,"template":"","format":"standard","meta":{"footnotes":""},"categories":[204],"tags":[],"class_list":["post-6052","post","type-post","status-publish","format-standard","has-post-thumbnail","hentry","category-ukategorisert-nb"],"_links":{"self":[{"href":"https:\/\/stansgar.katolsk.no\/index.php?rest_route=\/wp\/v2\/posts\/6052","targetHints":{"allow":["GET"]}}],"collection":[{"href":"https:\/\/stansgar.katolsk.no\/index.php?rest_route=\/wp\/v2\/posts"}],"about":[{"href":"https:\/\/stansgar.katolsk.no\/index.php?rest_route=\/wp\/v2\/types\/post"}],"author":[{"embeddable":true,"href":"https:\/\/stansgar.katolsk.no\/index.php?rest_route=\/wp\/v2\/users\/1"}],"replies":[{"embeddable":true,"href":"https:\/\/stansgar.katolsk.no\/index.php?rest_route=%2Fwp%2Fv2%2Fcomments&post=6052"}],"version-history":[{"count":1,"href":"https:\/\/stansgar.katolsk.no\/index.php?rest_route=\/wp\/v2\/posts\/6052\/revisions"}],"predecessor-version":[{"id":6054,"href":"https:\/\/stansgar.katolsk.no\/index.php?rest_route=\/wp\/v2\/posts\/6052\/revisions\/6054"}],"wp:featuredmedia":[{"embeddable":true,"href":"https:\/\/stansgar.katolsk.no\/index.php?rest_route=\/wp\/v2\/media\/6053"}],"wp:attachment":[{"href":"https:\/\/stansgar.katolsk.no\/index.php?rest_route=%2Fwp%2Fv2%2Fmedia&parent=6052"}],"wp:term":[{"taxonomy":"category","embeddable":true,"href":"https:\/\/stansgar.katolsk.no\/index.php?rest_route=%2Fwp%2Fv2%2Fcategories&post=6052"},{"taxonomy":"post_tag","embeddable":true,"href":"https:\/\/stansgar.katolsk.no\/index.php?rest_route=%2Fwp%2Fv2%2Ftags&post=6052"}],"curies":[{"name":"wp","href":"https:\/\/api.w.org\/{rel}","templated":true}]}}